{"id":71935,"date":"2018-03-09T23:16:42","date_gmt":"2018-03-09T23:16:42","guid":{"rendered":"https:\/\/www.deberes.net\/tesis\/sin-categoria\/el-modelo-de-libertad-condicional-espanol\/"},"modified":"2018-03-09T23:16:42","modified_gmt":"2018-03-09T23:16:42","slug":"el-modelo-de-libertad-condicional-espanol","status":"publish","type":"post","link":"https:\/\/www.deberes.net\/tesis\/ciencias-juridicas-y-derecho\/el-modelo-de-libertad-condicional-espanol\/","title":{"rendered":"El modelo de libertad condicional espa\u00f1ol"},"content":{"rendered":"<h2>Tesis doctoral de <strong> Beatriz T\u00e9bar Vilches <\/strong><\/h2>\n<p>En la presente tesis se aborda el sistema de libertad condicional espa\u00f1ol con referencia a otros sistemas de liberaci\u00f3n condicional for\u00e1neos. Este estudio se realiza desde distintas perspectivas: la hist\u00f3rica, la relativa a su justificaci\u00f3n, la jur\u00eddica y la de aplicaci\u00f3n pr\u00e1ctica.  en primer lugar, desde una perspectiva hist\u00f3rica, se trata el nacimiento de distintos sistemas de libertad condiconal en el contexto occidental, en los planos cultural, legislativo y de pr\u00e1ctica penitenciaria.  en segundo lugar, se realiza una justificaci\u00f3n de la libertad condicional por una parte, acudiendo a las principales doctrinas de justificaci\u00f3n de la pena.  por otra parte, se trata el fundamento de la libertad condicional de acuerdo a la constituci\u00f3n espa\u00f1ola de 1978, con especial atenci\u00f3n a los art\u00edculos 25.2 y 15 de dicho texto.  a continuaci\u00f3n, a luz del fundamento consitucional, se realiza un an\u00e1lisis jur\u00eddico de la instituci\u00f3n.  finalmente, respecto a la pr\u00e1ctica de la libertad condicional, se incluye un estudio emp\u00edrico cuantitativo, en el que se analiza la incidencia de una serie de variables de tipo personal, pena y penitenciario en la concesi\u00f3n de esta medida.<\/p>\n<p>&nbsp;<\/p>\n<h3>Datos acad\u00e9micos de la tesis doctoral \u00ab<strong>El modelo de libertad condicional espa\u00f1ol<\/strong>\u00ab<\/h3>\n<ul>\n<li><strong>T\u00edtulo de la tesis:<\/strong>\u00a0 El modelo de libertad condicional espa\u00f1ol <\/li>\n<li><strong>Autor:<\/strong>\u00a0 Beatriz T\u00e9bar Vilches <\/li>\n<li><strong>Universidad:<\/strong>\u00a0 Aut\u00f3noma de barcelona<\/li>\n<li><strong>Fecha de lectura de la tesis:<\/strong>\u00a0 16\/12\/2004<\/li>\n<\/ul>\n<p>&nbsp;<\/p>\n<h3>Direcci\u00f3n y tribunal<\/h3>\n<ul>\n<li><strong>Director de la tesis<\/strong>\n<ul>\n<li>Jos\u00e9 Cid Molin\u00e9<\/li>\n<\/ul>\n<\/li>\n<li><strong>Tribunal<\/strong>\n<ul>\n<li>Presidente del tribunal: mercedes Garc\u00eda ar\u00e1n <\/li>\n<li>borja Mapelli caffarena (vocal)<\/li>\n<li>Jos\u00e9 Luis Diez ripolles (vocal)<\/li>\n<li>Elena Larrauri pijoan (vocal)<\/li>\n<\/ul>\n<\/li>\n<\/ul>\n<p>&nbsp;<\/p>\n","protected":false},"excerpt":{"rendered":"<p>Tesis doctoral de Beatriz T\u00e9bar Vilches En la presente tesis se aborda el sistema de libertad condicional espa\u00f1ol con referencia [&hellip;]<\/p>\n","protected":false},"author":1,"featured_media":0,"comment_status":"open","ping_status":"open","sticky":false,"template":"","format":"standard","meta":{"site-sidebar-layout":"default","site-content-layout":"","ast-site-content-layout":"","site-content-style":"default","site-sidebar-style":"default","ast-global-header-display":"","ast-banner-title-visibility":"","ast-main-header-display":"","ast-hfb-above-header-display":"","ast-hfb-below-header-display":"","ast-hfb-mobile-header-display":"","site-post-title":"","ast-breadcrumbs-content":"","ast-featured-img":"","footer-sml-layout":"","theme-transparent-header-meta":"","adv-header-id-meta":"","stick-header-meta":"","header-above-stick-meta":"","header-main-stick-meta":"","header-below-stick-meta":"","astra-migrate-meta-layouts":"default","ast-page-background-enabled":"default","ast-page-background-meta":{"desktop":{"background-color":"var(--ast-global-color-4)","background-image":"","background-repeat":"repeat","background-position":"center center","background-size":"auto","background-attachment":"scroll","background-type":"","background-media":"","overlay-type":"","overlay-color":"","overlay-gradient":""},"tablet":{"background-color":"","background-image":"","background-repeat":"repeat","background-position":"center center","background-size":"auto","background-attachment":"scroll","background-type":"","background-media":"","overlay-type":"","overlay-color":"","overlay-gradient":""},"mobile":{"background-color":"","background-image":"","background-repeat":"repeat","background-position":"center center","background-size":"auto","background-attachment":"scroll","background-type":"","background-media":"","overlay-type":"","overlay-color":"","overlay-gradient":""}},"ast-content-background-meta":{"desktop":{"background-color":"var(--ast-global-color-5)","background-image":"","background-repeat":"repeat","background-position":"center center","background-size":"auto","background-attachment":"scroll","background-type":"","background-media":"","overlay-type":"","overlay-color":"","overlay-gradient":""},"tablet":{"background-color":"var(--ast-global-color-5)","background-image":"","background-repeat":"repeat","background-position":"center center","background-size":"auto","background-attachment":"scroll","background-type":"","background-media":"","overlay-type":"","overlay-color":"","overlay-gradient":""},"mobile":{"background-color":"var(--ast-global-color-5)","background-image":"","background-repeat":"repeat","background-position":"center center","background-size":"auto","background-attachment":"scroll","background-type":"","background-media":"","overlay-type":"","overlay-color":"","overlay-gradient":""}},"footnotes":""},"categories":[612,613,979],"tags":[156576,10953,102788,117392,10952,31134],"class_list":["post-71935","post","type-post","status-publish","format-standard","hentry","category-ciencias-juridicas-y-derecho","category-derecho-penal","category-derecho-y-legislacion-nacionales","tag-beatriz-tebar-vilches","tag-borja-mapelli-caffarena","tag-elena-larrauri-pijoan","tag-jose-cid-moline","tag-jose-luis-diez-ripolles","tag-mercedes-garcia-aran"],"_links":{"self":[{"href":"https:\/\/www.deberes.net\/tesis\/wp-json\/wp\/v2\/posts\/71935","targetHints":{"allow":["GET"]}}],"collection":[{"href":"https:\/\/www.deberes.net\/tesis\/wp-json\/wp\/v2\/posts"}],"about":[{"href":"https:\/\/www.deberes.net\/tesis\/wp-json\/wp\/v2\/types\/post"}],"author":[{"embeddable":true,"href":"https:\/\/www.deberes.net\/tesis\/wp-json\/wp\/v2\/users\/1"}],"replies":[{"embeddable":true,"href":"https:\/\/www.deberes.net\/tesis\/wp-json\/wp\/v2\/comments?post=71935"}],"version-history":[{"count":0,"href":"https:\/\/www.deberes.net\/tesis\/wp-json\/wp\/v2\/posts\/71935\/revisions"}],"wp:attachment":[{"href":"https:\/\/www.deberes.net\/tesis\/wp-json\/wp\/v2\/media?parent=71935"}],"wp:term":[{"taxonomy":"category","embeddable":true,"href":"https:\/\/www.deberes.net\/tesis\/wp-json\/wp\/v2\/categories?post=71935"},{"taxonomy":"post_tag","embeddable":true,"href":"https:\/\/www.deberes.net\/tesis\/wp-json\/wp\/v2\/tags?post=71935"}],"curies":[{"name":"wp","href":"https:\/\/api.w.org\/{rel}","templated":true}]}}