{"id":71949,"date":"2018-03-09T23:16:42","date_gmt":"2018-03-09T23:16:42","guid":{"rendered":"https:\/\/www.deberes.net\/tesis\/sin-categoria\/los-montes-publicos-en-el-sur-de-la-provincia-de-jaen\/"},"modified":"2018-03-09T23:16:42","modified_gmt":"2018-03-09T23:16:42","slug":"los-montes-publicos-en-el-sur-de-la-provincia-de-jaen","status":"publish","type":"post","link":"https:\/\/www.deberes.net\/tesis\/florestas\/los-montes-publicos-en-el-sur-de-la-provincia-de-jaen\/","title":{"rendered":"Los montes p\u00fablicos en el sur de la provincia de ja\u00e9n"},"content":{"rendered":"<h2>Tesis doctoral de <strong> Egidio Moya Garc\u00eda <\/strong><\/h2>\n<p>Estudios de los montes en r\u00e9gimen p\u00fablico de las comarcas meridionales de la provincia de ja\u00e9n, dominadas por las sierras m\u00e1gina, sierra sur y el valle del guadiana menor, durante el periodo que transcurre entre el catastro de la ensenada (1752) y la actualidad, desde una perspectiva geohist\u00f3rica. en el mismo se hace, por un lado, incidencia en la evoluci\u00f3n patrimonial de este tipo de predios, tanto del suelo, como del vuelo e infraestructuras. Y, por otro, se analizan pormenorizadamente los usos (aprovechamientos, actividades tur\u00edsticas y educacionales) y funciones (ecol\u00f3gica y socioecon\u00f3mica) que a lo largo del periodo indicado se han ido produciendo, teniendo en ambos apartados el objetivo de observar como ha dido cambiando la gesti\u00f3n de los montes.<\/p>\n<p>&nbsp;<\/p>\n<h3>Datos acad\u00e9micos de la tesis doctoral \u00ab<strong>Los montes p\u00fablicos en el sur de la provincia de ja\u00e9n<\/strong>\u00ab<\/h3>\n<ul>\n<li><strong>T\u00edtulo de la tesis:<\/strong>\u00a0 Los montes p\u00fablicos en el sur de la provincia de ja\u00e9n <\/li>\n<li><strong>Autor:<\/strong>\u00a0 Egidio Moya Garc\u00eda <\/li>\n<li><strong>Universidad:<\/strong>\u00a0 Ja\u00e9n<\/li>\n<li><strong>Fecha de lectura de la tesis:<\/strong>\u00a0 16\/12\/2004<\/li>\n<\/ul>\n<p>&nbsp;<\/p>\n<h3>Direcci\u00f3n y tribunal<\/h3>\n<ul>\n<li><strong>Director de la tesis<\/strong>\n<ul>\n<li>Eduardo Araque Jimenez<\/li>\n<\/ul>\n<\/li>\n<li><strong>Tribunal<\/strong>\n<ul>\n<li>Presidente del tribunal: Francisco Rodriguez Martinez <\/li>\n<li>Juan  Antonio M\u00e1rquez dom\u00ednguez (vocal)<\/li>\n<li> G\u00f3mez moreno Mar\u00eda  Luisa (vocal)<\/li>\n<li>cristina Montiel molina (vocal)<\/li>\n<\/ul>\n<\/li>\n<\/ul>\n<p>&nbsp;<\/p>\n","protected":false},"excerpt":{"rendered":"<p>Tesis doctoral de Egidio Moya Garc\u00eda Estudios de los montes en r\u00e9gimen p\u00fablico de las comarcas meridionales de la provincia [&hellip;]<\/p>\n","protected":false},"author":1,"featured_media":0,"comment_status":"open","ping_status":"open","sticky":false,"template":"","format":"standard","meta":{"site-sidebar-layout":"default","site-content-layout":"","ast-site-content-layout":"","site-content-style":"default","site-sidebar-style":"default","ast-global-header-display":"","ast-banner-title-visibility":"","ast-main-header-display":"","ast-hfb-above-header-display":"","ast-hfb-below-header-display":"","ast-hfb-mobile-header-display":"","site-post-title":"","ast-breadcrumbs-content":"","ast-featured-img":"","footer-sml-layout":"","theme-transparent-header-meta":"","adv-header-id-meta":"","stick-header-meta":"","header-above-stick-meta":"","header-main-stick-meta":"","header-below-stick-meta":"","astra-migrate-meta-layouts":"default","ast-page-background-enabled":"default","ast-page-background-meta":{"desktop":{"background-color":"var(--ast-global-color-4)","background-image":"","background-repeat":"repeat","background-position":"center center","background-size":"auto","background-attachment":"scroll","background-type":"","background-media":"","overlay-type":"","overlay-color":"","overlay-gradient":""},"tablet":{"background-color":"","background-image":"","background-repeat":"repeat","background-position":"center center","background-size":"auto","background-attachment":"scroll","background-type":"","background-media":"","overlay-type":"","overlay-color":"","overlay-gradient":""},"mobile":{"background-color":"","background-image":"","background-repeat":"repeat","background-position":"center center","background-size":"auto","background-attachment":"scroll","background-type":"","background-media":"","overlay-type":"","overlay-color":"","overlay-gradient":""}},"ast-content-background-meta":{"desktop":{"background-color":"var(--ast-global-color-5)","background-image":"","background-repeat":"repeat","background-position":"center center","background-size":"auto","background-attachment":"scroll","background-type":"","background-media":"","overlay-type":"","overlay-color":"","overlay-gradient":""},"tablet":{"background-color":"var(--ast-global-color-5)","background-image":"","background-repeat":"repeat","background-position":"center center","background-size":"auto","background-attachment":"scroll","background-type":"","background-media":"","overlay-type":"","overlay-color":"","overlay-gradient":""},"mobile":{"background-color":"var(--ast-global-color-5)","background-image":"","background-repeat":"repeat","background-position":"center center","background-size":"auto","background-attachment":"scroll","background-type":"","background-media":"","overlay-type":"","overlay-color":"","overlay-gradient":""}},"footnotes":""},"categories":[2002,11298,18923],"tags":[67973,22167,156601,22165,156602,66090],"class_list":["post-71949","post","type-post","status-publish","format-standard","hentry","category-florestas","category-geografia-rural","category-jaen","tag-cristina-montiel-molina","tag-eduardo-araque-jimenez","tag-egidio-moya-garcia","tag-francisco-rodriguez-Martinez","tag-gomez-moreno-maria-luisa","tag-juan-antonio-marquez-dominguez"],"_links":{"self":[{"href":"https:\/\/www.deberes.net\/tesis\/wp-json\/wp\/v2\/posts\/71949","targetHints":{"allow":["GET"]}}],"collection":[{"href":"https:\/\/www.deberes.net\/tesis\/wp-json\/wp\/v2\/posts"}],"about":[{"href":"https:\/\/www.deberes.net\/tesis\/wp-json\/wp\/v2\/types\/post"}],"author":[{"embeddable":true,"href":"https:\/\/www.deberes.net\/tesis\/wp-json\/wp\/v2\/users\/1"}],"replies":[{"embeddable":true,"href":"https:\/\/www.deberes.net\/tesis\/wp-json\/wp\/v2\/comments?post=71949"}],"version-history":[{"count":0,"href":"https:\/\/www.deberes.net\/tesis\/wp-json\/wp\/v2\/posts\/71949\/revisions"}],"wp:attachment":[{"href":"https:\/\/www.deberes.net\/tesis\/wp-json\/wp\/v2\/media?parent=71949"}],"wp:term":[{"taxonomy":"category","embeddable":true,"href":"https:\/\/www.deberes.net\/tesis\/wp-json\/wp\/v2\/categories?post=71949"},{"taxonomy":"post_tag","embeddable":true,"href":"https:\/\/www.deberes.net\/tesis\/wp-json\/wp\/v2\/tags?post=71949"}],"curies":[{"name":"wp","href":"https:\/\/api.w.org\/{rel}","templated":true}]}}