{"id":71967,"date":"2018-03-09T23:16:42","date_gmt":"2018-03-09T23:16:42","guid":{"rendered":"https:\/\/www.deberes.net\/tesis\/sin-categoria\/la-declaracio-universal-de-drets-linguistics\/"},"modified":"2018-03-09T23:16:42","modified_gmt":"2018-03-09T23:16:42","slug":"la-declaracio-universal-de-drets-linguistics","status":"publish","type":"post","link":"https:\/\/www.deberes.net\/tesis\/linguistica\/la-declaracio-universal-de-drets-linguistics\/","title":{"rendered":"La declaraci\u00f3 universal de drets ling\u00faistics"},"content":{"rendered":"<h2>Tesis doctoral de <strong> Oriol Ramon Mim\u00f3 <\/strong><\/h2>\n<p>La tesis realiza un estudio de los derechos ling\u00ed\u00bc\u00edsticos fundamentales a nivel internacional, a trav\u00e9s del an\u00e1lisis del proceso de redacci\u00f3n dela declaraci\u00f3n universal de derechos ling\u00ed\u00bc\u00edsticos, documento que sirve de base tanto para el estudio de la disciplina de derecho ling\u00ed\u00bc\u00edstico como para postular el marco normativo internacional ideal que tendr\u00eda que proteger y promocionar todas las lenguas objeto de regulaci\u00f3n y ordenaci\u00f3n a nivel internacional.<\/p>\n<p>&nbsp;<\/p>\n<h3>Datos acad\u00e9micos de la tesis doctoral \u00ab<strong>La declaraci\u00f3 universal de drets ling\u00faistics<\/strong>\u00ab<\/h3>\n<ul>\n<li><strong>T\u00edtulo de la tesis:<\/strong>\u00a0 La declaraci\u00f3 universal de drets ling\u00faistics <\/li>\n<li><strong>Autor:<\/strong>\u00a0 Oriol Ramon Mim\u00f3 <\/li>\n<li><strong>Universidad:<\/strong>\u00a0 Barcelona<\/li>\n<li><strong>Fecha de lectura de la tesis:<\/strong>\u00a0 17\/12\/2004<\/li>\n<\/ul>\n<p>&nbsp;<\/p>\n<h3>Direcci\u00f3n y tribunal<\/h3>\n<ul>\n<li><strong>Director de la tesis<\/strong>\n<ul>\n<li>Antoni Badia Margarit<\/li>\n<\/ul>\n<\/li>\n<li><strong>Tribunal<\/strong>\n<ul>\n<li>Presidente del tribunal: emili Boix fuster <\/li>\n<li> Garc\u00eda negro m. pilar (vocal)<\/li>\n<li>Miguel Pueyo paris (vocal)<\/li>\n<li>eva Pons parera (vocal)<\/li>\n<\/ul>\n<\/li>\n<\/ul>\n<p>&nbsp;<\/p>\n","protected":false},"excerpt":{"rendered":"<p>Tesis doctoral de Oriol Ramon Mim\u00f3 La tesis realiza un estudio de los derechos ling\u00ed\u00bc\u00edsticos fundamentales a nivel internacional, a [&hellip;]<\/p>\n","protected":false},"author":1,"featured_media":0,"comment_status":"open","ping_status":"open","sticky":false,"template":"","format":"standard","meta":{"site-sidebar-layout":"default","site-content-layout":"","ast-site-content-layout":"","site-content-style":"default","site-sidebar-style":"default","ast-global-header-display":"","ast-banner-title-visibility":"","ast-main-header-display":"","ast-hfb-above-header-display":"","ast-hfb-below-header-display":"","ast-hfb-mobile-header-display":"","site-post-title":"","ast-breadcrumbs-content":"","ast-featured-img":"","footer-sml-layout":"","theme-transparent-header-meta":"","adv-header-id-meta":"","stick-header-meta":"","header-above-stick-meta":"","header-main-stick-meta":"","header-below-stick-meta":"","astra-migrate-meta-layouts":"default","ast-page-background-enabled":"default","ast-page-background-meta":{"desktop":{"background-color":"var(--ast-global-color-4)","background-image":"","background-repeat":"repeat","background-position":"center center","background-size":"auto","background-attachment":"scroll","background-type":"","background-media":"","overlay-type":"","overlay-color":"","overlay-gradient":""},"tablet":{"background-color":"","background-image":"","background-repeat":"repeat","background-position":"center center","background-size":"auto","background-attachment":"scroll","background-type":"","background-media":"","overlay-type":"","overlay-color":"","overlay-gradient":""},"mobile":{"background-color":"","background-image":"","background-repeat":"repeat","background-position":"center center","background-size":"auto","background-attachment":"scroll","background-type":"","background-media":"","overlay-type":"","overlay-color":"","overlay-gradient":""}},"ast-content-background-meta":{"desktop":{"background-color":"var(--ast-global-color-5)","background-image":"","background-repeat":"repeat","background-position":"center center","background-size":"auto","background-attachment":"scroll","background-type":"","background-media":"","overlay-type":"","overlay-color":"","overlay-gradient":""},"tablet":{"background-color":"var(--ast-global-color-5)","background-image":"","background-repeat":"repeat","background-position":"center center","background-size":"auto","background-attachment":"scroll","background-type":"","background-media":"","overlay-type":"","overlay-color":"","overlay-gradient":""},"mobile":{"background-color":"var(--ast-global-color-5)","background-image":"","background-repeat":"repeat","background-position":"center center","background-size":"auto","background-attachment":"scroll","background-type":"","background-media":"","overlay-type":"","overlay-color":"","overlay-gradient":""}},"footnotes":""},"categories":[951,612,59,62,3676],"tags":[65,19843,156645,156643,156644,156642],"class_list":["post-71967","post","type-post","status-publish","format-standard","hentry","category-barcelona","category-ciencias-juridicas-y-derecho","category-linguistica","category-linguistica-sincronica","category-sociolinguistica","tag-antoni-badia-margarit","tag-emili-boix-fuster","tag-eva-pons-parera","tag-garcia-negro-m-pilar","tag-miguel-pueyo-paris","tag-oriol-ramon-mimo"],"_links":{"self":[{"href":"https:\/\/www.deberes.net\/tesis\/wp-json\/wp\/v2\/posts\/71967","targetHints":{"allow":["GET"]}}],"collection":[{"href":"https:\/\/www.deberes.net\/tesis\/wp-json\/wp\/v2\/posts"}],"about":[{"href":"https:\/\/www.deberes.net\/tesis\/wp-json\/wp\/v2\/types\/post"}],"author":[{"embeddable":true,"href":"https:\/\/www.deberes.net\/tesis\/wp-json\/wp\/v2\/users\/1"}],"replies":[{"embeddable":true,"href":"https:\/\/www.deberes.net\/tesis\/wp-json\/wp\/v2\/comments?post=71967"}],"version-history":[{"count":0,"href":"https:\/\/www.deberes.net\/tesis\/wp-json\/wp\/v2\/posts\/71967\/revisions"}],"wp:attachment":[{"href":"https:\/\/www.deberes.net\/tesis\/wp-json\/wp\/v2\/media?parent=71967"}],"wp:term":[{"taxonomy":"category","embeddable":true,"href":"https:\/\/www.deberes.net\/tesis\/wp-json\/wp\/v2\/categories?post=71967"},{"taxonomy":"post_tag","embeddable":true,"href":"https:\/\/www.deberes.net\/tesis\/wp-json\/wp\/v2\/tags?post=71967"}],"curies":[{"name":"wp","href":"https:\/\/api.w.org\/{rel}","templated":true}]}}