{"id":71996,"date":"2018-03-09T23:16:46","date_gmt":"2018-03-09T23:16:46","guid":{"rendered":"https:\/\/www.deberes.net\/tesis\/sin-categoria\/calidad-de-vida-en-pacientes-con-sindrome-de-apnea-obstructiva-del-sueno\/"},"modified":"2018-03-09T23:16:46","modified_gmt":"2018-03-09T23:16:46","slug":"calidad-de-vida-en-pacientes-con-sindrome-de-apnea-obstructiva-del-sueno","status":"publish","type":"post","link":"https:\/\/www.deberes.net\/tesis\/ciencias-medicas\/calidad-de-vida-en-pacientes-con-sindrome-de-apnea-obstructiva-del-sueno\/","title":{"rendered":"Calidad de vida en pacientes con sindrome de apnea obstructiva del sue\u00f1o"},"content":{"rendered":"<h2>Tesis doctoral de <strong>  Castell Gallud Pedro Francisco <\/strong><\/h2>\n<p>Estudio transversal que analiza el bienestar psicol\u00f3gico y la calidad de vida en enfermos con s\u00edndrome de apnea obstructiva del sue\u00f1o (saos). No se dispone a\u00fan del instrumento \u00f3ptimo (cuestionario) para valorar la calidad de vida de manera estandarizada, por lo que es aconsejable poder aplicar para cada estudio dos cuestionarios; uno gen\u00e9rico y otro espec\u00edfico, con los requisitos \u00f3ptimos de fiabilidad y validez en su estructura; incluso es imprescindible que est\u00e9n adaptados a nuestro idioma.  en la bibliograf\u00eda se evidencia que el s\u00edndrome de apnea obstructiva del sue\u00f1o es una enfermedad que representa una amenaza clara a la salud en sus aspectos f\u00edsico, psicol\u00f3gico y de relaci\u00f3n con los dem\u00e1s. As\u00ed, entre otras, podemos destacar adem\u00e1s repercusiones cardiovasculares (cardiopatias isqu\u00e9micas, hipertensi\u00f3n arterial, accidentes cerebrovascularees, bradicardias y taquicardias), respiratorias (alteraci\u00f3n intercambio gaseoso, hipertensi\u00f3n pulmonar e hipoventilaci\u00f3n), endocrinometab\u00f3licas (alteraciones en la secreci\u00f3n de determinadas hormonas como la del crecimiento), hematol\u00f3gicas (poliglobulia; provocando alteraciones microcirculatorias) y accidentes de tr\u00e1fico.  para ello se analiza la relaci\u00f3n existente entre la calidad de vida, el bienestar psicol\u00f3gico, la obesidad, accidentes de tr\u00e1fico, g\u00e9nero y nivel educativo de los pacientes con saos.  observ\u00e1ndose la existencia de correlaciones inversas significativas entre el saos y las dimensiones afecto, familiar y emocional; y correlaciones directas con las dimensiones ansiedad y depresi\u00f3n. Con respecto a la escala de somnolencia epworth encontramos correlaciones inversas significativas con la dimensi\u00f3n salud f\u00edsica y directas con la p\u00e9rdida de control. Estos resultados evidencian las propiedades evaluativas del inventario de calidad de vida (icv(-2r). Nuestros resultados indican que existe una correlaci\u00f3n significativa entre el saos y los distintos factores d<\/p>\n<p>&nbsp;<\/p>\n<h3>Datos acad\u00e9micos de la tesis doctoral \u00ab<strong>Calidad de vida en pacientes con sindrome de apnea obstructiva del sue\u00f1o<\/strong>\u00ab<\/h3>\n<ul>\n<li><strong>T\u00edtulo de la tesis:<\/strong>\u00a0 Calidad de vida en pacientes con sindrome de apnea obstructiva del sue\u00f1o <\/li>\n<li><strong>Autor:<\/strong>\u00a0  Castell Gallud Pedro Francisco <\/li>\n<li><strong>Universidad:<\/strong>\u00a0 Murcia<\/li>\n<li><strong>Fecha de lectura de la tesis:<\/strong>\u00a0 17\/12\/2004<\/li>\n<\/ul>\n<p>&nbsp;<\/p>\n<h3>Direcci\u00f3n y tribunal<\/h3>\n<ul>\n<li><strong>Director de la tesis<\/strong>\n<ul>\n<li>Fernando S\u00e1nchez Gasc\u00f3n<\/li>\n<\/ul>\n<\/li>\n<li><strong>Tribunal<\/strong>\n<ul>\n<li>Presidente del tribunal: manuel Nombela gomez <\/li>\n<li>Jos\u00e9 Luis Alvarez sala walther (vocal)<\/li>\n<li>amparo Belloch fuster (vocal)<\/li>\n<li>pere Casan clara (vocal)<\/li>\n<\/ul>\n<\/li>\n<\/ul>\n<p>&nbsp;<\/p>\n","protected":false},"excerpt":{"rendered":"<p>Tesis doctoral de Castell Gallud Pedro Francisco Estudio transversal que analiza el bienestar psicol\u00f3gico y la calidad de vida en [&hellip;]<\/p>\n","protected":false},"author":1,"featured_media":0,"comment_status":"open","ping_status":"open","sticky":false,"template":"","format":"standard","meta":{"site-sidebar-layout":"default","site-content-layout":"","ast-site-content-layout":"","site-content-style":"default","site-sidebar-style":"default","ast-global-header-display":"","ast-banner-title-visibility":"","ast-main-header-display":"","ast-hfb-above-header-display":"","ast-hfb-below-header-display":"","ast-hfb-mobile-header-display":"","site-post-title":"","ast-breadcrumbs-content":"","ast-featured-img":"","footer-sml-layout":"","theme-transparent-header-meta":"","adv-header-id-meta":"","stick-header-meta":"","header-above-stick-meta":"","header-main-stick-meta":"","header-below-stick-meta":"","astra-migrate-meta-layouts":"default","ast-page-background-enabled":"default","ast-page-background-meta":{"desktop":{"background-color":"var(--ast-global-color-4)","background-image":"","background-repeat":"repeat","background-position":"center center","background-size":"auto","background-attachment":"scroll","background-type":"","background-media":"","overlay-type":"","overlay-color":"","overlay-gradient":""},"tablet":{"background-color":"","background-image":"","background-repeat":"repeat","background-position":"center center","background-size":"auto","background-attachment":"scroll","background-type":"","background-media":"","overlay-type":"","overlay-color":"","overlay-gradient":""},"mobile":{"background-color":"","background-image":"","background-repeat":"repeat","background-position":"center center","background-size":"auto","background-attachment":"scroll","background-type":"","background-media":"","overlay-type":"","overlay-color":"","overlay-gradient":""}},"ast-content-background-meta":{"desktop":{"background-color":"var(--ast-global-color-5)","background-image":"","background-repeat":"repeat","background-position":"center center","background-size":"auto","background-attachment":"scroll","background-type":"","background-media":"","overlay-type":"","overlay-color":"","overlay-gradient":""},"tablet":{"background-color":"var(--ast-global-color-5)","background-image":"","background-repeat":"repeat","background-position":"center center","background-size":"auto","background-attachment":"scroll","background-type":"","background-media":"","overlay-type":"","overlay-color":"","overlay-gradient":""},"mobile":{"background-color":"var(--ast-global-color-5)","background-image":"","background-repeat":"repeat","background-position":"center center","background-size":"auto","background-attachment":"scroll","background-type":"","background-media":"","overlay-type":"","overlay-color":"","overlay-gradient":""}},"footnotes":""},"categories":[155,9,69,1175,139,8235,324,487],"tags":[13480,156709,7468,6075,121640,13823],"class_list":["post-71996","post","type-post","status-publish","format-standard","hentry","category-ciencias-clinicas","category-ciencias-medicas","category-enfermedades-pulmonares","category-evaluacion-y-diagnostico-en-psicologia","category-medicina-interna","category-murcia","category-psicologia","category-psicologia-clinica","tag-amparo-belloch-fuster","tag-castell-gallud-pedro-francisco","tag-fernando-sanchez-gascon","tag-jose-luis-alvarez-sala-walther","tag-manuel-nombela-gomez","tag-pere-casan-clara"],"_links":{"self":[{"href":"https:\/\/www.deberes.net\/tesis\/wp-json\/wp\/v2\/posts\/71996","targetHints":{"allow":["GET"]}}],"collection":[{"href":"https:\/\/www.deberes.net\/tesis\/wp-json\/wp\/v2\/posts"}],"about":[{"href":"https:\/\/www.deberes.net\/tesis\/wp-json\/wp\/v2\/types\/post"}],"author":[{"embeddable":true,"href":"https:\/\/www.deberes.net\/tesis\/wp-json\/wp\/v2\/users\/1"}],"replies":[{"embeddable":true,"href":"https:\/\/www.deberes.net\/tesis\/wp-json\/wp\/v2\/comments?post=71996"}],"version-history":[{"count":0,"href":"https:\/\/www.deberes.net\/tesis\/wp-json\/wp\/v2\/posts\/71996\/revisions"}],"wp:attachment":[{"href":"https:\/\/www.deberes.net\/tesis\/wp-json\/wp\/v2\/media?parent=71996"}],"wp:term":[{"taxonomy":"category","embeddable":true,"href":"https:\/\/www.deberes.net\/tesis\/wp-json\/wp\/v2\/categories?post=71996"},{"taxonomy":"post_tag","embeddable":true,"href":"https:\/\/www.deberes.net\/tesis\/wp-json\/wp\/v2\/tags?post=71996"}],"curies":[{"name":"wp","href":"https:\/\/api.w.org\/{rel}","templated":true}]}}