{"id":71999,"date":"2018-03-09T23:16:46","date_gmt":"2018-03-09T23:16:46","guid":{"rendered":"https:\/\/www.deberes.net\/tesis\/sin-categoria\/el-compositor-jesus-villa-rojo-estudio-cra%c2%adtico-de-su-pensamiento-y-su-obra\/"},"modified":"2018-03-09T23:16:46","modified_gmt":"2018-03-09T23:16:46","slug":"el-compositor-jesus-villa-rojo-estudio-cra%c2%adtico-de-su-pensamiento-y-su-obra","status":"publish","type":"post","link":"https:\/\/www.deberes.net\/tesis\/ciencias-de-las-artes-y-las-letras\/el-compositor-jesus-villa-rojo-estudio-cra%c2%adtico-de-su-pensamiento-y-su-obra\/","title":{"rendered":"El compositor jes\u00fas villa rojo: estudio cr\u00edtico de su pensamiento y su obra"},"content":{"rendered":"<h2>Tesis doctoral de <strong> Noelia Ordiz Casta\u00f1o <\/strong><\/h2>\n<p>Estudio del pensamiento musical del compositor jes\u00fas villa rojo, as\u00ed como del an\u00e1lisis de su producci\u00f3n musical.  la significaci\u00f3n de jes\u00fas villa rojo en el panorama musical espa\u00f1ol que arranca de los a\u00f1os sesenta y se desarrolla hasta la actualidad trasciende la importancia de cualquier otro compositor que aporte al a historia un cat\u00e1logo de obras mas o menos amplio.  en el caso de villa rojo, a su producci\u00f3n musical debe a\u00f1adirse la important\u00edsima labor desarrollada en el \u00e1mbito de la pedagog\u00eda musical, de la importancia y de la gesti\u00f3n.  como objetivos de la tesis, tratamos de abordar la presencia de jes\u00fas villa rojo en el contexto hist\u00f3rico-musical en el que se desenvuelven sus primeras creaciones. Estudiaremos aqu\u00ed su posici\u00f3n definida entre los compositores de su misma promoci\u00f3n cronol\u00f3gica, as\u00ed como la posibilidad de establecer un entronque generacional que conecte su creaci\u00f3n con los autores coet\u00e1neos. seguidamente se estudiar\u00e1 su cat\u00e1logo de obras con car\u00e1cter diacr\u00f3nico, estableciendo cortes sincr\u00f3nicos cuando el proceso de investigaci\u00f3n sugiera posibles conexiones entre obras producidas en etapas vitales. Junto al estudio est\u00e9tico y formal se llevar\u00e1 a cabo un an\u00e1lisis de las partituras que consideramos mas interesantes. A todo ello se a\u00f1adir\u00e1 una valoraci\u00f3n cr\u00edtica que pueda aportar una visi\u00f3n individual del cada obra y de conjunto en relaci\u00f3n al cat\u00e1logo completo. Entre los objetivos de la tesis  tambi\u00e9n de sus tratados por clarinete y estudio sobre lectura musical, m\u00fasica gr\u00e1fica nuevos sistemas de graf\u00eda.  la metodolog\u00eda toma como referente la ya empleada para la elaboraci\u00f3n del proyecto de investigaci\u00f3n previo a la tesis. Es decir, se trata de una metodolog\u00eda que incluye el procedimiento habitual para el estudio de procesos hist\u00f3ricos, as\u00ed como una metodolog\u00eda espec\u00edfica de an\u00e1lisis para abordar la producci\u00f3n musical del compositor.  la metodolog\u00eda para el an\u00e1lis<\/p>\n<p>&nbsp;<\/p>\n<h3>Datos acad\u00e9micos de la tesis doctoral \u00ab<strong>El compositor jes\u00fas villa rojo: estudio cr\u00edtico de su pensamiento y su obra<\/strong>\u00ab<\/h3>\n<ul>\n<li><strong>T\u00edtulo de la tesis:<\/strong>\u00a0 El compositor jes\u00fas villa rojo: estudio cr\u00edtico de su pensamiento y su obra <\/li>\n<li><strong>Autor:<\/strong>\u00a0 Noelia Ordiz Casta\u00f1o <\/li>\n<li><strong>Universidad:<\/strong>\u00a0 Oviedo<\/li>\n<li><strong>Fecha de lectura de la tesis:<\/strong>\u00a0 17\/12\/2004<\/li>\n<\/ul>\n<p>&nbsp;<\/p>\n<h3>Direcci\u00f3n y tribunal<\/h3>\n<ul>\n<li><strong>Director de la tesis<\/strong>\n<ul>\n<li> Cureses De La Vega Marta<\/li>\n<\/ul>\n<\/li>\n<li><strong>Tribunal<\/strong>\n<ul>\n<li>Presidente del tribunal: \u00e1ngel Medina \u00e1lvarez <\/li>\n<li>xos\u00e9 Avi\u00f1oa p\u00e9rez (vocal)<\/li>\n<li>Emilio Casars rodicio (vocal)<\/li>\n<li>gemma P\u00e9rea alduondo (vocal)<\/li>\n<\/ul>\n<\/li>\n<\/ul>\n<p>&nbsp;<\/p>\n","protected":false},"excerpt":{"rendered":"<p>Tesis doctoral de Noelia Ordiz Casta\u00f1o Estudio del pensamiento musical del compositor jes\u00fas villa rojo, as\u00ed como del an\u00e1lisis de [&hellip;]<\/p>\n","protected":false},"author":1,"featured_media":0,"comment_status":"open","ping_status":"open","sticky":false,"template":"","format":"standard","meta":{"site-sidebar-layout":"default","site-content-layout":"","ast-site-content-layout":"","site-content-style":"default","site-sidebar-style":"default","ast-global-header-display":"","ast-banner-title-visibility":"","ast-main-header-display":"","ast-hfb-above-header-display":"","ast-hfb-below-header-display":"","ast-hfb-mobile-header-display":"","site-post-title":"","ast-breadcrumbs-content":"","ast-featured-img":"","footer-sml-layout":"","theme-transparent-header-meta":"","adv-header-id-meta":"","stick-header-meta":"","header-above-stick-meta":"","header-main-stick-meta":"","header-below-stick-meta":"","astra-migrate-meta-layouts":"default","ast-page-background-enabled":"default","ast-page-background-meta":{"desktop":{"background-color":"var(--ast-global-color-4)","background-image":"","background-repeat":"repeat","background-position":"center center","background-size":"auto","background-attachment":"scroll","background-type":"","background-media":"","overlay-type":"","overlay-color":"","overlay-gradient":""},"tablet":{"background-color":"","background-image":"","background-repeat":"repeat","background-position":"center center","background-size":"auto","background-attachment":"scroll","background-type":"","background-media":"","overlay-type":"","overlay-color":"","overlay-gradient":""},"mobile":{"background-color":"","background-image":"","background-repeat":"repeat","background-position":"center center","background-size":"auto","background-attachment":"scroll","background-type":"","background-media":"","overlay-type":"","overlay-color":"","overlay-gradient":""}},"ast-content-background-meta":{"desktop":{"background-color":"var(--ast-global-color-5)","background-image":"","background-repeat":"repeat","background-position":"center center","background-size":"auto","background-attachment":"scroll","background-type":"","background-media":"","overlay-type":"","overlay-color":"","overlay-gradient":""},"tablet":{"background-color":"var(--ast-global-color-5)","background-image":"","background-repeat":"repeat","background-position":"center center","background-size":"auto","background-attachment":"scroll","background-type":"","background-media":"","overlay-type":"","overlay-color":"","overlay-gradient":""},"mobile":{"background-color":"var(--ast-global-color-5)","background-image":"","background-repeat":"repeat","background-position":"center center","background-size":"auto","background-attachment":"scroll","background-type":"","background-media":"","overlay-type":"","overlay-color":"","overlay-gradient":""}},"footnotes":""},"categories":[5190,147,199,30902,9132,8846,1111],"tags":[7635,43753,156714,156715,156713,20232],"class_list":["post-71999","post","type-post","status-publish","format-standard","hentry","category-acustica","category-ciencias-de-las-artes-y-las-letras","category-fisica","category-fisica-de-la-musica","category-musica-y-musicologia","category-oviedo","category-teoria-analisis-y-critica-de-las-bellas-artes","tag-angel-medina-alvarez","tag-cureses-de-la-vega-marta","tag-emilio-casars-rodicio","tag-gemma-perea-alduondo","tag-noelia-ordiz-castano","tag-xose-avinoa-perez"],"_links":{"self":[{"href":"https:\/\/www.deberes.net\/tesis\/wp-json\/wp\/v2\/posts\/71999","targetHints":{"allow":["GET"]}}],"collection":[{"href":"https:\/\/www.deberes.net\/tesis\/wp-json\/wp\/v2\/posts"}],"about":[{"href":"https:\/\/www.deberes.net\/tesis\/wp-json\/wp\/v2\/types\/post"}],"author":[{"embeddable":true,"href":"https:\/\/www.deberes.net\/tesis\/wp-json\/wp\/v2\/users\/1"}],"replies":[{"embeddable":true,"href":"https:\/\/www.deberes.net\/tesis\/wp-json\/wp\/v2\/comments?post=71999"}],"version-history":[{"count":0,"href":"https:\/\/www.deberes.net\/tesis\/wp-json\/wp\/v2\/posts\/71999\/revisions"}],"wp:attachment":[{"href":"https:\/\/www.deberes.net\/tesis\/wp-json\/wp\/v2\/media?parent=71999"}],"wp:term":[{"taxonomy":"category","embeddable":true,"href":"https:\/\/www.deberes.net\/tesis\/wp-json\/wp\/v2\/categories?post=71999"},{"taxonomy":"post_tag","embeddable":true,"href":"https:\/\/www.deberes.net\/tesis\/wp-json\/wp\/v2\/tags?post=71999"}],"curies":[{"name":"wp","href":"https:\/\/api.w.org\/{rel}","templated":true}]}}