{"id":72010,"date":"2018-03-09T23:16:46","date_gmt":"2018-03-09T23:16:46","guid":{"rendered":"https:\/\/www.deberes.net\/tesis\/sin-categoria\/la-competitividad-exterior-del-sector-agroalimentario-egipcio-y-el-acuerdo-de-asociacion-con-la-union-europea\/"},"modified":"2018-03-09T23:16:46","modified_gmt":"2018-03-09T23:16:46","slug":"la-competitividad-exterior-del-sector-agroalimentario-egipcio-y-el-acuerdo-de-asociacion-con-la-union-europea","status":"publish","type":"post","link":"https:\/\/www.deberes.net\/tesis\/ciencias-economicas\/la-competitividad-exterior-del-sector-agroalimentario-egipcio-y-el-acuerdo-de-asociacion-con-la-union-europea\/","title":{"rendered":"La competitividad exterior del sector agroalimentario egipcio y el acuerdo de asociaci\u00f3n con la uni\u00f3n europea."},"content":{"rendered":"<h2>Tesis doctoral de <strong>  Yehia Ibrahim Sallam Walid <\/strong><\/h2>\n<p>Esta tesis tiene por objeto explorar los efectos del acuerdo de asociaci\u00f3n firmado recientemente  entre la uni\u00f3n europea y egipto sobre el sector agroalimentario de este pais mediterraneo. Para la consecuci\u00f3n de este objetivo, se analiza la evoluci\u00f3n y la estructura del comercio exterior agroalimentario egipcio, elaborando unos indicadores de competitividad estructural, y se investiga los factores determinantes de la competitividad exterior de dicho sector.  el estudio de esta segunda parte nos lleva a aplicar un analisis de cointegraci\u00f3n, siguiendo la metodolog\u00eda porpuesta por johansen, con la estimacion de un modelo de correcci\u00f3n  multivariante.  con todo lo cual se alcanzan una conclusiones que se entiende que son suficientemente solidad y significativas.<\/p>\n<p>&nbsp;<\/p>\n<h3>Datos acad\u00e9micos de la tesis doctoral \u00ab<strong>La competitividad exterior del sector agroalimentario egipcio y el acuerdo de asociaci\u00f3n con la uni\u00f3n europea.<\/strong>\u00ab<\/h3>\n<ul>\n<li><strong>T\u00edtulo de la tesis:<\/strong>\u00a0 La competitividad exterior del sector agroalimentario egipcio y el acuerdo de asociaci\u00f3n con la uni\u00f3n europea. <\/li>\n<li><strong>Autor:<\/strong>\u00a0  Yehia Ibrahim Sallam Walid <\/li>\n<li><strong>Universidad:<\/strong>\u00a0 Universitat de val\u00e9ncia (estudi general)<\/li>\n<li><strong>Fecha de lectura de la tesis:<\/strong>\u00a0 17\/12\/2004<\/li>\n<\/ul>\n<p>&nbsp;<\/p>\n<h3>Direcci\u00f3n y tribunal<\/h3>\n<ul>\n<li><strong>Director de la tesis<\/strong>\n<ul>\n<li>Jos\u00e9 Mar\u00eda Jord\u00e1n Galduf<\/li>\n<\/ul>\n<\/li>\n<li><strong>Tribunal<\/strong>\n<ul>\n<li>Presidente del tribunal: alejandro Lorca corrons <\/li>\n<li>gonzalo Escribano frances (vocal)<\/li>\n<li> Garcia alvarez-coque Jos\u00e9 Mar\u00eda (vocal)<\/li>\n<li>Luis Vila lladosa (vocal)<\/li>\n<\/ul>\n<\/li>\n<\/ul>\n<p>&nbsp;<\/p>\n","protected":false},"excerpt":{"rendered":"<p>Tesis doctoral de Yehia Ibrahim Sallam Walid Esta tesis tiene por objeto explorar los efectos del acuerdo de asociaci\u00f3n firmado [&hellip;]<\/p>\n","protected":false},"author":1,"featured_media":0,"comment_status":"open","ping_status":"open","sticky":false,"template":"","format":"standard","meta":{"site-sidebar-layout":"default","site-content-layout":"","ast-site-content-layout":"","site-content-style":"default","site-sidebar-style":"default","ast-global-header-display":"","ast-banner-title-visibility":"","ast-main-header-display":"","ast-hfb-above-header-display":"","ast-hfb-below-header-display":"","ast-hfb-mobile-header-display":"","site-post-title":"","ast-breadcrumbs-content":"","ast-featured-img":"","footer-sml-layout":"","theme-transparent-header-meta":"","adv-header-id-meta":"","stick-header-meta":"","header-above-stick-meta":"","header-main-stick-meta":"","header-below-stick-meta":"","astra-migrate-meta-layouts":"default","ast-page-background-enabled":"default","ast-page-background-meta":{"desktop":{"background-color":"var(--ast-global-color-4)","background-image":"","background-repeat":"repeat","background-position":"center center","background-size":"auto","background-attachment":"scroll","background-type":"","background-media":"","overlay-type":"","overlay-color":"","overlay-gradient":""},"tablet":{"background-color":"","background-image":"","background-repeat":"repeat","background-position":"center center","background-size":"auto","background-attachment":"scroll","background-type":"","background-media":"","overlay-type":"","overlay-color":"","overlay-gradient":""},"mobile":{"background-color":"","background-image":"","background-repeat":"repeat","background-position":"center center","background-size":"auto","background-attachment":"scroll","background-type":"","background-media":"","overlay-type":"","overlay-color":"","overlay-gradient":""}},"ast-content-background-meta":{"desktop":{"background-color":"var(--ast-global-color-5)","background-image":"","background-repeat":"repeat","background-position":"center center","background-size":"auto","background-attachment":"scroll","background-type":"","background-media":"","overlay-type":"","overlay-color":"","overlay-gradient":""},"tablet":{"background-color":"var(--ast-global-color-5)","background-image":"","background-repeat":"repeat","background-position":"center center","background-size":"auto","background-attachment":"scroll","background-type":"","background-media":"","overlay-type":"","overlay-color":"","overlay-gradient":""},"mobile":{"background-color":"var(--ast-global-color-5)","background-image":"","background-repeat":"repeat","background-position":"center center","background-size":"auto","background-attachment":"scroll","background-type":"","background-media":"","overlay-type":"","overlay-color":"","overlay-gradient":""}},"footnotes":""},"categories":[82,910,963,84,8571],"tags":[15272,53506,66250,11698,156732,156731],"class_list":["post-72010","post","type-post","status-publish","format-standard","hentry","category-ciencias-economicas","category-economia-internacional","category-economia-sectorial","category-relaciones-comerciales-internacionales","category-sector-agroalimentario","tag-alejandro-lorca-corrons","tag-garcia-alvarez-coque-jose-maria","tag-gonzalo-escribano-frances","tag-jose-maria-jordan-galduf","tag-luis-vila-lladosa","tag-yehia-ibrahim-sallam-walid"],"_links":{"self":[{"href":"https:\/\/www.deberes.net\/tesis\/wp-json\/wp\/v2\/posts\/72010","targetHints":{"allow":["GET"]}}],"collection":[{"href":"https:\/\/www.deberes.net\/tesis\/wp-json\/wp\/v2\/posts"}],"about":[{"href":"https:\/\/www.deberes.net\/tesis\/wp-json\/wp\/v2\/types\/post"}],"author":[{"embeddable":true,"href":"https:\/\/www.deberes.net\/tesis\/wp-json\/wp\/v2\/users\/1"}],"replies":[{"embeddable":true,"href":"https:\/\/www.deberes.net\/tesis\/wp-json\/wp\/v2\/comments?post=72010"}],"version-history":[{"count":0,"href":"https:\/\/www.deberes.net\/tesis\/wp-json\/wp\/v2\/posts\/72010\/revisions"}],"wp:attachment":[{"href":"https:\/\/www.deberes.net\/tesis\/wp-json\/wp\/v2\/media?parent=72010"}],"wp:term":[{"taxonomy":"category","embeddable":true,"href":"https:\/\/www.deberes.net\/tesis\/wp-json\/wp\/v2\/categories?post=72010"},{"taxonomy":"post_tag","embeddable":true,"href":"https:\/\/www.deberes.net\/tesis\/wp-json\/wp\/v2\/tags?post=72010"}],"curies":[{"name":"wp","href":"https:\/\/api.w.org\/{rel}","templated":true}]}}