{"id":72029,"date":"2018-03-09T23:16:46","date_gmt":"2018-03-09T23:16:46","guid":{"rendered":"https:\/\/www.deberes.net\/tesis\/sin-categoria\/produccion-cienta%c2%adfica-de-la-universidad-politecnica-de-valencia-1973-2001-analisis-bibliometrico\/"},"modified":"2018-03-09T23:16:46","modified_gmt":"2018-03-09T23:16:46","slug":"produccion-cienta%c2%adfica-de-la-universidad-politecnica-de-valencia-1973-2001-analisis-bibliometrico","status":"publish","type":"post","link":"https:\/\/www.deberes.net\/tesis\/linguistica\/produccion-cienta%c2%adfica-de-la-universidad-politecnica-de-valencia-1973-2001-analisis-bibliometrico\/","title":{"rendered":"Producci\u00f3n cient\u00edfica de la universidad polit\u00e9cnica de Valencia 1973 &#8211; 2001: an\u00e1lisis bibliom\u00e9trico."},"content":{"rendered":"<h2>Tesis doctoral de <strong> Adolfo Alonso Arroyo <\/strong><\/h2>\n<p>Este estudio quiere mostrar la proyecci\u00f3n de la labor investigadora y su alcance internacional de la universidad polit\u00e9cnica de Valencia mediante el an\u00e1lisis de su producci\u00f3n cient\u00edfica desde 1973 hasta 2001 inclusive. los tipos de documentos objeto de estudio son los art\u00edculos de revista y las comunicaciones a congresos. Para ello se han consultado las principales bases de datos nacionales e internacionales.  se analizan en primer lugar, las bases de datos utilizadas, su cobertura tem\u00e1tica, la distribuci\u00f3n de los documentos recuperados, as\u00ed como el solapamiento entre ellas. De igual modo, gracias a la aplicaci\u00f3n de t\u00e9cnicas estad\u00edsticas e indicadores bibliom\u00e9tricos se estudia su productividad y distribuci\u00f3n temporal, por tipo de documento y por idioma, as\u00ed como la producci\u00f3n cient\u00edfica por autores y por departamentos, identificando los m\u00e1s productivos. Por otro lado, se estudia la distribuci\u00f3n y evoluci\u00f3n de la literatura cient\u00edfica, indicando aquellas revistas m\u00e1s utilizadas agrupadas por zonas de productividad, y la presentaci\u00f3n del indicador bibliom\u00e9trico m\u00e1s utilizado en los \u00faltimos a\u00f1os, el factor de impacto. Por \u00faltimo, se analiza el grado de colaboraci\u00f3n que se registra en los documentos publicados tanto entre autores como entre instituciones y en este \u00faltimo aspecto, tanto a nivel nacional e internacional, como por el tipo de entidad colaboradora.  los resultados indican como aspectos m\u00e1s relevantes, una amplia gama de \u00e1reas tem\u00e1ticas cubiertas, el incremento anual constante de la productividad cient\u00edfca, un pronunciado \u00edndice de colaboraci\u00f3n entre autores y un alto grado de internacionalizaci\u00f3n de la producci\u00f3n cient\u00edfica, demostrado tambi\u00e9n por el aumento de la colaboraci\u00f3n institucional, as\u00ed como la amplia participaci\u00f3n de revistas internacionales con impacto.<\/p>\n<p>&nbsp;<\/p>\n<h3>Datos acad\u00e9micos de la tesis doctoral \u00ab<strong>Producci\u00f3n cient\u00edfica de la universidad polit\u00e9cnica de Valencia 1973 &#8211; 2001: an\u00e1lisis bibliom\u00e9trico.<\/strong>\u00ab<\/h3>\n<ul>\n<li><strong>T\u00edtulo de la tesis:<\/strong>\u00a0 Producci\u00f3n cient\u00edfica de la universidad polit\u00e9cnica de Valencia 1973 &#8211; 2001: an\u00e1lisis bibliom\u00e9trico. <\/li>\n<li><strong>Autor:<\/strong>\u00a0 Adolfo Alonso Arroyo <\/li>\n<li><strong>Universidad:<\/strong>\u00a0 Polit\u00e9cnica de Valencia<\/li>\n<li><strong>Fecha de lectura de la tesis:<\/strong>\u00a0 17\/12\/2004<\/li>\n<\/ul>\n<p>&nbsp;<\/p>\n<h3>Direcci\u00f3n y tribunal<\/h3>\n<ul>\n<li><strong>Director de la tesis<\/strong>\n<ul>\n<li>Isidoro Gil Leiva<\/li>\n<\/ul>\n<\/li>\n<li><strong>Tribunal<\/strong>\n<ul>\n<li>Presidente del tribunal: vicente Hernandez garcia <\/li>\n<li>evaristo Jimenez contreras (vocal)<\/li>\n<li>elias Sanz casado (vocal)<\/li>\n<li>Mar\u00eda  francisca Abad  garcia (vocal)<\/li>\n<\/ul>\n<\/li>\n<\/ul>\n<p>&nbsp;<\/p>\n","protected":false},"excerpt":{"rendered":"<p>Tesis doctoral de Adolfo Alonso Arroyo Este estudio quiere mostrar la proyecci\u00f3n de la labor investigadora y su alcance internacional [&hellip;]<\/p>\n","protected":false},"author":1,"featured_media":0,"comment_status":"open","ping_status":"open","sticky":false,"template":"","format":"standard","meta":{"site-sidebar-layout":"default","site-content-layout":"","ast-site-content-layout":"","site-content-style":"default","site-sidebar-style":"default","ast-global-header-display":"","ast-banner-title-visibility":"","ast-main-header-display":"","ast-hfb-above-header-display":"","ast-hfb-below-header-display":"","ast-hfb-mobile-header-display":"","site-post-title":"","ast-breadcrumbs-content":"","ast-featured-img":"","footer-sml-layout":"","theme-transparent-header-meta":"","adv-header-id-meta":"","stick-header-meta":"","header-above-stick-meta":"","header-main-stick-meta":"","header-below-stick-meta":"","astra-migrate-meta-layouts":"default","ast-page-background-enabled":"default","ast-page-background-meta":{"desktop":{"background-color":"var(--ast-global-color-4)","background-image":"","background-repeat":"repeat","background-position":"center center","background-size":"auto","background-attachment":"scroll","background-type":"","background-media":"","overlay-type":"","overlay-color":"","overlay-gradient":""},"tablet":{"background-color":"","background-image":"","background-repeat":"repeat","background-position":"center center","background-size":"auto","background-attachment":"scroll","background-type":"","background-media":"","overlay-type":"","overlay-color":"","overlay-gradient":""},"mobile":{"background-color":"","background-image":"","background-repeat":"repeat","background-position":"center center","background-size":"auto","background-attachment":"scroll","background-type":"","background-media":"","overlay-type":"","overlay-color":"","overlay-gradient":""}},"ast-content-background-meta":{"desktop":{"background-color":"var(--ast-global-color-5)","background-image":"","background-repeat":"repeat","background-position":"center center","background-size":"auto","background-attachment":"scroll","background-type":"","background-media":"","overlay-type":"","overlay-color":"","overlay-gradient":""},"tablet":{"background-color":"var(--ast-global-color-5)","background-image":"","background-repeat":"repeat","background-position":"center center","background-size":"auto","background-attachment":"scroll","background-type":"","background-media":"","overlay-type":"","overlay-color":"","overlay-gradient":""},"mobile":{"background-color":"var(--ast-global-color-5)","background-image":"","background-repeat":"repeat","background-position":"center center","background-size":"auto","background-attachment":"scroll","background-type":"","background-media":"","overlay-type":"","overlay-color":"","overlay-gradient":""}},"footnotes":""},"categories":[33050,5526,328,59,60,16820,38083],"tags":[156767,36195,41107,52821,40884,16882],"class_list":["post-72029","post","type-post","status-publish","format-standard","hentry","category-bibliometria","category-documentacion","category-lenguajes-documentales","category-linguistica","category-linguistica-aplicada","category-politecnica-de-valencia","category-sumarios","tag-adolfo-alonso-arroyo","tag-elias-sanz-casado","tag-evaristo-jimenez-contreras","tag-isidoro-gil-leiva","tag-maria-francisca-abad-garcia","tag-vicente-hernandez-garcia"],"_links":{"self":[{"href":"https:\/\/www.deberes.net\/tesis\/wp-json\/wp\/v2\/posts\/72029","targetHints":{"allow":["GET"]}}],"collection":[{"href":"https:\/\/www.deberes.net\/tesis\/wp-json\/wp\/v2\/posts"}],"about":[{"href":"https:\/\/www.deberes.net\/tesis\/wp-json\/wp\/v2\/types\/post"}],"author":[{"embeddable":true,"href":"https:\/\/www.deberes.net\/tesis\/wp-json\/wp\/v2\/users\/1"}],"replies":[{"embeddable":true,"href":"https:\/\/www.deberes.net\/tesis\/wp-json\/wp\/v2\/comments?post=72029"}],"version-history":[{"count":0,"href":"https:\/\/www.deberes.net\/tesis\/wp-json\/wp\/v2\/posts\/72029\/revisions"}],"wp:attachment":[{"href":"https:\/\/www.deberes.net\/tesis\/wp-json\/wp\/v2\/media?parent=72029"}],"wp:term":[{"taxonomy":"category","embeddable":true,"href":"https:\/\/www.deberes.net\/tesis\/wp-json\/wp\/v2\/categories?post=72029"},{"taxonomy":"post_tag","embeddable":true,"href":"https:\/\/www.deberes.net\/tesis\/wp-json\/wp\/v2\/tags?post=72029"}],"curies":[{"name":"wp","href":"https:\/\/api.w.org\/{rel}","templated":true}]}}