{"id":72036,"date":"2018-03-09T23:16:46","date_gmt":"2018-03-09T23:16:46","guid":{"rendered":"https:\/\/www.deberes.net\/tesis\/sin-categoria\/educacion-intercultural-como-propuesta-para-la-educacion-bilinga%c2%bce-analisis-y-valoracion-de-un-programa-de-educacion-bilinga%c2%bce\/"},"modified":"2018-03-09T23:16:46","modified_gmt":"2018-03-09T23:16:46","slug":"educacion-intercultural-como-propuesta-para-la-educacion-bilinga%c2%bce-analisis-y-valoracion-de-un-programa-de-educacion-bilinga%c2%bce","status":"publish","type":"post","link":"https:\/\/www.deberes.net\/tesis\/linguistica\/educacion-intercultural-como-propuesta-para-la-educacion-bilinga%c2%bce-analisis-y-valoracion-de-un-programa-de-educacion-bilinga%c2%bce\/","title":{"rendered":"\u00abeducaci\u00f3n intercultural como propuesta para la educaci\u00f3n bilingue: an\u00e1lisis y valoraci\u00f3n de un programa de educaci\u00f3n bilingue\u00bb"},"content":{"rendered":"<h2>Tesis doctoral de <strong>  Plaza Almeida Mar\u00eda  Angeles <\/strong><\/h2>\n<p>La tesis aporta reflexi\u00f3n y datos en tornoa c\u00f3mo se articula diversidad cultural y ling\u00ed\u00bc\u00edstica, interculturalidad y biling\u00ed\u00bc\u00edsmo en los programas que habitualmente se desarrollan en diversos contextos comunicativos.  la hip\u00f3tesis de partida es considerar que todo programa biling\u00ed\u00bce deber\u00eda ser intercultural, ya que, ense\u00f1ar una lengua va intr\u00ednsecamente unido a trasmitir referentes culturales. Sin embargo, la realidad que nos encontramos es que por un lado est\u00e1n los programas biling\u00ed\u00bces y por otro los programas con un enfoque intercultural.  esta tesis propone un modelo que integre educaci\u00f3n biling\u00ed\u00bce y educaci\u00f3n intercultural y se concreta en el an\u00e1lisis de un programa de educaci\u00f3n biling\u00ed\u00bce en eeuu para ver en qu\u00e9 aspectos cumple los requisitos del modelo elaborado.<\/p>\n<p>&nbsp;<\/p>\n<h3>Datos acad\u00e9micos de la tesis doctoral \u00ab<strong>\u00abeducaci\u00f3n intercultural como propuesta para la educaci\u00f3n bilingue: an\u00e1lisis y valoraci\u00f3n de un programa de educaci\u00f3n bilingue\u00bb<\/strong>\u00ab<\/h3>\n<ul>\n<li><strong>T\u00edtulo de la tesis:<\/strong>\u00a0 \u00abeducaci\u00f3n intercultural como propuesta para la educaci\u00f3n bilingue: an\u00e1lisis y valoraci\u00f3n de un programa de educaci\u00f3n bilingue\u00bb <\/li>\n<li><strong>Autor:<\/strong>\u00a0  Plaza Almeida Mar\u00eda  Angeles <\/li>\n<li><strong>Universidad:<\/strong>\u00a0 Nacional de educaci\u00f3n a distancia<\/li>\n<li><strong>Fecha de lectura de la tesis:<\/strong>\u00a0 17\/12\/2004<\/li>\n<\/ul>\n<p>&nbsp;<\/p>\n<h3>Direcci\u00f3n y tribunal<\/h3>\n<ul>\n<li><strong>Director de la tesis<\/strong>\n<ul>\n<li>Mar\u00eda Teresa Aguado Odina<\/li>\n<\/ul>\n<\/li>\n<li><strong>Tribunal<\/strong>\n<ul>\n<li>Presidente del tribunal: rosario Jimenez frias <\/li>\n<li>beatriz Malik li\u00e9vano (vocal)<\/li>\n<li>bel\u00e9n Ballesteros vel\u00e1zquez (vocal)<\/li>\n<li> Bernal agudo Jos\u00e9 Luis (vocal)<\/li>\n<\/ul>\n<\/li>\n<\/ul>\n<p>&nbsp;<\/p>\n","protected":false},"excerpt":{"rendered":"<p>Tesis doctoral de Plaza Almeida Mar\u00eda Angeles La tesis aporta reflexi\u00f3n y datos en tornoa c\u00f3mo se articula diversidad cultural [&hellip;]<\/p>\n","protected":false},"author":1,"featured_media":0,"comment_status":"open","ping_status":"open","sticky":false,"template":"","format":"standard","meta":{"site-sidebar-layout":"default","site-content-layout":"","ast-site-content-layout":"","site-content-style":"default","site-sidebar-style":"default","ast-global-header-display":"","ast-banner-title-visibility":"","ast-main-header-display":"","ast-hfb-above-header-display":"","ast-hfb-below-header-display":"","ast-hfb-mobile-header-display":"","site-post-title":"","ast-breadcrumbs-content":"","ast-featured-img":"","footer-sml-layout":"","theme-transparent-header-meta":"","adv-header-id-meta":"","stick-header-meta":"","header-above-stick-meta":"","header-main-stick-meta":"","header-below-stick-meta":"","astra-migrate-meta-layouts":"default","ast-page-background-enabled":"default","ast-page-background-meta":{"desktop":{"background-color":"var(--ast-global-color-4)","background-image":"","background-repeat":"repeat","background-position":"center center","background-size":"auto","background-attachment":"scroll","background-type":"","background-media":"","overlay-type":"","overlay-color":"","overlay-gradient":""},"tablet":{"background-color":"","background-image":"","background-repeat":"repeat","background-position":"center center","background-size":"auto","background-attachment":"scroll","background-type":"","background-media":"","overlay-type":"","overlay-color":"","overlay-gradient":""},"mobile":{"background-color":"","background-image":"","background-repeat":"repeat","background-position":"center center","background-size":"auto","background-attachment":"scroll","background-type":"","background-media":"","overlay-type":"","overlay-color":"","overlay-gradient":""}},"ast-content-background-meta":{"desktop":{"background-color":"var(--ast-global-color-5)","background-image":"","background-repeat":"repeat","background-position":"center center","background-size":"auto","background-attachment":"scroll","background-type":"","background-media":"","overlay-type":"","overlay-color":"","overlay-gradient":""},"tablet":{"background-color":"var(--ast-global-color-5)","background-image":"","background-repeat":"repeat","background-position":"center center","background-size":"auto","background-attachment":"scroll","background-type":"","background-media":"","overlay-type":"","overlay-color":"","overlay-gradient":""},"mobile":{"background-color":"var(--ast-global-color-5)","background-image":"","background-repeat":"repeat","background-position":"center center","background-size":"auto","background-attachment":"scroll","background-type":"","background-media":"","overlay-type":"","overlay-color":"","overlay-gradient":""}},"footnotes":""},"categories":[12373,2623,59,60,17070,1184,1141,5714,1341],"tags":[89060,148798,67255,31485,156780,126924],"class_list":["post-72036","post","type-post","status-publish","format-standard","hentry","category-bilinguismo","category-educacion-basica","category-linguistica","category-linguistica-aplicada","category-nacional-de-educacion-a-distancia","category-organizacion-y-planificacion-de-la-educacion","category-pedagogia","category-pedagogia-comparada","category-teoria-y-metodos-educativos","tag-beatriz-malik-lievano","tag-belen-ballesteros-velazquez","tag-bernal-agudo-jose-luis","tag-maria-teresa-aguado-odina","tag-plaza-almeida-maria-angeles","tag-rosario-jimenez-frias"],"_links":{"self":[{"href":"https:\/\/www.deberes.net\/tesis\/wp-json\/wp\/v2\/posts\/72036","targetHints":{"allow":["GET"]}}],"collection":[{"href":"https:\/\/www.deberes.net\/tesis\/wp-json\/wp\/v2\/posts"}],"about":[{"href":"https:\/\/www.deberes.net\/tesis\/wp-json\/wp\/v2\/types\/post"}],"author":[{"embeddable":true,"href":"https:\/\/www.deberes.net\/tesis\/wp-json\/wp\/v2\/users\/1"}],"replies":[{"embeddable":true,"href":"https:\/\/www.deberes.net\/tesis\/wp-json\/wp\/v2\/comments?post=72036"}],"version-history":[{"count":0,"href":"https:\/\/www.deberes.net\/tesis\/wp-json\/wp\/v2\/posts\/72036\/revisions"}],"wp:attachment":[{"href":"https:\/\/www.deberes.net\/tesis\/wp-json\/wp\/v2\/media?parent=72036"}],"wp:term":[{"taxonomy":"category","embeddable":true,"href":"https:\/\/www.deberes.net\/tesis\/wp-json\/wp\/v2\/categories?post=72036"},{"taxonomy":"post_tag","embeddable":true,"href":"https:\/\/www.deberes.net\/tesis\/wp-json\/wp\/v2\/tags?post=72036"}],"curies":[{"name":"wp","href":"https:\/\/api.w.org\/{rel}","templated":true}]}}