{"id":72051,"date":"2018-03-09T23:16:46","date_gmt":"2018-03-09T23:16:46","guid":{"rendered":"https:\/\/www.deberes.net\/tesis\/sin-categoria\/ensayos-sobre-gestion-ambiental-en-la-empresa-antecedentes-y-efectos\/"},"modified":"2018-03-09T23:16:46","modified_gmt":"2018-03-09T23:16:46","slug":"ensayos-sobre-gestion-ambiental-en-la-empresa-antecedentes-y-efectos","status":"publish","type":"post","link":"https:\/\/www.deberes.net\/tesis\/ciencias-economicas\/ensayos-sobre-gestion-ambiental-en-la-empresa-antecedentes-y-efectos\/","title":{"rendered":"Ensayos sobre gestion ambiental en la empresa antecedentes y efectos"},"content":{"rendered":"<h2>Tesis doctoral de <strong> Eva Carmona Moreno <\/strong><\/h2>\n<p>El objetivo de este trabajo ha sido analizar la relaci\u00f3n entre empresa y medio ambiente. La investigaci\u00f3n la hemos dividido en tres partes. En el cap\u00edtulo 1 se analizan los antecedentes de la aplicaci\u00f3n de pr\u00e1cticas de protecci\u00f3n ambiental en las empresas y se utiliza la te\u00f3ria institucional como marco te\u00f3rico para proponer un conjunto de hip\u00f3tesis sobre el efecto de variables como la presi\u00f3n institucional, la regulaci\u00f3n, la interconexi\u00f3n con el entorno o la incertidumbre sobre el nivel de aplicaci\u00f3n de diferentes pr\u00e1cticas de protecci\u00f3n ambiental. El 2 cap\u00edtulo revisa las estrategias ambientales adoptadas por las empresas y su clasificaci\u00f3n mediante la utilizaci\u00f3n de diferentes esquemas, ,ambiental tienen en la consecuci\u00f3n por parte de las empresas las ventajas competitivas en costes o en diferenciaci\u00f3n, considerando la gesti\u00f3n de recursos humanos y la innovaci\u00f3n como activos complementarios . La base para el an\u00e1lisis de los tres cap\u00edtulos es la misma . Una muestra representativa de empresas pertenecientes al sector qu\u00edmico espa\u00f1ol.<\/p>\n<p>&nbsp;<\/p>\n<h3>Datos acad\u00e9micos de la tesis doctoral \u00ab<strong>Ensayos sobre gestion ambiental en la empresa antecedentes y efectos<\/strong>\u00ab<\/h3>\n<ul>\n<li><strong>T\u00edtulo de la tesis:<\/strong>\u00a0 Ensayos sobre gestion ambiental en la empresa antecedentes y efectos <\/li>\n<li><strong>Autor:<\/strong>\u00a0 Eva Carmona Moreno <\/li>\n<li><strong>Universidad:<\/strong>\u00a0 Almer\u00eda<\/li>\n<li><strong>Fecha de lectura de la tesis:<\/strong>\u00a0 17\/12\/2004<\/li>\n<\/ul>\n<p>&nbsp;<\/p>\n<h3>Direcci\u00f3n y tribunal<\/h3>\n<ul>\n<li><strong>Director de la tesis<\/strong>\n<ul>\n<li>Jos\u00e9 Joaquin Cespedes Lorente<\/li>\n<\/ul>\n<\/li>\n<li><strong>Tribunal<\/strong>\n<ul>\n<li>Presidente del tribunal: ram\u00f3n Valle cabrera <\/li>\n<li>Andr\u00e9s Betancor rodriguez (vocal)<\/li>\n<li>Jos\u00e9 Luis Gal\u00e1n gonz\u00e1lez (vocal)<\/li>\n<li>Juan  Alberto Aragon correa (vocal)<\/li>\n<\/ul>\n<\/li>\n<\/ul>\n<p>&nbsp;<\/p>\n","protected":false},"excerpt":{"rendered":"<p>Tesis doctoral de Eva Carmona Moreno El objetivo de este trabajo ha sido analizar la relaci\u00f3n entre empresa y medio [&hellip;]<\/p>\n","protected":false},"author":1,"featured_media":0,"comment_status":"open","ping_status":"open","sticky":false,"template":"","format":"standard","meta":{"site-sidebar-layout":"default","site-content-layout":"","ast-site-content-layout":"","site-content-style":"default","site-sidebar-style":"default","ast-global-header-display":"","ast-banner-title-visibility":"","ast-main-header-display":"","ast-hfb-above-header-display":"","ast-hfb-below-header-display":"","ast-hfb-mobile-header-display":"","site-post-title":"","ast-breadcrumbs-content":"","ast-featured-img":"","footer-sml-layout":"","theme-transparent-header-meta":"","adv-header-id-meta":"","stick-header-meta":"","header-above-stick-meta":"","header-main-stick-meta":"","header-below-stick-meta":"","astra-migrate-meta-layouts":"default","ast-page-background-enabled":"default","ast-page-background-meta":{"desktop":{"background-color":"var(--ast-global-color-4)","background-image":"","background-repeat":"repeat","background-position":"center center","background-size":"auto","background-attachment":"scroll","background-type":"","background-media":"","overlay-type":"","overlay-color":"","overlay-gradient":""},"tablet":{"background-color":"","background-image":"","background-repeat":"repeat","background-position":"center center","background-size":"auto","background-attachment":"scroll","background-type":"","background-media":"","overlay-type":"","overlay-color":"","overlay-gradient":""},"mobile":{"background-color":"","background-image":"","background-repeat":"repeat","background-position":"center center","background-size":"auto","background-attachment":"scroll","background-type":"","background-media":"","overlay-type":"","overlay-color":"","overlay-gradient":""}},"ast-content-background-meta":{"desktop":{"background-color":"var(--ast-global-color-5)","background-image":"","background-repeat":"repeat","background-position":"center center","background-size":"auto","background-attachment":"scroll","background-type":"","background-media":"","overlay-type":"","overlay-color":"","overlay-gradient":""},"tablet":{"background-color":"var(--ast-global-color-5)","background-image":"","background-repeat":"repeat","background-position":"center center","background-size":"auto","background-attachment":"scroll","background-type":"","background-media":"","overlay-type":"","overlay-color":"","overlay-gradient":""},"mobile":{"background-color":"var(--ast-global-color-5)","background-image":"","background-repeat":"repeat","background-position":"center center","background-size":"auto","background-attachment":"scroll","background-type":"","background-media":"","overlay-type":"","overlay-color":"","overlay-gradient":""}},"footnotes":""},"categories":[18909,82,1302],"tags":[22096,156802,31445,20623,64569,20622],"class_list":["post-72051","post","type-post","status-publish","format-standard","hentry","category-almeria","category-ciencias-economicas","category-organizacion-y-gestion-de-empresas","tag-andres-betancor-rodriguez","tag-eva-carmona-moreno","tag-jose-joaquin-cespedes-lorente","tag-jose-luis-galan-gonzalez","tag-juan-alberto-aragon-correa","tag-ramon-valle-cabrera"],"_links":{"self":[{"href":"https:\/\/www.deberes.net\/tesis\/wp-json\/wp\/v2\/posts\/72051","targetHints":{"allow":["GET"]}}],"collection":[{"href":"https:\/\/www.deberes.net\/tesis\/wp-json\/wp\/v2\/posts"}],"about":[{"href":"https:\/\/www.deberes.net\/tesis\/wp-json\/wp\/v2\/types\/post"}],"author":[{"embeddable":true,"href":"https:\/\/www.deberes.net\/tesis\/wp-json\/wp\/v2\/users\/1"}],"replies":[{"embeddable":true,"href":"https:\/\/www.deberes.net\/tesis\/wp-json\/wp\/v2\/comments?post=72051"}],"version-history":[{"count":0,"href":"https:\/\/www.deberes.net\/tesis\/wp-json\/wp\/v2\/posts\/72051\/revisions"}],"wp:attachment":[{"href":"https:\/\/www.deberes.net\/tesis\/wp-json\/wp\/v2\/media?parent=72051"}],"wp:term":[{"taxonomy":"category","embeddable":true,"href":"https:\/\/www.deberes.net\/tesis\/wp-json\/wp\/v2\/categories?post=72051"},{"taxonomy":"post_tag","embeddable":true,"href":"https:\/\/www.deberes.net\/tesis\/wp-json\/wp\/v2\/tags?post=72051"}],"curies":[{"name":"wp","href":"https:\/\/api.w.org\/{rel}","templated":true}]}}