{"id":72075,"date":"2018-03-09T23:16:51","date_gmt":"2018-03-09T23:16:51","guid":{"rendered":"https:\/\/www.deberes.net\/tesis\/sin-categoria\/metodologa%c2%ada-de-intervencion-nutricional-en-un-colectivo-especial-personas-con-sa%c2%adndrome-de-down\/"},"modified":"2018-03-09T23:16:51","modified_gmt":"2018-03-09T23:16:51","slug":"metodologa%c2%ada-de-intervencion-nutricional-en-un-colectivo-especial-personas-con-sa%c2%adndrome-de-down","status":"publish","type":"post","link":"https:\/\/www.deberes.net\/tesis\/ciencias-medicas\/metodologa%c2%ada-de-intervencion-nutricional-en-un-colectivo-especial-personas-con-sa%c2%adndrome-de-down\/","title":{"rendered":"Metodolog\u00eda de intervenci\u00f3n nutricional en un colectivo especial: personas con s\u00edndrome de down"},"content":{"rendered":"<h2>Tesis doctoral de <strong> Antonio Soler Mar\u00edn <\/strong><\/h2>\n<p>En esta tesis se realiza un exhaustivo estudio nutricional en 38 sujetos (23 hombres y 15 mujeres) discapacitadas intelectuales con s\u00edndrome de down con edades comprendidas entre los 16 y 38 a\u00f1os. Los sujetos estudiados pertenecen a dos centros ocupacionales de la regi\u00f3n de murcia.  debido a la alta preValencia de sobrepeso y obesidad en este colectivo especial, se realiz\u00f3 una evaluaci\u00f3n nutricional inicial (bioqu\u00edmicas, antropom\u00e9tricas y de ingesta alimentaria) y una valoraci\u00f3n del grado de actividad f\u00edsica que realizaban. Posteriormente se realiz\u00f3 un programa de educaci\u00f3n nutricional, tanto en el colectivo de personas con s\u00edndrome de down, como en los familiares y profesionales de los centros implicados.  los resultados de la valoraci\u00f3n nutricional inicial, mostraron unos valores indicadores de ingestas alimentarias inadecuadas del colectivo estudiado para los micronutrientes vitamina e, zn y cu. Adem\u00e1s, se evalu\u00f3 la posible relaci\u00f3n entre la actividad f\u00edsica, factores sociales, econ\u00f3micos y culturales del entorno del individuo con s\u00edndrome de down y su estado nutricional. tras la realizaci\u00f3n del programa de intervenci\u00f3n diet\u00e9tica con la finalidad de disminuir los grados de obesidad observados en la evaluaci\u00f3n inicial, la poblaci\u00f3n estudiada mostr\u00f3 unos mejores indicadores bioqu\u00edmicos (vit. c, e, folato, cu, zn), antropom\u00e9tricos (imc, % de grasa corporal, per\u00edmetro de la cintura, relaci\u00f3n cintura\/cadera), grado de actividad f\u00edsica y conocimientos diet\u00e9ticos alimentarios que en la situaci\u00f3n inicial. Por otra parte, tambi\u00e9n se mejoraron los h\u00e1bitos alimentarios tanto de la poblaci\u00f3n con s\u00edndrome down como de los familiares y profesionales de los centros. En esta tesis doctoral se muestra la importancia de los factores socio culturales del entorno de la persona con s\u00edndrome de down as\u00ed como de las caracter\u00edsticas de los centros estudiados en el estado nutricional del colectivo.<\/p>\n<p>&nbsp;<\/p>\n<h3>Datos acad\u00e9micos de la tesis doctoral \u00ab<strong>Metodolog\u00eda de intervenci\u00f3n nutricional en un colectivo especial: personas con s\u00edndrome de down<\/strong>\u00ab<\/h3>\n<ul>\n<li><strong>T\u00edtulo de la tesis:<\/strong>\u00a0 Metodolog\u00eda de intervenci\u00f3n nutricional en un colectivo especial: personas con s\u00edndrome de down <\/li>\n<li><strong>Autor:<\/strong>\u00a0 Antonio Soler Mar\u00edn <\/li>\n<li><strong>Universidad:<\/strong>\u00a0 Cat\u00f3lica san antonio<\/li>\n<li><strong>Fecha de lectura de la tesis:<\/strong>\u00a0 18\/12\/2004<\/li>\n<\/ul>\n<p>&nbsp;<\/p>\n<h3>Direcci\u00f3n y tribunal<\/h3>\n<ul>\n<li><strong>Director de la tesis<\/strong>\n<ul>\n<li>Jos\u00e9 Manuel Lopez Nicolas<\/li>\n<\/ul>\n<\/li>\n<li><strong>Tribunal<\/strong>\n<ul>\n<li>Presidente del tribunal: alvaro Sachez ferrer <\/li>\n<li>Carlos Gil chueca (vocal)<\/li>\n<li>Jos\u00e9 Antonio Villegas garcia (vocal)<\/li>\n<li>eduardo Segarra vicens (vocal)<\/li>\n<\/ul>\n<\/li>\n<\/ul>\n<p>&nbsp;<\/p>\n","protected":false},"excerpt":{"rendered":"<p>Tesis doctoral de Antonio Soler Mar\u00edn En esta tesis se realiza un exhaustivo estudio nutricional en 38 sujetos (23 hombres [&hellip;]<\/p>\n","protected":false},"author":1,"featured_media":0,"comment_status":"open","ping_status":"open","sticky":false,"template":"","format":"standard","meta":{"site-sidebar-layout":"default","site-content-layout":"","ast-site-content-layout":"","site-content-style":"default","site-sidebar-style":"default","ast-global-header-display":"","ast-banner-title-visibility":"","ast-main-header-display":"","ast-hfb-above-header-display":"","ast-hfb-below-header-display":"","ast-hfb-mobile-header-display":"","site-post-title":"","ast-breadcrumbs-content":"","ast-featured-img":"","footer-sml-layout":"","theme-transparent-header-meta":"","adv-header-id-meta":"","stick-header-meta":"","header-above-stick-meta":"","header-main-stick-meta":"","header-below-stick-meta":"","astra-migrate-meta-layouts":"default","ast-page-background-enabled":"default","ast-page-background-meta":{"desktop":{"background-color":"var(--ast-global-color-4)","background-image":"","background-repeat":"repeat","background-position":"center center","background-size":"auto","background-attachment":"scroll","background-type":"","background-media":"","overlay-type":"","overlay-color":"","overlay-gradient":""},"tablet":{"background-color":"","background-image":"","background-repeat":"repeat","background-position":"center center","background-size":"auto","background-attachment":"scroll","background-type":"","background-media":"","overlay-type":"","overlay-color":"","overlay-gradient":""},"mobile":{"background-color":"","background-image":"","background-repeat":"repeat","background-position":"center center","background-size":"auto","background-attachment":"scroll","background-type":"","background-media":"","overlay-type":"","overlay-color":"","overlay-gradient":""}},"ast-content-background-meta":{"desktop":{"background-color":"var(--ast-global-color-5)","background-image":"","background-repeat":"repeat","background-position":"center center","background-size":"auto","background-attachment":"scroll","background-type":"","background-media":"","overlay-type":"","overlay-color":"","overlay-gradient":""},"tablet":{"background-color":"var(--ast-global-color-5)","background-image":"","background-repeat":"repeat","background-position":"center center","background-size":"auto","background-attachment":"scroll","background-type":"","background-media":"","overlay-type":"","overlay-color":"","overlay-gradient":""},"mobile":{"background-color":"var(--ast-global-color-5)","background-image":"","background-repeat":"repeat","background-position":"center center","background-size":"auto","background-attachment":"scroll","background-type":"","background-media":"","overlay-type":"","overlay-color":"","overlay-gradient":""}},"footnotes":""},"categories":[59772,9],"tags":[156841,156840,156842,143144,61632,53810],"class_list":["post-72075","post","type-post","status-publish","format-standard","hentry","category-catolica-san-antonio","category-ciencias-medicas","tag-alvaro-sachez-ferrer","tag-antonio-soler-marin","tag-carlos-gil-chueca","tag-eduardo-segarra-vicens","tag-jose-antonio-villegas-garcia","tag-jose-manuel-lopez-nicolas"],"_links":{"self":[{"href":"https:\/\/www.deberes.net\/tesis\/wp-json\/wp\/v2\/posts\/72075","targetHints":{"allow":["GET"]}}],"collection":[{"href":"https:\/\/www.deberes.net\/tesis\/wp-json\/wp\/v2\/posts"}],"about":[{"href":"https:\/\/www.deberes.net\/tesis\/wp-json\/wp\/v2\/types\/post"}],"author":[{"embeddable":true,"href":"https:\/\/www.deberes.net\/tesis\/wp-json\/wp\/v2\/users\/1"}],"replies":[{"embeddable":true,"href":"https:\/\/www.deberes.net\/tesis\/wp-json\/wp\/v2\/comments?post=72075"}],"version-history":[{"count":0,"href":"https:\/\/www.deberes.net\/tesis\/wp-json\/wp\/v2\/posts\/72075\/revisions"}],"wp:attachment":[{"href":"https:\/\/www.deberes.net\/tesis\/wp-json\/wp\/v2\/media?parent=72075"}],"wp:term":[{"taxonomy":"category","embeddable":true,"href":"https:\/\/www.deberes.net\/tesis\/wp-json\/wp\/v2\/categories?post=72075"},{"taxonomy":"post_tag","embeddable":true,"href":"https:\/\/www.deberes.net\/tesis\/wp-json\/wp\/v2\/tags?post=72075"}],"curies":[{"name":"wp","href":"https:\/\/api.w.org\/{rel}","templated":true}]}}