{"id":72081,"date":"2018-03-09T23:16:51","date_gmt":"2018-03-09T23:16:51","guid":{"rendered":"https:\/\/www.deberes.net\/tesis\/sin-categoria\/presuncion-de-inocencia-y-carga-de-la-prueba-en-el-proceso-penal\/"},"modified":"2018-03-09T23:16:51","modified_gmt":"2018-03-09T23:16:51","slug":"presuncion-de-inocencia-y-carga-de-la-prueba-en-el-proceso-penal","status":"publish","type":"post","link":"https:\/\/www.deberes.net\/tesis\/ciencias-juridicas-y-derecho\/presuncion-de-inocencia-y-carga-de-la-prueba-en-el-proceso-penal\/","title":{"rendered":"Presunci\u00f3n de inocencia y carga de la prueba en el proceso penal."},"content":{"rendered":"<h2>Tesis doctoral de <strong> Mercedes Fern\u00e1ndez L\u00f3pez <\/strong><\/h2>\n<p>El trabajo est\u00e1 dedicado al estudio de la carga de la prueba en el proceso penal, para lo cual se analizan, en primer lugar, aspectos generales de la actividad probatoria que influyen de manera directa sobre la carga de la prueba, como es el caso de los conceptos de prueba, objeto y tema de prueba, siempre teniendo en cuenta las particularidades que \u00e9stos presentan en el proceso penal. En segundo lugar, tambi\u00e9n para contextualizar el objeto de estudio, se analiza el modo en que se configuran las cargas procesales, entre las que destaca por su importancia la carga de la prueba. Las manifestaciones de esta \u00faltima (carga de la prueba formal y material), son objeto as\u00ed mismo de un detenido estudio, en el que destaca el an\u00e1lisis de las relaciones que cabe establecer entre el ejercicio de la carga de la prueba formal y el derecho a utilizar los medios de prueba pertinentes para la defensa previsto en el art\u00edculo 24.2 ce. En tercer lugar, se analiza en profundidad el derecho constitucional a la presunci\u00f3n de inocencia, punto de referencia ineludible en el estudio de la carga de la prueba penal, comenzando por la evoluci\u00f3n hist\u00f3rica de su vigencia en nuestro sistema jur\u00eddico y siguiendo con sus distintas manifestaciones, con especial referencia a su funci\u00f3n como regla de tratamiento del imputado y como regla probatoria.En cuarto lugar, se analiza la carga de la prueba material en el proceso penal, con especial referencia a las consecuencias de la falta de prueba de hechos favorables a la defensa (fundamentalmente de eximentes y atenuantes). Para ello se dedica un amplio estudio al modo en el que se resuelve esta cuesti\u00f3n en el derecho italiano, en el que se llega a una soluci\u00f3n claramente distinta a la mantenida por nuestros tribunales. A partir de \u00e9l (y de una interpretaci\u00f3n m\u00e1s amplia del derecho a la presunci\u00f3n de inocencia), se realiza una revisi\u00f3n de aqu\u00e9lla con propuestas de lege ferenda al respecto. As\u00ed mismo, se aborda<\/p>\n<p>&nbsp;<\/p>\n<h3>Datos acad\u00e9micos de la tesis doctoral \u00ab<strong>Presunci\u00f3n de inocencia y carga de la prueba en el proceso penal.<\/strong>\u00ab<\/h3>\n<ul>\n<li><strong>T\u00edtulo de la tesis:<\/strong>\u00a0 Presunci\u00f3n de inocencia y carga de la prueba en el proceso penal. <\/li>\n<li><strong>Autor:<\/strong>\u00a0 Mercedes Fern\u00e1ndez L\u00f3pez <\/li>\n<li><strong>Universidad:<\/strong>\u00a0 Alicante<\/li>\n<li><strong>Fecha de lectura de la tesis:<\/strong>\u00a0 20\/12\/2004<\/li>\n<\/ul>\n<p>&nbsp;<\/p>\n<h3>Direcci\u00f3n y tribunal<\/h3>\n<ul>\n<li><strong>Director de la tesis<\/strong>\n<ul>\n<li>Jos\u00e9 Mar\u00eda Asencio Mellado<\/li>\n<\/ul>\n<\/li>\n<li><strong>Tribunal<\/strong>\n<ul>\n<li>Presidente del tribunal: vicente Gimeno sendra <\/li>\n<li>Juan  Luis Gomez colomer (vocal)<\/li>\n<li>Jos\u00e9 de los santos Martin ostos (vocal)<\/li>\n<li>carmen Senes motilla (vocal)<\/li>\n<\/ul>\n<\/li>\n<\/ul>\n<p>&nbsp;<\/p>\n","protected":false},"excerpt":{"rendered":"<p>Tesis doctoral de Mercedes Fern\u00e1ndez L\u00f3pez El trabajo est\u00e1 dedicado al estudio de la carga de la prueba en el [&hellip;]<\/p>\n","protected":false},"author":1,"featured_media":0,"comment_status":"open","ping_status":"open","sticky":false,"template":"","format":"standard","meta":{"site-sidebar-layout":"default","site-content-layout":"","ast-site-content-layout":"","site-content-style":"default","site-sidebar-style":"default","ast-global-header-display":"","ast-banner-title-visibility":"","ast-main-header-display":"","ast-hfb-above-header-display":"","ast-hfb-below-header-display":"","ast-hfb-mobile-header-display":"","site-post-title":"","ast-breadcrumbs-content":"","ast-featured-img":"","footer-sml-layout":"","theme-transparent-header-meta":"","adv-header-id-meta":"","stick-header-meta":"","header-above-stick-meta":"","header-main-stick-meta":"","header-below-stick-meta":"","astra-migrate-meta-layouts":"default","ast-page-background-enabled":"default","ast-page-background-meta":{"desktop":{"background-color":"var(--ast-global-color-4)","background-image":"","background-repeat":"repeat","background-position":"center center","background-size":"auto","background-attachment":"scroll","background-type":"","background-media":"","overlay-type":"","overlay-color":"","overlay-gradient":""},"tablet":{"background-color":"","background-image":"","background-repeat":"repeat","background-position":"center center","background-size":"auto","background-attachment":"scroll","background-type":"","background-media":"","overlay-type":"","overlay-color":"","overlay-gradient":""},"mobile":{"background-color":"","background-image":"","background-repeat":"repeat","background-position":"center center","background-size":"auto","background-attachment":"scroll","background-type":"","background-media":"","overlay-type":"","overlay-color":"","overlay-gradient":""}},"ast-content-background-meta":{"desktop":{"background-color":"var(--ast-global-color-5)","background-image":"","background-repeat":"repeat","background-position":"center center","background-size":"auto","background-attachment":"scroll","background-type":"","background-media":"","overlay-type":"","overlay-color":"","overlay-gradient":""},"tablet":{"background-color":"var(--ast-global-color-5)","background-image":"","background-repeat":"repeat","background-position":"center center","background-size":"auto","background-attachment":"scroll","background-type":"","background-media":"","overlay-type":"","overlay-color":"","overlay-gradient":""},"mobile":{"background-color":"var(--ast-global-color-5)","background-image":"","background-repeat":"repeat","background-position":"center center","background-size":"auto","background-attachment":"scroll","background-type":"","background-media":"","overlay-type":"","overlay-color":"","overlay-gradient":""}},"footnotes":""},"categories":[19166,612,4927,3620,3621,3193,5899],"tags":[35365,9158,26180,18730,148424,9702],"class_list":["post-72081","post","type-post","status-publish","format-standard","hentry","category-alicante","category-ciencias-juridicas-y-derecho","category-derecho-comparado","category-derecho-procesal","category-organizacion-juridica","category-teoria-y-metodos-generales-del-derecho","category-tribunales","tag-carmen-senes-motilla","tag-jose-de-los-santos-martin-ostos","tag-jose-maria-asencio-mellado","tag-juan-luis-gomez-colomer","tag-mercedes-fernandez-lopez","tag-vicente-gimeno-sendra"],"_links":{"self":[{"href":"https:\/\/www.deberes.net\/tesis\/wp-json\/wp\/v2\/posts\/72081","targetHints":{"allow":["GET"]}}],"collection":[{"href":"https:\/\/www.deberes.net\/tesis\/wp-json\/wp\/v2\/posts"}],"about":[{"href":"https:\/\/www.deberes.net\/tesis\/wp-json\/wp\/v2\/types\/post"}],"author":[{"embeddable":true,"href":"https:\/\/www.deberes.net\/tesis\/wp-json\/wp\/v2\/users\/1"}],"replies":[{"embeddable":true,"href":"https:\/\/www.deberes.net\/tesis\/wp-json\/wp\/v2\/comments?post=72081"}],"version-history":[{"count":0,"href":"https:\/\/www.deberes.net\/tesis\/wp-json\/wp\/v2\/posts\/72081\/revisions"}],"wp:attachment":[{"href":"https:\/\/www.deberes.net\/tesis\/wp-json\/wp\/v2\/media?parent=72081"}],"wp:term":[{"taxonomy":"category","embeddable":true,"href":"https:\/\/www.deberes.net\/tesis\/wp-json\/wp\/v2\/categories?post=72081"},{"taxonomy":"post_tag","embeddable":true,"href":"https:\/\/www.deberes.net\/tesis\/wp-json\/wp\/v2\/tags?post=72081"}],"curies":[{"name":"wp","href":"https:\/\/api.w.org\/{rel}","templated":true}]}}