{"id":72083,"date":"2018-03-09T23:16:51","date_gmt":"2018-03-09T23:16:51","guid":{"rendered":"https:\/\/www.deberes.net\/tesis\/sin-categoria\/estudio-sobre-las-actitudes-hacia-las-personas-con-discapacidad-entre-los-estudiantes-de-la-universidad-de-extremadura\/"},"modified":"2018-03-09T23:16:51","modified_gmt":"2018-03-09T23:16:51","slug":"estudio-sobre-las-actitudes-hacia-las-personas-con-discapacidad-entre-los-estudiantes-de-la-universidad-de-extremadura","status":"publish","type":"post","link":"https:\/\/www.deberes.net\/tesis\/psicologia\/estudio-sobre-las-actitudes-hacia-las-personas-con-discapacidad-entre-los-estudiantes-de-la-universidad-de-extremadura\/","title":{"rendered":"Estudio sobre las actitudes hacia las personas con discapacidad entre los estudiantes de la universidad de extremadura"},"content":{"rendered":"<h2>Tesis doctoral de <strong> Victor Mar\u00eda L\u00f3pez Ramos <\/strong><\/h2>\n<p>La necesidad de evaluar las actitudes hacia la discapacidad tiene uno de sus fundamentos principales en la importancia que tiene para las personas con discapacidad las actitudes que las personas cercanas a estas, los profesionales y, en general, el conjunto de la poblaci\u00f3n (mayoritariamente no discapacitada) manifiestan hacia ellas. Existe en nuestro pa\u00eds una gran cantidad de investigaciones en esta materia, pero ninguna centrada en estudiantes universitarios.  en este sentido, la investigaci\u00f3n se plante\u00f3 una serie de objetivos fundamentales: el primero de los cuales, que da nombre al trabajo, pretende conocer cu\u00e1les son las actitudes hacia las personas con discapacidad entre los estudiantes de la universidad de extremadura; otro de los objetivos es determinar en qu\u00e9 medida las variables sociodemogr\u00e1ficas planteadas se relacionan con las actitudes hacia las personas con discapacidad; y el tercero de los objetivos principales es identificar qu\u00e9 factores son determinantes a la hora de expresar dichas actitudes. Las hip\u00f3tesis planteadas tratan de averiguar si existen diferencias significativas asociadas:  a,- el sexo de los sujetos, la titulaci\u00f3n que cursan, el \u00e1mbito de procedencia, el nivel de estudios en el que est\u00e1n, la ocupaci\u00f3n, el hecho de tener contacto con personas con discapacidad, tener alg\u00fan tipo de discapacidad.  la muestra utilizada est\u00e1 compuesta por 1001 alumnos universitarios, cuya elecci\u00f3n se hizo de manera aleatoria y estratificada, adaptada a al n\u00famero de alumnos por centro y titulaci\u00f3n, correspondientes a 31 titulaciones. se cre\u00f3 \u00abad hoc\u00bb un cuestionario tomando como base diversas escalas sobre actitudes hacia personas discapacitadas, compuesto por 44 items de acuerdo a una escala tipo licket. El proceso de tasaci\u00f3n se llev\u00f3 a cabo teniendo encuenta que hubiese titulaciones de todos los campos cient\u00edficos, que hubiese titulaciones con aun contrastada relevancia social, que hubiese titulaciones c<\/p>\n<p>&nbsp;<\/p>\n<h3>Datos acad\u00e9micos de la tesis doctoral \u00ab<strong>Estudio sobre las actitudes hacia las personas con discapacidad entre los estudiantes de la universidad de extremadura<\/strong>\u00ab<\/h3>\n<ul>\n<li><strong>T\u00edtulo de la tesis:<\/strong>\u00a0 Estudio sobre las actitudes hacia las personas con discapacidad entre los estudiantes de la universidad de extremadura <\/li>\n<li><strong>Autor:<\/strong>\u00a0 Victor Mar\u00eda L\u00f3pez Ramos <\/li>\n<li><strong>Universidad:<\/strong>\u00a0 Extremadura<\/li>\n<li><strong>Fecha de lectura de la tesis:<\/strong>\u00a0 20\/12\/2004<\/li>\n<\/ul>\n<p>&nbsp;<\/p>\n<h3>Direcci\u00f3n y tribunal<\/h3>\n<ul>\n<li><strong>Director de la tesis<\/strong>\n<ul>\n<li>Florencio Vicente Castro<\/li>\n<\/ul>\n<\/li>\n<li><strong>Tribunal<\/strong>\n<ul>\n<li>Presidente del tribunal: Francisco Ramos campos <\/li>\n<li>Mar\u00eda isabel Fajardo caldera (vocal)<\/li>\n<li>Francisco Alcantud marin (vocal)<\/li>\n<li>Javier Alcala caldera (vocal)<\/li>\n<\/ul>\n<\/li>\n<\/ul>\n<p>&nbsp;<\/p>\n","protected":false},"excerpt":{"rendered":"<p>Tesis doctoral de Victor Mar\u00eda L\u00f3pez Ramos La necesidad de evaluar las actitudes hacia la discapacidad tiene uno de sus [&hellip;]<\/p>\n","protected":false},"author":1,"featured_media":0,"comment_status":"open","ping_status":"open","sticky":false,"template":"","format":"standard","meta":{"site-sidebar-layout":"default","site-content-layout":"","ast-site-content-layout":"","site-content-style":"default","site-sidebar-style":"default","ast-global-header-display":"","ast-banner-title-visibility":"","ast-main-header-display":"","ast-hfb-above-header-display":"","ast-hfb-below-header-display":"","ast-hfb-mobile-header-display":"","site-post-title":"","ast-breadcrumbs-content":"","ast-featured-img":"","footer-sml-layout":"","theme-transparent-header-meta":"","adv-header-id-meta":"","stick-header-meta":"","header-above-stick-meta":"","header-main-stick-meta":"","header-below-stick-meta":"","astra-migrate-meta-layouts":"default","ast-page-background-enabled":"default","ast-page-background-meta":{"desktop":{"background-color":"var(--ast-global-color-4)","background-image":"","background-repeat":"repeat","background-position":"center center","background-size":"auto","background-attachment":"scroll","background-type":"","background-media":"","overlay-type":"","overlay-color":"","overlay-gradient":""},"tablet":{"background-color":"","background-image":"","background-repeat":"repeat","background-position":"center center","background-size":"auto","background-attachment":"scroll","background-type":"","background-media":"","overlay-type":"","overlay-color":"","overlay-gradient":""},"mobile":{"background-color":"","background-image":"","background-repeat":"repeat","background-position":"center center","background-size":"auto","background-attachment":"scroll","background-type":"","background-media":"","overlay-type":"","overlay-color":"","overlay-gradient":""}},"ast-content-background-meta":{"desktop":{"background-color":"var(--ast-global-color-5)","background-image":"","background-repeat":"repeat","background-position":"center center","background-size":"auto","background-attachment":"scroll","background-type":"","background-media":"","overlay-type":"","overlay-color":"","overlay-gradient":""},"tablet":{"background-color":"var(--ast-global-color-5)","background-image":"","background-repeat":"repeat","background-position":"center center","background-size":"auto","background-attachment":"scroll","background-type":"","background-media":"","overlay-type":"","overlay-color":"","overlay-gradient":""},"mobile":{"background-color":"var(--ast-global-color-5)","background-image":"","background-repeat":"repeat","background-position":"center center","background-size":"auto","background-attachment":"scroll","background-type":"","background-media":"","overlay-type":"","overlay-color":"","overlay-gradient":""}},"footnotes":""},"categories":[7757,26060,6222,6025,949,1184,1141,7302,324,996,5174],"tags":[7144,12134,5862,78066,56535,156857],"class_list":["post-72083","post","type-post","status-publish","format-standard","hentry","category-actitudes-sociales","category-discriminacion","category-educacion-especial","category-estudio-psicologico-de-cuestiones-sociales","category-extremadura","category-organizacion-y-planificacion-de-la-educacion","category-pedagogia","category-procesos-cognitivos","category-psicologia","category-psicologia-social","category-psicopedagogia","tag-florencio-vicente-castro","tag-francisco-alcantud-marin","tag-francisco-ramos-campos","tag-javier-alcala-caldera","tag-maria-isabel-fajardo-caldera","tag-victor-maria-lopez-ramos"],"_links":{"self":[{"href":"https:\/\/www.deberes.net\/tesis\/wp-json\/wp\/v2\/posts\/72083","targetHints":{"allow":["GET"]}}],"collection":[{"href":"https:\/\/www.deberes.net\/tesis\/wp-json\/wp\/v2\/posts"}],"about":[{"href":"https:\/\/www.deberes.net\/tesis\/wp-json\/wp\/v2\/types\/post"}],"author":[{"embeddable":true,"href":"https:\/\/www.deberes.net\/tesis\/wp-json\/wp\/v2\/users\/1"}],"replies":[{"embeddable":true,"href":"https:\/\/www.deberes.net\/tesis\/wp-json\/wp\/v2\/comments?post=72083"}],"version-history":[{"count":0,"href":"https:\/\/www.deberes.net\/tesis\/wp-json\/wp\/v2\/posts\/72083\/revisions"}],"wp:attachment":[{"href":"https:\/\/www.deberes.net\/tesis\/wp-json\/wp\/v2\/media?parent=72083"}],"wp:term":[{"taxonomy":"category","embeddable":true,"href":"https:\/\/www.deberes.net\/tesis\/wp-json\/wp\/v2\/categories?post=72083"},{"taxonomy":"post_tag","embeddable":true,"href":"https:\/\/www.deberes.net\/tesis\/wp-json\/wp\/v2\/tags?post=72083"}],"curies":[{"name":"wp","href":"https:\/\/api.w.org\/{rel}","templated":true}]}}