{"id":72094,"date":"2018-03-09T23:16:51","date_gmt":"2018-03-09T23:16:51","guid":{"rendered":"https:\/\/www.deberes.net\/tesis\/sin-categoria\/las-asociaciones-intermunicipales-del-oeste-catarinense-y-las-pola%c2%adticas-de-integracion-en-mercosur\/"},"modified":"2018-03-09T23:16:51","modified_gmt":"2018-03-09T23:16:51","slug":"las-asociaciones-intermunicipales-del-oeste-catarinense-y-las-pola%c2%adticas-de-integracion-en-mercosur","status":"publish","type":"post","link":"https:\/\/www.deberes.net\/tesis\/historia\/las-asociaciones-intermunicipales-del-oeste-catarinense-y-las-pola%c2%adticas-de-integracion-en-mercosur\/","title":{"rendered":"Las asociaciones intermunicipales del oeste catarinense y las pol\u00edticas de integraci\u00f3n en mercosur"},"content":{"rendered":"<h2>Tesis doctoral de <strong> Helena Nicolli Mar\u00eda <\/strong><\/h2>\n<p>Estas asociaciones manifiestan el desarrollo pol\u00edtico, social y econ\u00f3mico establecido por los municipios y el estado de santa catarina (brasil) en el contexto de mercosur.  el asociacionismo intermunicipal act\u00faa en la descentralizaci\u00f3n de las acciones gubernamentales y desde su comienzo pas\u00f3 a ser el pricipal medio de articulaci\u00f3n en la escala microrregional de las pol\u00edticas regionalizadas\/estado en el desarrollo y fortalecimiento de las macropol\u00edticas de mercosur.  en los que se refiere a las potencialidades de los polos regionales, el asociacionismo intermunicipal act\u00faa en todos los pa\u00edses de mercosur con la finalidad de auxiliar a los gobiernos locales en el desempe\u00f1o de las pol\u00edticas p\u00fablicas.  este proceso tiene como resultado el fortalecimiento del sector econ\u00f3mico, tecnol\u00f3gico y en el desarrollo de pol\u00edticas de cualificaci\u00f3n de mano de obra. Adem\u00e1s, es un medio de comunicaci\u00f3n del sector p\u00fablico con el ciudadano.<\/p>\n<p>&nbsp;<\/p>\n<h3>Datos acad\u00e9micos de la tesis doctoral \u00ab<strong>Las asociaciones intermunicipales del oeste catarinense y las pol\u00edticas de integraci\u00f3n en mercosur<\/strong>\u00ab<\/h3>\n<ul>\n<li><strong>T\u00edtulo de la tesis:<\/strong>\u00a0 Las asociaciones intermunicipales del oeste catarinense y las pol\u00edticas de integraci\u00f3n en mercosur <\/li>\n<li><strong>Autor:<\/strong>\u00a0 Helena Nicolli Mar\u00eda <\/li>\n<li><strong>Universidad:<\/strong>\u00a0 Le\u00f3n<\/li>\n<li><strong>Fecha de lectura de la tesis:<\/strong>\u00a0 20\/12\/2004<\/li>\n<\/ul>\n<p>&nbsp;<\/p>\n<h3>Direcci\u00f3n y tribunal<\/h3>\n<ul>\n<li><strong>Director de la tesis<\/strong>\n<ul>\n<li>Jos\u00e9 Cortizo \u00e1lvarez<\/li>\n<\/ul>\n<\/li>\n<li><strong>Tribunal<\/strong>\n<ul>\n<li>Presidente del tribunal: manuel Redero san roman <\/li>\n<li>Antonio Maya frades (vocal)<\/li>\n<li>secundino Jos\u00e9 Gutierrez  alvarez (vocal)<\/li>\n<li>gustavo Puente feliz (vocal)<\/li>\n<\/ul>\n<\/li>\n<\/ul>\n<p>&nbsp;<\/p>\n","protected":false},"excerpt":{"rendered":"<p>Tesis doctoral de Helena Nicolli Mar\u00eda Estas asociaciones manifiestan el desarrollo pol\u00edtico, social y econ\u00f3mico establecido por los municipios y [&hellip;]<\/p>\n","protected":false},"author":1,"featured_media":0,"comment_status":"open","ping_status":"open","sticky":false,"template":"","format":"standard","meta":{"site-sidebar-layout":"default","site-content-layout":"","ast-site-content-layout":"","site-content-style":"default","site-sidebar-style":"default","ast-global-header-display":"","ast-banner-title-visibility":"","ast-main-header-display":"","ast-hfb-above-header-display":"","ast-hfb-below-header-display":"","ast-hfb-mobile-header-display":"","site-post-title":"","ast-breadcrumbs-content":"","ast-featured-img":"","footer-sml-layout":"","theme-transparent-header-meta":"","adv-header-id-meta":"","stick-header-meta":"","header-above-stick-meta":"","header-main-stick-meta":"","header-below-stick-meta":"","astra-migrate-meta-layouts":"default","ast-page-background-enabled":"default","ast-page-background-meta":{"desktop":{"background-color":"var(--ast-global-color-4)","background-image":"","background-repeat":"repeat","background-position":"center center","background-size":"auto","background-attachment":"scroll","background-type":"","background-media":"","overlay-type":"","overlay-color":"","overlay-gradient":""},"tablet":{"background-color":"","background-image":"","background-repeat":"repeat","background-position":"center center","background-size":"auto","background-attachment":"scroll","background-type":"","background-media":"","overlay-type":"","overlay-color":"","overlay-gradient":""},"mobile":{"background-color":"","background-image":"","background-repeat":"repeat","background-position":"center center","background-size":"auto","background-attachment":"scroll","background-type":"","background-media":"","overlay-type":"","overlay-color":"","overlay-gradient":""}},"ast-content-background-meta":{"desktop":{"background-color":"var(--ast-global-color-5)","background-image":"","background-repeat":"repeat","background-position":"center center","background-size":"auto","background-attachment":"scroll","background-type":"","background-media":"","overlay-type":"","overlay-color":"","overlay-gradient":""},"tablet":{"background-color":"var(--ast-global-color-5)","background-image":"","background-repeat":"repeat","background-position":"center center","background-size":"auto","background-attachment":"scroll","background-type":"","background-media":"","overlay-type":"","overlay-color":"","overlay-gradient":""},"mobile":{"background-color":"var(--ast-global-color-5)","background-image":"","background-repeat":"repeat","background-position":"center center","background-size":"auto","background-attachment":"scroll","background-type":"","background-media":"","overlay-type":"","overlay-color":"","overlay-gradient":""}},"footnotes":""},"categories":[104,1816,6049,220,4430],"tags":[66091,36902,156876,36901,25832,7059],"class_list":["post-72094","post","type-post","status-publish","format-standard","hentry","category-historia","category-historia-contemporanea","category-historia-contemporanea-del-area-americana","category-historia-por-epocas","category-leon","tag-antonio-maya-frades","tag-gustavo-puente-feliz","tag-helena-nicolli-maria","tag-jose-cortizo-alvarez","tag-manuel-redero-san-roman","tag-secundino-jose-gutierrez-alvarez"],"_links":{"self":[{"href":"https:\/\/www.deberes.net\/tesis\/wp-json\/wp\/v2\/posts\/72094","targetHints":{"allow":["GET"]}}],"collection":[{"href":"https:\/\/www.deberes.net\/tesis\/wp-json\/wp\/v2\/posts"}],"about":[{"href":"https:\/\/www.deberes.net\/tesis\/wp-json\/wp\/v2\/types\/post"}],"author":[{"embeddable":true,"href":"https:\/\/www.deberes.net\/tesis\/wp-json\/wp\/v2\/users\/1"}],"replies":[{"embeddable":true,"href":"https:\/\/www.deberes.net\/tesis\/wp-json\/wp\/v2\/comments?post=72094"}],"version-history":[{"count":0,"href":"https:\/\/www.deberes.net\/tesis\/wp-json\/wp\/v2\/posts\/72094\/revisions"}],"wp:attachment":[{"href":"https:\/\/www.deberes.net\/tesis\/wp-json\/wp\/v2\/media?parent=72094"}],"wp:term":[{"taxonomy":"category","embeddable":true,"href":"https:\/\/www.deberes.net\/tesis\/wp-json\/wp\/v2\/categories?post=72094"},{"taxonomy":"post_tag","embeddable":true,"href":"https:\/\/www.deberes.net\/tesis\/wp-json\/wp\/v2\/tags?post=72094"}],"curies":[{"name":"wp","href":"https:\/\/api.w.org\/{rel}","templated":true}]}}