{"id":72114,"date":"2018-03-09T23:16:51","date_gmt":"2018-03-09T23:16:51","guid":{"rendered":"https:\/\/www.deberes.net\/tesis\/sin-categoria\/valoracion-de-las-capacidades-fa%c2%adsicas-y-cognitivas-en-corredores-de-orientacion-de-la-categoria-h-elite\/"},"modified":"2018-03-09T23:16:51","modified_gmt":"2018-03-09T23:16:51","slug":"valoracion-de-las-capacidades-fa%c2%adsicas-y-cognitivas-en-corredores-de-orientacion-de-la-categoria-h-elite","status":"publish","type":"post","link":"https:\/\/www.deberes.net\/tesis\/psicologia\/valoracion-de-las-capacidades-fa%c2%adsicas-y-cognitivas-en-corredores-de-orientacion-de-la-categoria-h-elite\/","title":{"rendered":"Valoraci\u00f3n de las capacidades f\u00edsicas y cognitivas en corredores de orientaci\u00f3n de la categor\u00eda h-\u00e9lite"},"content":{"rendered":"<h2>Tesis doctoral de <strong> Ana Mar\u00eda Pablos Monz\u00f3 <\/strong><\/h2>\n<p>El objetivo general del estudio es la caracterizaci\u00f3n de la poblaci\u00f3n spa\u00f1ola de orientadores de la categor\u00eda hombres-\u00e9lite. Para ello, pretendemos determinar cual es la correlaci\u00f3n existente entre las capacidades f\u00edsicas y las cognitivas en estos corredores, haciendo una comparativa entre corredores de \u00ab\u00e9lite\u00bb y \u00abnacional\u00bb y entre corredores de \u00ab\u00e9lite nacional\u00bb y \u00ab\u00e9lite internacional\u00bb con el fin de obtener datos significativos que nos permitan crear pautas de entrenamiento para cada nivel.  para la valoraci\u00f3n de estos par\u00e1metros utilizamos diferentes tests que nos permiten obtener resultados cuantitativos para comparar el nivel f\u00edsico con el cognitivo de cada corredor.  adem\u00e1s, con los resultados que se obtengan se realizar\u00e1 un an\u00e1lisis de regresi\u00f3n en funci\u00f3n del renking obtenido en la temporada 2002-2003.<\/p>\n<p>&nbsp;<\/p>\n<h3>Datos acad\u00e9micos de la tesis doctoral \u00ab<strong>Valoraci\u00f3n de las capacidades f\u00edsicas y cognitivas en corredores de orientaci\u00f3n de la categor\u00eda h-\u00e9lite<\/strong>\u00ab<\/h3>\n<ul>\n<li><strong>T\u00edtulo de la tesis:<\/strong>\u00a0 Valoraci\u00f3n de las capacidades f\u00edsicas y cognitivas en corredores de orientaci\u00f3n de la categor\u00eda h-\u00e9lite <\/li>\n<li><strong>Autor:<\/strong>\u00a0 Ana Mar\u00eda Pablos Monz\u00f3 <\/li>\n<li><strong>Universidad:<\/strong>\u00a0 Universitat de val\u00e9ncia (estudi general)<\/li>\n<li><strong>Fecha de lectura de la tesis:<\/strong>\u00a0 20\/12\/2004<\/li>\n<\/ul>\n<p>&nbsp;<\/p>\n<h3>Direcci\u00f3n y tribunal<\/h3>\n<ul>\n<li><strong>Director de la tesis<\/strong>\n<ul>\n<li>Carlos Pablos Abella<\/li>\n<\/ul>\n<\/li>\n<li><strong>Tribunal<\/strong>\n<ul>\n<li>Presidente del tribunal: gonzalo Cuadrado s\u00e1enz <\/li>\n<li>Juan Garcia manso (vocal)<\/li>\n<li>paulino Padial puche (vocal)<\/li>\n<li>angel Garcia ferriol (vocal)<\/li>\n<\/ul>\n<\/li>\n<\/ul>\n<p>&nbsp;<\/p>\n","protected":false},"excerpt":{"rendered":"<p>Tesis doctoral de Ana Mar\u00eda Pablos Monz\u00f3 El objetivo general del estudio es la caracterizaci\u00f3n de la poblaci\u00f3n spa\u00f1ola de [&hellip;]<\/p>\n","protected":false},"author":1,"featured_media":0,"comment_status":"open","ping_status":"open","sticky":false,"template":"","format":"standard","meta":{"site-sidebar-layout":"default","site-content-layout":"","ast-site-content-layout":"","site-content-style":"default","site-sidebar-style":"default","ast-global-header-display":"","ast-banner-title-visibility":"","ast-main-header-display":"","ast-hfb-above-header-display":"","ast-hfb-below-header-display":"","ast-hfb-mobile-header-display":"","site-post-title":"","ast-breadcrumbs-content":"","ast-featured-img":"","footer-sml-layout":"","theme-transparent-header-meta":"","adv-header-id-meta":"","stick-header-meta":"","header-above-stick-meta":"","header-main-stick-meta":"","header-below-stick-meta":"","astra-migrate-meta-layouts":"default","ast-page-background-enabled":"default","ast-page-background-meta":{"desktop":{"background-color":"var(--ast-global-color-4)","background-image":"","background-repeat":"repeat","background-position":"center center","background-size":"auto","background-attachment":"scroll","background-type":"","background-media":"","overlay-type":"","overlay-color":"","overlay-gradient":""},"tablet":{"background-color":"","background-image":"","background-repeat":"repeat","background-position":"center center","background-size":"auto","background-attachment":"scroll","background-type":"","background-media":"","overlay-type":"","overlay-color":"","overlay-gradient":""},"mobile":{"background-color":"","background-image":"","background-repeat":"repeat","background-position":"center center","background-size":"auto","background-attachment":"scroll","background-type":"","background-media":"","overlay-type":"","overlay-color":"","overlay-gradient":""}},"ast-content-background-meta":{"desktop":{"background-color":"var(--ast-global-color-5)","background-image":"","background-repeat":"repeat","background-position":"center center","background-size":"auto","background-attachment":"scroll","background-type":"","background-media":"","overlay-type":"","overlay-color":"","overlay-gradient":""},"tablet":{"background-color":"var(--ast-global-color-5)","background-image":"","background-repeat":"repeat","background-position":"center center","background-size":"auto","background-attachment":"scroll","background-type":"","background-media":"","overlay-type":"","overlay-color":"","overlay-gradient":""},"mobile":{"background-color":"var(--ast-global-color-5)","background-image":"","background-repeat":"repeat","background-position":"center center","background-size":"auto","background-attachment":"scroll","background-type":"","background-media":"","overlay-type":"","overlay-color":"","overlay-gradient":""}},"footnotes":""},"categories":[11830,324,2462],"tags":[156913,72734,27379,36016,36017,21806],"class_list":["post-72114","post","type-post","status-publish","format-standard","hentry","category-motivacion","category-psicologia","category-psicologia-experimental","tag-ana-maria-pablos-monzo","tag-angel-garcia-ferriol","tag-carlos-pablos-abella","tag-gonzalo-cuadrado-saenz","tag-juan-garcia-manso","tag-paulino-padial-puche"],"_links":{"self":[{"href":"https:\/\/www.deberes.net\/tesis\/wp-json\/wp\/v2\/posts\/72114","targetHints":{"allow":["GET"]}}],"collection":[{"href":"https:\/\/www.deberes.net\/tesis\/wp-json\/wp\/v2\/posts"}],"about":[{"href":"https:\/\/www.deberes.net\/tesis\/wp-json\/wp\/v2\/types\/post"}],"author":[{"embeddable":true,"href":"https:\/\/www.deberes.net\/tesis\/wp-json\/wp\/v2\/users\/1"}],"replies":[{"embeddable":true,"href":"https:\/\/www.deberes.net\/tesis\/wp-json\/wp\/v2\/comments?post=72114"}],"version-history":[{"count":0,"href":"https:\/\/www.deberes.net\/tesis\/wp-json\/wp\/v2\/posts\/72114\/revisions"}],"wp:attachment":[{"href":"https:\/\/www.deberes.net\/tesis\/wp-json\/wp\/v2\/media?parent=72114"}],"wp:term":[{"taxonomy":"category","embeddable":true,"href":"https:\/\/www.deberes.net\/tesis\/wp-json\/wp\/v2\/categories?post=72114"},{"taxonomy":"post_tag","embeddable":true,"href":"https:\/\/www.deberes.net\/tesis\/wp-json\/wp\/v2\/tags?post=72114"}],"curies":[{"name":"wp","href":"https:\/\/api.w.org\/{rel}","templated":true}]}}