{"id":72190,"date":"2018-03-09T23:16:58","date_gmt":"2018-03-09T23:16:58","guid":{"rendered":"https:\/\/www.deberes.net\/tesis\/sin-categoria\/la-percepcion-de-senales-sociales-en-la-esquizofrenia\/"},"modified":"2018-03-09T23:16:58","modified_gmt":"2018-03-09T23:16:58","slug":"la-percepcion-de-senales-sociales-en-la-esquizofrenia","status":"publish","type":"post","link":"https:\/\/www.deberes.net\/tesis\/psicologia\/la-percepcion-de-senales-sociales-en-la-esquizofrenia\/","title":{"rendered":"La percepci\u00f3n de se\u00f1ales sociales en la esquizofrenia"},"content":{"rendered":"<h2>Tesis doctoral de <strong> Barbara Echevarria Olabarria <\/strong><\/h2>\n<p>Estudios previos han demostrado que las personas con esquizofrenia tienen menor sensibilidad a las se\u00f1ales sociales presentes en las interacciones con otras personas que los sujetos sin enfermedad psiqui\u00e1trica, y que adem\u00e1s, presentan m\u00e1s errores en el reconocimiento de las se\u00f1ales sociales que hacen referencia a las emociones, normas sociales y prop\u00f3sitos que gu\u00edan las situaciones interpersonales, que en el reconocimiento de las acciones y los di\u00e1logos. No est\u00e1 claro, sin embargo, si estas deficiencias en la percepci\u00f3n de las se\u00f1ales son un rasgo caracter\u00edstico de la esquizofrenia o si aparecen tambi\u00e9n en otros trastornos psiqui\u00e1tricos de patolog\u00eda severa, como el trastorno bipolar.  el trabajo de investigaci\u00f3n presentado en esta tesis doctoral y realizado en la universidad de california en los angeles (ucla), tiene como objetivo principal comparar a un grupo de personas con esquizofrenia (n=26) con un grupo de personas con trastrono bipolar (n=20) en una medida de percepci\u00f3n social, el social cue recognition test (scrt) o test de reconocimiento de las se\u00f1ales sociales. Los resultados del estudio realizado muestran que las personas con esquizofrenia tienen una sensibilidad a las se\u00f1ales sociales significativamente menor que los sujetos con trastorno bipolar, y que producen durante el reconocimiento de las mismas una mayor cantidad de falsas alarmas. Adem\u00e1s, se ha encontrado que en la esquizofrenia existe un d\u00e9ficit diferencial en la producci\u00f3n de falsas alarmas concretas (di\u00e1logos y acciones) y abstractas (emociones, prop\u00f3sitos y normas sociales), y que este d\u00e9ficit diferencial no se halla presente en el trastorno bipolar.<\/p>\n<p>&nbsp;<\/p>\n<h3>Datos acad\u00e9micos de la tesis doctoral \u00ab<strong>La percepci\u00f3n de se\u00f1ales sociales en la esquizofrenia<\/strong>\u00ab<\/h3>\n<ul>\n<li><strong>T\u00edtulo de la tesis:<\/strong>\u00a0 La percepci\u00f3n de se\u00f1ales sociales en la esquizofrenia <\/li>\n<li><strong>Autor:<\/strong>\u00a0 Barbara Echevarria Olabarria <\/li>\n<li><strong>Universidad:<\/strong>\u00a0 Deusto<\/li>\n<li><strong>Fecha de lectura de la tesis:<\/strong>\u00a0 21\/12\/2004<\/li>\n<\/ul>\n<p>&nbsp;<\/p>\n<h3>Direcci\u00f3n y tribunal<\/h3>\n<ul>\n<li><strong>Director de la tesis<\/strong>\n<ul>\n<li>Luis De Nicolas Martinez<\/li>\n<\/ul>\n<\/li>\n<li><strong>Tribunal<\/strong>\n<ul>\n<li>Presidente del tribunal: jose Guimon ugartechea <\/li>\n<li>julio belarmino Bobes garcia (vocal)<\/li>\n<li>serafin Lemos giraldez (vocal)<\/li>\n<li>Francisco Javier Acha ipi\u00f1azar (vocal)<\/li>\n<\/ul>\n<\/li>\n<\/ul>\n<p>&nbsp;<\/p>\n","protected":false},"excerpt":{"rendered":"<p>Tesis doctoral de Barbara Echevarria Olabarria Estudios previos han demostrado que las personas con esquizofrenia tienen menor sensibilidad a las [&hellip;]<\/p>\n","protected":false},"author":1,"featured_media":0,"comment_status":"open","ping_status":"open","sticky":false,"template":"","format":"standard","meta":{"site-sidebar-layout":"default","site-content-layout":"","ast-site-content-layout":"","site-content-style":"default","site-sidebar-style":"default","ast-global-header-display":"","ast-banner-title-visibility":"","ast-main-header-display":"","ast-hfb-above-header-display":"","ast-hfb-below-header-display":"","ast-hfb-mobile-header-display":"","site-post-title":"","ast-breadcrumbs-content":"","ast-featured-img":"","footer-sml-layout":"","theme-transparent-header-meta":"","adv-header-id-meta":"","stick-header-meta":"","header-above-stick-meta":"","header-main-stick-meta":"","header-below-stick-meta":"","astra-migrate-meta-layouts":"default","ast-page-background-enabled":"default","ast-page-background-meta":{"desktop":{"background-color":"var(--ast-global-color-4)","background-image":"","background-repeat":"repeat","background-position":"center center","background-size":"auto","background-attachment":"scroll","background-type":"","background-media":"","overlay-type":"","overlay-color":"","overlay-gradient":""},"tablet":{"background-color":"","background-image":"","background-repeat":"repeat","background-position":"center center","background-size":"auto","background-attachment":"scroll","background-type":"","background-media":"","overlay-type":"","overlay-color":"","overlay-gradient":""},"mobile":{"background-color":"","background-image":"","background-repeat":"repeat","background-position":"center center","background-size":"auto","background-attachment":"scroll","background-type":"","background-media":"","overlay-type":"","overlay-color":"","overlay-gradient":""}},"ast-content-background-meta":{"desktop":{"background-color":"var(--ast-global-color-5)","background-image":"","background-repeat":"repeat","background-position":"center center","background-size":"auto","background-attachment":"scroll","background-type":"","background-media":"","overlay-type":"","overlay-color":"","overlay-gradient":""},"tablet":{"background-color":"var(--ast-global-color-5)","background-image":"","background-repeat":"repeat","background-position":"center center","background-size":"auto","background-attachment":"scroll","background-type":"","background-media":"","overlay-type":"","overlay-color":"","overlay-gradient":""},"mobile":{"background-color":"var(--ast-global-color-5)","background-image":"","background-repeat":"repeat","background-position":"center center","background-size":"auto","background-attachment":"scroll","background-type":"","background-media":"","overlay-type":"","overlay-color":"","overlay-gradient":""}},"footnotes":""},"categories":[4264,3289,31910,7302,324,961,970,325,5174,6686],"tags":[157051,31926,28113,8332,28091,9045],"class_list":["post-72190","post","type-post","status-publish","format-standard","hentry","category-asesoramiento-y-orientacion-psicologicas","category-deficiencia-mental-del-nino-y-del-adolescente","category-deusto","category-procesos-cognitivos","category-psicologia","category-psicologia-de-la-anormalidad","category-psicologia-del-nino-y-del-adolescente","category-psicopatologia","category-psicopedagogia","category-terapia-del-comportamiento","tag-barbara-echevarria-olabarria","tag-francisco-javier-acha-ipinazar","tag-jose-guimon-ugartechea","tag-julio-belarmino-bobes-garcia","tag-luis-de-nicolas-Martinez","tag-serafin-lemos-giraldez"],"_links":{"self":[{"href":"https:\/\/www.deberes.net\/tesis\/wp-json\/wp\/v2\/posts\/72190","targetHints":{"allow":["GET"]}}],"collection":[{"href":"https:\/\/www.deberes.net\/tesis\/wp-json\/wp\/v2\/posts"}],"about":[{"href":"https:\/\/www.deberes.net\/tesis\/wp-json\/wp\/v2\/types\/post"}],"author":[{"embeddable":true,"href":"https:\/\/www.deberes.net\/tesis\/wp-json\/wp\/v2\/users\/1"}],"replies":[{"embeddable":true,"href":"https:\/\/www.deberes.net\/tesis\/wp-json\/wp\/v2\/comments?post=72190"}],"version-history":[{"count":0,"href":"https:\/\/www.deberes.net\/tesis\/wp-json\/wp\/v2\/posts\/72190\/revisions"}],"wp:attachment":[{"href":"https:\/\/www.deberes.net\/tesis\/wp-json\/wp\/v2\/media?parent=72190"}],"wp:term":[{"taxonomy":"category","embeddable":true,"href":"https:\/\/www.deberes.net\/tesis\/wp-json\/wp\/v2\/categories?post=72190"},{"taxonomy":"post_tag","embeddable":true,"href":"https:\/\/www.deberes.net\/tesis\/wp-json\/wp\/v2\/tags?post=72190"}],"curies":[{"name":"wp","href":"https:\/\/api.w.org\/{rel}","templated":true}]}}