{"id":72191,"date":"2018-03-09T23:16:58","date_gmt":"2018-03-09T23:16:58","guid":{"rendered":"https:\/\/www.deberes.net\/tesis\/sin-categoria\/modelo-para-la-evaluacion-y-mejora-de-la-gestion-de-la-calidad-de-los-datos-y-de-la-informacion\/"},"modified":"2018-03-09T23:16:58","modified_gmt":"2018-03-09T23:16:58","slug":"modelo-para-la-evaluacion-y-mejora-de-la-gestion-de-la-calidad-de-los-datos-y-de-la-informacion","status":"publish","type":"post","link":"https:\/\/www.deberes.net\/tesis\/matematicas\/modelo-para-la-evaluacion-y-mejora-de-la-gestion-de-la-calidad-de-los-datos-y-de-la-informacion\/","title":{"rendered":"Modelo para la evaluaci\u00f3n y mejora de la gesti\u00f3n de la calidad de los datos y de la informaci\u00f3n."},"content":{"rendered":"<h2>Tesis doctoral de <strong> Ismael Caballero Mu\u00f1oz-reja <\/strong><\/h2>\n<p>Hoy d\u00eda, la mayor\u00eda de las organizaciones basan su actividad en los sistemas de informaci\u00f3n, cuya calidad se ha venido centrando tradicional y casi exclusivamente en el software que opera en ellos. Sin embargo, se han descuidado por un lado la calidad de los datos como materia prima en la elaboraci\u00f3n de productos de informaci\u00f3n y, por otro, la calidad de los propios productos de informaci\u00f3n. Esto hace necesario implementar mecanismos que gestionen la calidad de los datos y de la informaci\u00f3n para evitar un impacto negativo en las organizaciones.  muchos investigadores, conscientes de estas necesidades, han emprendido esfuerzos dedicados a medir la calidad de los datos y de la informaci\u00f3n y a proponer modelos concretos para solucionar problemas determinados; pero la evaluaci\u00f3n de estos trabajos revela que normalmente son dependientes de un contexto, de un dominio, lo que les resta aplicabilidad y universalidad. no existe por tanto ning\u00fan marco universal que cualquier organizaci\u00f3n pueda usar para evaluar y mejorar la calidad de los datos y de la informaci\u00f3n de forma global e integradora.  esta tesis titulada \u00abmodelo para la evaluaci\u00f3n y mejora de la gesti\u00f3n de la calidad de los datos y de la informaci\u00f3n\u00bb trata sobre c\u00f3mo las organizaciones pueden mejorar la calidad de los datos y de la informaci\u00f3n que manejan a trav\u00e9s de una buena gesti\u00f3n de los mismos. Para ello, se estudian  conceptos como calidad de datos y de informaci\u00f3n, se describen las partes o componentes del sistema de informaci\u00f3n a las que afecta, se dan gu\u00edas sobre c\u00f3mo gestionarla y c\u00f3mo medirla para determinar el impacto negativo que puede llegar a causar sobre la organizaci\u00f3n; tambi\u00e9n se indica c\u00f3mo mejorarla y tambi\u00e9n c\u00f3mo dotar al sistema de informaci\u00f3n de cierta capacidad de gesti\u00f3n de la calidad de los datos para eliminar las causas de variabilidad y mejorar los procesos de producci\u00f3n y de gesti\u00f3n encargados del tratamiento de los datos.<\/p>\n<p>&nbsp;<\/p>\n<h3>Datos acad\u00e9micos de la tesis doctoral \u00ab<strong>Modelo para la evaluaci\u00f3n y mejora de la gesti\u00f3n de la calidad de los datos y de la informaci\u00f3n.<\/strong>\u00ab<\/h3>\n<ul>\n<li><strong>T\u00edtulo de la tesis:<\/strong>\u00a0 Modelo para la evaluaci\u00f3n y mejora de la gesti\u00f3n de la calidad de los datos y de la informaci\u00f3n. <\/li>\n<li><strong>Autor:<\/strong>\u00a0 Ismael Caballero Mu\u00f1oz-reja <\/li>\n<li><strong>Universidad:<\/strong>\u00a0 Castilla-la mancha<\/li>\n<li><strong>Fecha de lectura de la tesis:<\/strong>\u00a0 21\/12\/2004<\/li>\n<\/ul>\n<p>&nbsp;<\/p>\n<h3>Direcci\u00f3n y tribunal<\/h3>\n<ul>\n<li><strong>Director de la tesis<\/strong>\n<ul>\n<li>Mario Piattini Velthuis<\/li>\n<\/ul>\n<\/li>\n<li><strong>Tribunal<\/strong>\n<ul>\n<li>Presidente del tribunal: gonzalo Cuevas agust\u00edn <\/li>\n<li>Francisco Garc\u00eda pe\u00f1avo (vocal)<\/li>\n<li>Luis Joyanes aguilar (vocal)<\/li>\n<li>Francisco Ruiz gonzalez (vocal)<\/li>\n<\/ul>\n<\/li>\n<\/ul>\n<p>&nbsp;<\/p>\n","protected":false},"excerpt":{"rendered":"<p>Tesis doctoral de Ismael Caballero Mu\u00f1oz-reja Hoy d\u00eda, la mayor\u00eda de las organizaciones basan su actividad en los sistemas de [&hellip;]<\/p>\n","protected":false},"author":1,"featured_media":0,"comment_status":"open","ping_status":"open","sticky":false,"template":"","format":"standard","meta":{"site-sidebar-layout":"default","site-content-layout":"","ast-site-content-layout":"","site-content-style":"default","site-sidebar-style":"default","ast-global-header-display":"","ast-banner-title-visibility":"","ast-main-header-display":"","ast-hfb-above-header-display":"","ast-hfb-below-header-display":"","ast-hfb-mobile-header-display":"","site-post-title":"","ast-breadcrumbs-content":"","ast-featured-img":"","footer-sml-layout":"","theme-transparent-header-meta":"","adv-header-id-meta":"","stick-header-meta":"","header-above-stick-meta":"","header-main-stick-meta":"","header-below-stick-meta":"","astra-migrate-meta-layouts":"default","ast-page-background-enabled":"default","ast-page-background-meta":{"desktop":{"background-color":"var(--ast-global-color-4)","background-image":"","background-repeat":"repeat","background-position":"center center","background-size":"auto","background-attachment":"scroll","background-type":"","background-media":"","overlay-type":"","overlay-color":"","overlay-gradient":""},"tablet":{"background-color":"","background-image":"","background-repeat":"repeat","background-position":"center center","background-size":"auto","background-attachment":"scroll","background-type":"","background-media":"","overlay-type":"","overlay-color":"","overlay-gradient":""},"mobile":{"background-color":"","background-image":"","background-repeat":"repeat","background-position":"center center","background-size":"auto","background-attachment":"scroll","background-type":"","background-media":"","overlay-type":"","overlay-color":"","overlay-gradient":""}},"ast-content-background-meta":{"desktop":{"background-color":"var(--ast-global-color-5)","background-image":"","background-repeat":"repeat","background-position":"center center","background-size":"auto","background-attachment":"scroll","background-type":"","background-media":"","overlay-type":"","overlay-color":"","overlay-gradient":""},"tablet":{"background-color":"var(--ast-global-color-5)","background-image":"","background-repeat":"repeat","background-position":"center center","background-size":"auto","background-attachment":"scroll","background-type":"","background-media":"","overlay-type":"","overlay-color":"","overlay-gradient":""},"mobile":{"background-color":"var(--ast-global-color-5)","background-image":"","background-repeat":"repeat","background-position":"center center","background-size":"auto","background-attachment":"scroll","background-type":"","background-media":"","overlay-type":"","overlay-color":"","overlay-gradient":""}},"footnotes":""},"categories":[18451,1890,4149,13880,126],"tags":[157053,71940,16153,157052,40865,16486],"class_list":["post-72191","post","type-post","status-publish","format-standard","hentry","category-castilla-la-mancha","category-ciencia-de-los-ordenadores","category-diseno-y-componentes-de-sistemas-de-informacion","category-informatica","category-matematicas","tag-francisco-garcia-penavo","tag-francisco-ruiz-gonzalez","tag-gonzalo-cuevas-agustin","tag-ismael-caballero-munoz-reja","tag-luis-joyanes-aguilar","tag-mario-piattini-velthuis"],"_links":{"self":[{"href":"https:\/\/www.deberes.net\/tesis\/wp-json\/wp\/v2\/posts\/72191","targetHints":{"allow":["GET"]}}],"collection":[{"href":"https:\/\/www.deberes.net\/tesis\/wp-json\/wp\/v2\/posts"}],"about":[{"href":"https:\/\/www.deberes.net\/tesis\/wp-json\/wp\/v2\/types\/post"}],"author":[{"embeddable":true,"href":"https:\/\/www.deberes.net\/tesis\/wp-json\/wp\/v2\/users\/1"}],"replies":[{"embeddable":true,"href":"https:\/\/www.deberes.net\/tesis\/wp-json\/wp\/v2\/comments?post=72191"}],"version-history":[{"count":0,"href":"https:\/\/www.deberes.net\/tesis\/wp-json\/wp\/v2\/posts\/72191\/revisions"}],"wp:attachment":[{"href":"https:\/\/www.deberes.net\/tesis\/wp-json\/wp\/v2\/media?parent=72191"}],"wp:term":[{"taxonomy":"category","embeddable":true,"href":"https:\/\/www.deberes.net\/tesis\/wp-json\/wp\/v2\/categories?post=72191"},{"taxonomy":"post_tag","embeddable":true,"href":"https:\/\/www.deberes.net\/tesis\/wp-json\/wp\/v2\/tags?post=72191"}],"curies":[{"name":"wp","href":"https:\/\/api.w.org\/{rel}","templated":true}]}}