{"id":72193,"date":"2018-03-09T23:16:58","date_gmt":"2018-03-09T23:16:58","guid":{"rendered":"https:\/\/www.deberes.net\/tesis\/sin-categoria\/la-metafora-conceptual-y-el-lenguaje-pola%c2%adtico-perioda%c2%adstico-configuracion-interacciones-y-niveles-de-descripcion\/"},"modified":"2018-03-09T23:16:58","modified_gmt":"2018-03-09T23:16:58","slug":"la-metafora-conceptual-y-el-lenguaje-pola%c2%adtico-perioda%c2%adstico-configuracion-interacciones-y-niveles-de-descripcion","status":"publish","type":"post","link":"https:\/\/www.deberes.net\/tesis\/linguistica\/la-metafora-conceptual-y-el-lenguaje-pola%c2%adtico-perioda%c2%adstico-configuracion-interacciones-y-niveles-de-descripcion\/","title":{"rendered":"La met\u00e1fora conceptual y el lenguaje pol\u00edtico period\u00edstico: configuraci\u00f3n, interacciones y niveles de descripci\u00f3n"},"content":{"rendered":"<h2>Tesis doctoral de <strong> Mar\u00eda \u00e1ngeles Moreno Lara <\/strong><\/h2>\n<p>El estudio de la met\u00e1fora conceptual en el lenguaje pol\u00edtico ha sido objeto de destacada atenci\u00f3n de determinados ling\u00ed\u00bcistas cognitivistas, desde mediados del siglo xx. Estos autores consideran que la  met\u00e1fora proporciona una estructura conceptual a una determinada ideolog\u00eda organizada como sistema, que se manifiesta trav\u00e9s de textos hablados y escritos. A\u00fan cuando debemos admitir la estrecha relaci\u00f3n que existe entre met\u00e1fora y comunicaci\u00f3n pol\u00edtica, el objetivo principal de esta tesis ha sido abordar el estudio de este modelo como proceso conceptual. Para ello, adem\u00e1s de la posici\u00f3n iniciada por lakoff y johnson (1980), lakoff y turner (1989) y lakoff (1990, 1993), hemos tenido en cuenta la aportaci\u00f3n de estudios posteriores en el campo de la met\u00e1fora y de otros modelos conceptuales como la metonimia y los esquemas de im\u00e1genes, estudiados por lakoff y johnson, (1999), grady (1997, 1999), chilton (1996), grady y johnson (2002), pe\u00f1a (2003), ruiz de mendoza (1999), ruiz de mendoza y otal (2002). Nuestro corpus consta de 556 ejemplos de met\u00e1foras que reflejan la realidad pol\u00edtica del periodo 1996-1997 y que han sido extra\u00eddos de dos conocidas revistas newsweek y time, textos a los que hemos incorporado ejemplos de otros documentos como diccionarios, art\u00edculos de prestigiosos cognitivistas y documentos electr\u00f3nicos. En nuestro an\u00e1lisis hemos utilizado un doble enfoque metodol\u00f3gico inductivo-deductivo, que nos ha permitido descubrir nuevos aspectos del lenguaje metaf\u00f3rico y nos ha proporcionado evidencia para confirmar nuevas hip\u00f3tesis relativas a la met\u00e1fora conceptual. Hemos reunido un total de 130 met\u00e1foras espec\u00edficas del lenguaje pol\u00edtico y las hemos agrupado en cinco secciones: met\u00e1foras de la gran cadena del ser, que activan los dominios conceptuales de animales, plantas, edificio, objetos y sustancias; met\u00e1foras de esquemas de im\u00e1genes (camino, recipiente, parte-todo) y tres met\u00e1foras de nivel gen\u00e9ri<\/p>\n<p>&nbsp;<\/p>\n<h3>Datos acad\u00e9micos de la tesis doctoral \u00ab<strong>La met\u00e1fora conceptual y el lenguaje pol\u00edtico period\u00edstico: configuraci\u00f3n, interacciones y niveles de descripci\u00f3n<\/strong>\u00ab<\/h3>\n<ul>\n<li><strong>T\u00edtulo de la tesis:<\/strong>\u00a0 La met\u00e1fora conceptual y el lenguaje pol\u00edtico period\u00edstico: configuraci\u00f3n, interacciones y niveles de descripci\u00f3n <\/li>\n<li><strong>Autor:<\/strong>\u00a0 Mar\u00eda \u00e1ngeles Moreno Lara <\/li>\n<li><strong>Universidad:<\/strong>\u00a0 Rioja<\/li>\n<li><strong>Fecha de lectura de la tesis:<\/strong>\u00a0 21\/12\/2004<\/li>\n<\/ul>\n<p>&nbsp;<\/p>\n<h3>Direcci\u00f3n y tribunal<\/h3>\n<ul>\n<li><strong>Director de la tesis<\/strong>\n<ul>\n<li> Ruiz De Mendoza Ib\u00e1\u00f1ez Francisco Jos\u00e9<\/li>\n<\/ul>\n<\/li>\n<li><strong>Tribunal<\/strong>\n<ul>\n<li>Presidente del tribunal: ricardo Mairal us\u00f3n <\/li>\n<li>Mar\u00eda asunci\u00f3n Barreras g\u00f3mez (vocal)<\/li>\n<li>Jos\u00e9 Luis Otal campo (vocal)<\/li>\n<li>fabi\u00e1n Gonz\u00e1lez bachiller (vocal)<\/li>\n<\/ul>\n<\/li>\n<\/ul>\n<p>&nbsp;<\/p>\n","protected":false},"excerpt":{"rendered":"<p>Tesis doctoral de Mar\u00eda \u00e1ngeles Moreno Lara El estudio de la met\u00e1fora conceptual en el lenguaje pol\u00edtico ha sido objeto [&hellip;]<\/p>\n","protected":false},"author":1,"featured_media":0,"comment_status":"open","ping_status":"open","sticky":false,"template":"","format":"standard","meta":{"site-sidebar-layout":"default","site-content-layout":"","ast-site-content-layout":"","site-content-style":"default","site-sidebar-style":"default","ast-global-header-display":"","ast-banner-title-visibility":"","ast-main-header-display":"","ast-hfb-above-header-display":"","ast-hfb-below-header-display":"","ast-hfb-mobile-header-display":"","site-post-title":"","ast-breadcrumbs-content":"","ast-featured-img":"","footer-sml-layout":"","theme-transparent-header-meta":"","adv-header-id-meta":"","stick-header-meta":"","header-above-stick-meta":"","header-main-stick-meta":"","header-below-stick-meta":"","astra-migrate-meta-layouts":"default","ast-page-background-enabled":"default","ast-page-background-meta":{"desktop":{"background-color":"var(--ast-global-color-4)","background-image":"","background-repeat":"repeat","background-position":"center center","background-size":"auto","background-attachment":"scroll","background-type":"","background-media":"","overlay-type":"","overlay-color":"","overlay-gradient":""},"tablet":{"background-color":"","background-image":"","background-repeat":"repeat","background-position":"center center","background-size":"auto","background-attachment":"scroll","background-type":"","background-media":"","overlay-type":"","overlay-color":"","overlay-gradient":""},"mobile":{"background-color":"","background-image":"","background-repeat":"repeat","background-position":"center center","background-size":"auto","background-attachment":"scroll","background-type":"","background-media":"","overlay-type":"","overlay-color":"","overlay-gradient":""}},"ast-content-background-meta":{"desktop":{"background-color":"var(--ast-global-color-5)","background-image":"","background-repeat":"repeat","background-position":"center center","background-size":"auto","background-attachment":"scroll","background-type":"","background-media":"","overlay-type":"","overlay-color":"","overlay-gradient":""},"tablet":{"background-color":"var(--ast-global-color-5)","background-image":"","background-repeat":"repeat","background-position":"center center","background-size":"auto","background-attachment":"scroll","background-type":"","background-media":"","overlay-type":"","overlay-color":"","overlay-gradient":""},"mobile":{"background-color":"var(--ast-global-color-5)","background-image":"","background-repeat":"repeat","background-position":"center center","background-size":"auto","background-attachment":"scroll","background-type":"","background-media":"","overlay-type":"","overlay-color":"","overlay-gradient":""}},"footnotes":""},"categories":[61,59,62,18890,886],"tags":[157056,11744,157055,48343,2308,67252],"class_list":["post-72193","post","type-post","status-publish","format-standard","hentry","category-lexicologia","category-linguistica","category-linguistica-sincronica","category-rioja","category-semantica","tag-fabian-gonzalez-bachiller","tag-jose-luis-otal-campo","tag-maria-angeles-moreno-lara","tag-maria-asuncion-barreras-gomez","tag-ricardo-mairal-uson","tag-ruiz-de-mendoza-ibanez-francisco-jose"],"_links":{"self":[{"href":"https:\/\/www.deberes.net\/tesis\/wp-json\/wp\/v2\/posts\/72193","targetHints":{"allow":["GET"]}}],"collection":[{"href":"https:\/\/www.deberes.net\/tesis\/wp-json\/wp\/v2\/posts"}],"about":[{"href":"https:\/\/www.deberes.net\/tesis\/wp-json\/wp\/v2\/types\/post"}],"author":[{"embeddable":true,"href":"https:\/\/www.deberes.net\/tesis\/wp-json\/wp\/v2\/users\/1"}],"replies":[{"embeddable":true,"href":"https:\/\/www.deberes.net\/tesis\/wp-json\/wp\/v2\/comments?post=72193"}],"version-history":[{"count":0,"href":"https:\/\/www.deberes.net\/tesis\/wp-json\/wp\/v2\/posts\/72193\/revisions"}],"wp:attachment":[{"href":"https:\/\/www.deberes.net\/tesis\/wp-json\/wp\/v2\/media?parent=72193"}],"wp:term":[{"taxonomy":"category","embeddable":true,"href":"https:\/\/www.deberes.net\/tesis\/wp-json\/wp\/v2\/categories?post=72193"},{"taxonomy":"post_tag","embeddable":true,"href":"https:\/\/www.deberes.net\/tesis\/wp-json\/wp\/v2\/tags?post=72193"}],"curies":[{"name":"wp","href":"https:\/\/api.w.org\/{rel}","templated":true}]}}