{"id":72247,"date":"2018-03-09T23:17:02","date_gmt":"2018-03-09T23:17:02","guid":{"rendered":"https:\/\/www.deberes.net\/tesis\/sin-categoria\/bases-ecologicas-para-el-control-integrado-de-aubeonymus-mariaefranciscae-roudier-coleoptera-curculionidae-plaga-de-la-remolacha-azucarera\/"},"modified":"2018-03-09T23:17:02","modified_gmt":"2018-03-09T23:17:02","slug":"bases-ecologicas-para-el-control-integrado-de-aubeonymus-mariaefranciscae-roudier-coleoptera-curculionidae-plaga-de-la-remolacha-azucarera","status":"publish","type":"post","link":"https:\/\/www.deberes.net\/tesis\/ciencias-de-la-vida\/bases-ecologicas-para-el-control-integrado-de-aubeonymus-mariaefranciscae-roudier-coleoptera-curculionidae-plaga-de-la-remolacha-azucarera\/","title":{"rendered":"Bases ecol\u00f3gicas para el control integrado de aubeonymus mariaefranciscae roudier (coleoptera: curculionidae), plaga de la remolacha azucarera"},"content":{"rendered":"<h2>Tesis doctoral de <strong> Julian Ayala Garcia <\/strong><\/h2>\n<p>Se ha determinado, en condiciones de campo, la biolog\u00eda de aubeonymus mariaefranciscae roudier (amf) y la relaci\u00f3n plaga-da\u00f1o-p\u00e9rdida, entre este curculi\u00f3nido y el cultivo de la remolacha azucarera en andaluc\u00eda.  se ha dise\u00f1ado una m\u00e1quina para la extracci\u00f3n deinsectos en muestras de tierra que ha permitido cuantificar la poblaci\u00f3n de larvas y adultos de amf con un eficiencia de estracci\u00f3n del 99%.  la dispersi\u00f3n de los adultos se ha medido con trampas de gravedad colocadas en distintas direcciones y distancias y se ha observado la ausencia de tropismos hacia la remolacha y el efecto barrera de los caminos.  los adultos de amf muestran h\u00e1bitos nocturnos. La activida migratoria esta relacionada con la temperatura. En los dos a\u00f1os estudiados se han obtenido unos altos coeficientes de correlaci\u00f3n con la t\u00aa media y con la t\u00aa del suelo.  amf completa su ciclo biol\u00f3gico en la remolacha y, aunque los adultos se pueden alimentar espor\u00e1dicamente de chenopodium album, rumex crispus y raphanus raphanistum, no se han desarrollado larvas en ninguna de ellas.  los adultos est\u00e1n en le cultivo durante todo el ciclo, con densidades de poblaci\u00f3n que han variado entre 9 y 50 adultos-m2. Las hembras, se observan las primeras larvas en le suelo, y se mantienen hasta junio. La duraci\u00f3n del desarrollo larvario, en condiciones de  campo, se ha estimado en 150 d\u00edas con temperatura media de 16.8\u00c2\u00bac y en 90 d\u00edas con temperatura media d e21.3\u00c2\u00bac y el desarrollo de pupas en torno a un mes.  se ha cuantificado la densidad de poblaci\u00f3n de amf en tres niveles de protecci\u00f3n: testigo (t), protecci\u00f3n con barreras de pl\u00e1stico (pes) y protecci\u00f3n con productos qu\u00edmicos (pr), con objeto de determinar la relaci\u00f3n plaga-da\u00f1o-p\u00e9rdida. la densidad de poblaci\u00f3n de amf en invierno puede explicar un 90% de la p\u00e9rdida de n\u00famero de plantas. Los da\u00f1os en la ra\u00edz est\u00e1n en relaci\u00f3n directa con el n\u00famero de larvas-m2. Se ha podido relacionar<\/p>\n<p>&nbsp;<\/p>\n<h3>Datos acad\u00e9micos de la tesis doctoral \u00ab<strong>Bases ecol\u00f3gicas para el control integrado de aubeonymus mariaefranciscae roudier (coleoptera: curculionidae), plaga de la remolacha azucarera<\/strong>\u00ab<\/h3>\n<ul>\n<li><strong>T\u00edtulo de la tesis:<\/strong>\u00a0 Bases ecol\u00f3gicas para el control integrado de aubeonymus mariaefranciscae roudier (coleoptera: curculionidae), plaga de la remolacha azucarera <\/li>\n<li><strong>Autor:<\/strong>\u00a0 Julian Ayala Garcia <\/li>\n<li><strong>Universidad:<\/strong>\u00a0 Le\u00f3n<\/li>\n<li><strong>Fecha de lectura de la tesis:<\/strong>\u00a0 13\/01\/2005<\/li>\n<\/ul>\n<p>&nbsp;<\/p>\n<h3>Direcci\u00f3n y tribunal<\/h3>\n<ul>\n<li><strong>Director de la tesis<\/strong>\n<ul>\n<li>Pedro Casta\u00f1era Dominguez<\/li>\n<\/ul>\n<\/li>\n<li><strong>Tribunal<\/strong>\n<ul>\n<li>Presidente del tribunal:  Mier durante milagros pilar <\/li>\n<li>rodrigo Morillo-velarde perez-barquero (vocal)<\/li>\n<li>vicente Marco manceb\u00f3n (vocal)<\/li>\n<li>amaya Ort\u00edz barredo (vocal)<\/li>\n<\/ul>\n<\/li>\n<\/ul>\n<p>&nbsp;<\/p>\n","protected":false},"excerpt":{"rendered":"<p>Tesis doctoral de Julian Ayala Garcia Se ha determinado, en condiciones de campo, la biolog\u00eda de aubeonymus mariaefranciscae roudier (amf) [&hellip;]<\/p>\n","protected":false},"author":1,"featured_media":0,"comment_status":"open","ping_status":"open","sticky":false,"template":"","format":"standard","meta":{"site-sidebar-layout":"default","site-content-layout":"","ast-site-content-layout":"","site-content-style":"default","site-sidebar-style":"default","ast-global-header-display":"","ast-banner-title-visibility":"","ast-main-header-display":"","ast-hfb-above-header-display":"","ast-hfb-below-header-display":"","ast-hfb-mobile-header-display":"","site-post-title":"","ast-breadcrumbs-content":"","ast-featured-img":"","footer-sml-layout":"","theme-transparent-header-meta":"","adv-header-id-meta":"","stick-header-meta":"","header-above-stick-meta":"","header-main-stick-meta":"","header-below-stick-meta":"","astra-migrate-meta-layouts":"default","ast-page-background-enabled":"default","ast-page-background-meta":{"desktop":{"background-color":"var(--ast-global-color-4)","background-image":"","background-repeat":"repeat","background-position":"center center","background-size":"auto","background-attachment":"scroll","background-type":"","background-media":"","overlay-type":"","overlay-color":"","overlay-gradient":""},"tablet":{"background-color":"","background-image":"","background-repeat":"repeat","background-position":"center center","background-size":"auto","background-attachment":"scroll","background-type":"","background-media":"","overlay-type":"","overlay-color":"","overlay-gradient":""},"mobile":{"background-color":"","background-image":"","background-repeat":"repeat","background-position":"center center","background-size":"auto","background-attachment":"scroll","background-type":"","background-media":"","overlay-type":"","overlay-color":"","overlay-gradient":""}},"ast-content-background-meta":{"desktop":{"background-color":"var(--ast-global-color-5)","background-image":"","background-repeat":"repeat","background-position":"center center","background-size":"auto","background-attachment":"scroll","background-type":"","background-media":"","overlay-type":"","overlay-color":"","overlay-gradient":""},"tablet":{"background-color":"var(--ast-global-color-5)","background-image":"","background-repeat":"repeat","background-position":"center center","background-size":"auto","background-attachment":"scroll","background-type":"","background-media":"","overlay-type":"","overlay-color":"","overlay-gradient":""},"mobile":{"background-color":"var(--ast-global-color-5)","background-image":"","background-repeat":"repeat","background-position":"center center","background-size":"auto","background-attachment":"scroll","background-type":"","background-media":"","overlay-type":"","overlay-color":"","overlay-gradient":""}},"footnotes":""},"categories":[509,494,35,3067,4430,11747],"tags":[157144,119183,37315,16387,65838,16385],"class_list":["post-72247","post","type-post","status-publish","format-standard","hentry","category-agronomia","category-ciencias-agrarias","category-ciencias-de-la-vida","category-entomologia","category-leon","category-proteccion-de-cultivos","tag-amaya-ortiz-barredo","tag-julian-ayala-garcia","tag-mier-durante-milagros-pilar","tag-pedro-castanera-dominguez","tag-rodrigo-morillo-velarde-perez-barquero","tag-vicente-marco-mancebon"],"_links":{"self":[{"href":"https:\/\/www.deberes.net\/tesis\/wp-json\/wp\/v2\/posts\/72247","targetHints":{"allow":["GET"]}}],"collection":[{"href":"https:\/\/www.deberes.net\/tesis\/wp-json\/wp\/v2\/posts"}],"about":[{"href":"https:\/\/www.deberes.net\/tesis\/wp-json\/wp\/v2\/types\/post"}],"author":[{"embeddable":true,"href":"https:\/\/www.deberes.net\/tesis\/wp-json\/wp\/v2\/users\/1"}],"replies":[{"embeddable":true,"href":"https:\/\/www.deberes.net\/tesis\/wp-json\/wp\/v2\/comments?post=72247"}],"version-history":[{"count":0,"href":"https:\/\/www.deberes.net\/tesis\/wp-json\/wp\/v2\/posts\/72247\/revisions"}],"wp:attachment":[{"href":"https:\/\/www.deberes.net\/tesis\/wp-json\/wp\/v2\/media?parent=72247"}],"wp:term":[{"taxonomy":"category","embeddable":true,"href":"https:\/\/www.deberes.net\/tesis\/wp-json\/wp\/v2\/categories?post=72247"},{"taxonomy":"post_tag","embeddable":true,"href":"https:\/\/www.deberes.net\/tesis\/wp-json\/wp\/v2\/tags?post=72247"}],"curies":[{"name":"wp","href":"https:\/\/api.w.org\/{rel}","templated":true}]}}