{"id":72252,"date":"2018-03-09T23:17:02","date_gmt":"2018-03-09T23:17:02","guid":{"rendered":"https:\/\/www.deberes.net\/tesis\/sin-categoria\/formandonos-interculturalmente-en-jalisco-mexico\/"},"modified":"2018-03-09T23:17:02","modified_gmt":"2018-03-09T23:17:02","slug":"formandonos-interculturalmente-en-jalisco-mexico","status":"publish","type":"post","link":"https:\/\/www.deberes.net\/tesis\/sociologia\/formandonos-interculturalmente-en-jalisco-mexico\/","title":{"rendered":"Form\u00e1ndonos interculturalmente en jalisco, m\u00e9xico"},"content":{"rendered":"<h2>Tesis doctoral de <strong>  Mar\u00edn Gonz\u00e1lez Ana Cecilia <\/strong><\/h2>\n<p>Esta tesis se focaliza en la atenci\u00f3n educativa precisada por los ni\u00f1os migrantes de jalisco (m\u00e9xico), tanto los procedentes de grupos ind\u00edgenas, como los que emigran a estados unidos.  el objetivo de esta investigaci\u00f3n es mejorar la pr\u00e1ctica educativa cotidiana de estas dos tipolog\u00edas de mi\u00f1os migrantes.  la tesis queda estructurada en cinco partes definidas: marco te\u00f3rico, metodolog\u00eda empleada, resultados de la investigaci\u00f3n, propuestas pedag\u00f3gicas, y conclusiones generales.  la pregunta clave a la que quiere responder la tesis es la siguientes: \u00c2\u00bfcu\u00e1les son las estrategias que las autoridades educativas, los profesores y los padres de familia realizan para incorporar a los ni\u00f1os migrantes a las condiciones educativas en la escuela?. Tras pasar los instrumentos oportunos (observaci\u00f3n, entrevistas, encuestas, diarios de campo) a los implicados (ni\u00f1os, padres, docentes, directores) de 13 escuelas de educaci\u00f3n b\u00e1sica del estado de jalisco, se exponen los resultados de esta fase metodol\u00f3gica, fundamentalmente cualitativa. A modo de ejemplos ilustrativos, los padres desean expl\u00edcita y visiblemente que sus hijos migrantes se asimilen r\u00e1pidamente a la din\u00e1mica escolar para no tener que repetir curso por motivos econ\u00f3micos; los ni\u00f1os migrantes sufren problemas emocionales por no recibir una atenci\u00f3n educativa diversificada, y acaban igualmente asimil\u00e1ndose como buenamente pueden; los docentes aplican unas estrategias metodol\u00f3gicas sensibles a la diversidad cultural, apostando actitudinal y pr\u00e1cticamente por unos esquemas homogeneizadores; y los directores escolares aplican en sus planificaciones y directrices planteamientos similares a los de los docentes.  la tesis propone un curr\u00edculum intercultural, que se apoye en el est\u00e1ndar, para facilitar en la pr\u00e1ctica la labor de los maestros .., As\u00ed como un plan de formaci\u00f3n y sensiblizaci\u00f3n del profesorado en el \u00e1mbito de la educaci\u00f3n intercultural.  esta inve<\/p>\n<p>&nbsp;<\/p>\n<h3>Datos acad\u00e9micos de la tesis doctoral \u00ab<strong>Form\u00e1ndonos interculturalmente en jalisco, m\u00e9xico<\/strong>\u00ab<\/h3>\n<ul>\n<li><strong>T\u00edtulo de la tesis:<\/strong>\u00a0 Form\u00e1ndonos interculturalmente en jalisco, m\u00e9xico <\/li>\n<li><strong>Autor:<\/strong>\u00a0  Mar\u00edn Gonz\u00e1lez Ana Cecilia <\/li>\n<li><strong>Universidad:<\/strong>\u00a0 Aut\u00f3noma de barcelona<\/li>\n<li><strong>Fecha de lectura de la tesis:<\/strong>\u00a0 13\/01\/2005<\/li>\n<\/ul>\n<p>&nbsp;<\/p>\n<h3>Direcci\u00f3n y tribunal<\/h3>\n<ul>\n<li><strong>Director de la tesis<\/strong>\n<ul>\n<li>Rodolfo Mor\u00e1n Quiroz<\/li>\n<\/ul>\n<\/li>\n<li><strong>Tribunal<\/strong>\n<ul>\n<li>Presidente del tribunal: jaume Sarramona l\u00f3pez <\/li>\n<li>enric Prats gil (vocal)<\/li>\n<li>Miguel \u00e1ngel Essomba gelabert (vocal)<\/li>\n<li>nuria Llevot calvet (vocal)<\/li>\n<\/ul>\n<\/li>\n<\/ul>\n<p>&nbsp;<\/p>\n","protected":false},"excerpt":{"rendered":"<p>Tesis doctoral de Mar\u00edn Gonz\u00e1lez Ana Cecilia Esta tesis se focaliza en la atenci\u00f3n educativa precisada por los ni\u00f1os migrantes [&hellip;]<\/p>\n","protected":false},"author":1,"featured_media":0,"comment_status":"open","ping_status":"open","sticky":false,"template":"","format":"standard","meta":{"site-sidebar-layout":"default","site-content-layout":"","ast-site-content-layout":"","site-content-style":"default","site-sidebar-style":"default","ast-global-header-display":"","ast-banner-title-visibility":"","ast-main-header-display":"","ast-hfb-above-header-display":"","ast-hfb-below-header-display":"","ast-hfb-mobile-header-display":"","site-post-title":"","ast-breadcrumbs-content":"","ast-featured-img":"","footer-sml-layout":"","theme-transparent-header-meta":"","adv-header-id-meta":"","stick-header-meta":"","header-above-stick-meta":"","header-main-stick-meta":"","header-below-stick-meta":"","astra-migrate-meta-layouts":"default","ast-page-background-enabled":"default","ast-page-background-meta":{"desktop":{"background-color":"var(--ast-global-color-4)","background-image":"","background-repeat":"repeat","background-position":"center center","background-size":"auto","background-attachment":"scroll","background-type":"","background-media":"","overlay-type":"","overlay-color":"","overlay-gradient":""},"tablet":{"background-color":"","background-image":"","background-repeat":"repeat","background-position":"center center","background-size":"auto","background-attachment":"scroll","background-type":"","background-media":"","overlay-type":"","overlay-color":"","overlay-gradient":""},"mobile":{"background-color":"","background-image":"","background-repeat":"repeat","background-position":"center center","background-size":"auto","background-attachment":"scroll","background-type":"","background-media":"","overlay-type":"","overlay-color":"","overlay-gradient":""}},"ast-content-background-meta":{"desktop":{"background-color":"var(--ast-global-color-5)","background-image":"","background-repeat":"repeat","background-position":"center center","background-size":"auto","background-attachment":"scroll","background-type":"","background-media":"","overlay-type":"","overlay-color":"","overlay-gradient":""},"tablet":{"background-color":"var(--ast-global-color-5)","background-image":"","background-repeat":"repeat","background-position":"center center","background-size":"auto","background-attachment":"scroll","background-type":"","background-media":"","overlay-type":"","overlay-color":"","overlay-gradient":""},"mobile":{"background-color":"var(--ast-global-color-5)","background-image":"","background-repeat":"repeat","background-position":"center center","background-size":"auto","background-attachment":"scroll","background-type":"","background-media":"","overlay-type":"","overlay-color":"","overlay-gradient":""}},"footnotes":""},"categories":[6025,6024,1140,1141,1340,1288,324,39991,269,2232,1341],"tags":[132670,6227,157150,142577,54069,157151],"class_list":["post-72252","post","type-post","status-publish","format-standard","hentry","category-estudio-psicologico-de-cuestiones-sociales","category-fenomenos-de-grupos-minoritarios","category-formacion-y-empleo-de-profesores","category-pedagogia","category-planes-de-estudios","category-preparacion-de-profesores","category-psicologia","category-relaciones-culturales-interetnicas","category-sociologia","category-sociologia-cultural","category-teoria-y-metodos-educativos","tag-enric-prats-gil","tag-jaume-sarramona-lopez","tag-marin-gonzalez-ana-cecilia","tag-miguel-angel-essomba-gelabert","tag-nuria-llevot-calvet","tag-rodolfo-moran-quiroz"],"_links":{"self":[{"href":"https:\/\/www.deberes.net\/tesis\/wp-json\/wp\/v2\/posts\/72252","targetHints":{"allow":["GET"]}}],"collection":[{"href":"https:\/\/www.deberes.net\/tesis\/wp-json\/wp\/v2\/posts"}],"about":[{"href":"https:\/\/www.deberes.net\/tesis\/wp-json\/wp\/v2\/types\/post"}],"author":[{"embeddable":true,"href":"https:\/\/www.deberes.net\/tesis\/wp-json\/wp\/v2\/users\/1"}],"replies":[{"embeddable":true,"href":"https:\/\/www.deberes.net\/tesis\/wp-json\/wp\/v2\/comments?post=72252"}],"version-history":[{"count":0,"href":"https:\/\/www.deberes.net\/tesis\/wp-json\/wp\/v2\/posts\/72252\/revisions"}],"wp:attachment":[{"href":"https:\/\/www.deberes.net\/tesis\/wp-json\/wp\/v2\/media?parent=72252"}],"wp:term":[{"taxonomy":"category","embeddable":true,"href":"https:\/\/www.deberes.net\/tesis\/wp-json\/wp\/v2\/categories?post=72252"},{"taxonomy":"post_tag","embeddable":true,"href":"https:\/\/www.deberes.net\/tesis\/wp-json\/wp\/v2\/tags?post=72252"}],"curies":[{"name":"wp","href":"https:\/\/api.w.org\/{rel}","templated":true}]}}