{"id":72271,"date":"2018-03-09T23:17:02","date_gmt":"2018-03-09T23:17:02","guid":{"rendered":"https:\/\/www.deberes.net\/tesis\/sin-categoria\/incidencia-de-los-medios-de-comunicacion-en-la-imagen-de-la-demanda-social-ante-el-fenomeno-de-la-manipulacion-genetica-y-sus-aspectos-jura%c2%addicos\/"},"modified":"2018-03-09T23:17:02","modified_gmt":"2018-03-09T23:17:02","slug":"incidencia-de-los-medios-de-comunicacion-en-la-imagen-de-la-demanda-social-ante-el-fenomeno-de-la-manipulacion-genetica-y-sus-aspectos-jura%c2%addicos","status":"publish","type":"post","link":"https:\/\/www.deberes.net\/tesis\/ciencias-agrarias\/incidencia-de-los-medios-de-comunicacion-en-la-imagen-de-la-demanda-social-ante-el-fenomeno-de-la-manipulacion-genetica-y-sus-aspectos-jura%c2%addicos\/","title":{"rendered":"Incidencia de los medios de comunicaci\u00f3n en la imagen de la demanda social ante el fenomeno de la manipulaci\u00f3n gen\u00e9tica, y sus aspectos jur\u00eddicos"},"content":{"rendered":"<h2>Tesis doctoral de <strong>  Fern\u00e1ndez-f\u00edgares Morales M. Jos\u00e9 <\/strong><\/h2>\n<p>El presente estudio universitario principal con la delimitaci\u00f3n y contextualizaci\u00f3n del asunto de la manipulaci\u00f3n gen\u00e9tica: destaca la trascendencia jur\u00eddica y social de estas t\u00e9cnicas as\u00ed como un visionado de la cultura cient\u00edfica y el universo audiovisual, delimita el concepto cient\u00edfico de la ingenier\u00eda gen\u00e9tica y sus principales aplicaciones, define los elementos bio\u00e9ticos que confluyen y los aspectos jur\u00eddicos m\u00e1s controvertidos, con especial dedicaci\u00f3n en ambos a las aplicaciones con seres humanos y con inclusi\u00f3n de las principales novedades legislativas relativas al uso para fines de investigaci\u00f3n en embriones crioconservados sobrantes de la fecundaci\u00f3n artificial y el r\u00e9gimen vigente respecto a la creaci\u00f3n de embriones humanos para fines terap\u00e9uticos.  a continuaci\u00f3n, se fijan y desarrollan los presupuestos de orden te\u00f3rico -que se constituyen en la configuraci\u00f3n de espa\u00f1a como un estado social y democr\u00e1tico de derecho, por el derecho a recibir una informaci\u00f3n veraz y por las teor\u00edas explicativas de las relaciones de la sociedad y el derecho y de la sociedad y la pol\u00edtica- y los presupuestos de origen pr\u00e1ctico -que se centran en determinados enunciados derivados de los datos de un informe del centro de investigaciones sociol\u00f3gicas relacionadas con el tema-.  seguidamente, se presenta la investigaci\u00f3n en si misma, en la que, con un m\u00e9todo emp\u00edrico y por aplicaci\u00f3n de un cuestionario a una amplia muestra, aborda la delimitaci\u00f3n de los aspectos fundamentales de la imagen que la poblaci\u00f3n tiene del fen\u00f3meno de la manipulaci\u00f3n o ingenier\u00eda gen\u00e9tica en espa\u00f1a, en virtud de la incidencia de los medios de comunicaci\u00f3n, con un enfoque determinado por el hecho de que la imagen de cada ciudadano puede llegar a constituir concretas demandas sociales. Se aporta una valoraci\u00f3n general de los resultados referida a toda muestra, un informe de valoraci\u00f3n de los grupos m\u00e1s significativos, con aplicaci\u00f3<\/p>\n<p>&nbsp;<\/p>\n<h3>Datos acad\u00e9micos de la tesis doctoral \u00ab<strong>Incidencia de los medios de comunicaci\u00f3n en la imagen de la demanda social ante el fenomeno de la manipulaci\u00f3n gen\u00e9tica, y sus aspectos jur\u00eddicos<\/strong>\u00ab<\/h3>\n<ul>\n<li><strong>T\u00edtulo de la tesis:<\/strong>\u00a0 Incidencia de los medios de comunicaci\u00f3n en la imagen de la demanda social ante el fenomeno de la manipulaci\u00f3n gen\u00e9tica, y sus aspectos jur\u00eddicos <\/li>\n<li><strong>Autor:<\/strong>\u00a0  Fern\u00e1ndez-f\u00edgares Morales M. Jos\u00e9 <\/li>\n<li><strong>Universidad:<\/strong>\u00a0 M\u00e1laga<\/li>\n<li><strong>Fecha de lectura de la tesis:<\/strong>\u00a0 14\/01\/2005<\/li>\n<\/ul>\n<p>&nbsp;<\/p>\n<h3>Direcci\u00f3n y tribunal<\/h3>\n<ul>\n<li><strong>Director de la tesis<\/strong>\n<ul>\n<li>Eduardo Roca Roca<\/li>\n<\/ul>\n<\/li>\n<li><strong>Tribunal<\/strong>\n<ul>\n<li>Presidente del tribunal: Francisco Garc\u00eda Garc\u00eda <\/li>\n<li>Javier Ruiz del olmo (vocal)<\/li>\n<li> Bensusan mart\u00edn m. del pilar (vocal)<\/li>\n<li> Saura perez m. pilar (vocal)<\/li>\n<\/ul>\n<\/li>\n<\/ul>\n<p>&nbsp;<\/p>\n","protected":false},"excerpt":{"rendered":"<p>Tesis doctoral de Fern\u00e1ndez-f\u00edgares Morales M. Jos\u00e9 El presente estudio universitario principal con la delimitaci\u00f3n y contextualizaci\u00f3n del asunto de [&hellip;]<\/p>\n","protected":false},"author":1,"featured_media":0,"comment_status":"open","ping_status":"open","sticky":false,"template":"","format":"standard","meta":{"site-sidebar-layout":"default","site-content-layout":"","ast-site-content-layout":"","site-content-style":"default","site-sidebar-style":"default","ast-global-header-display":"","ast-banner-title-visibility":"","ast-main-header-display":"","ast-hfb-above-header-display":"","ast-hfb-below-header-display":"","ast-hfb-mobile-header-display":"","site-post-title":"","ast-breadcrumbs-content":"","ast-featured-img":"","footer-sml-layout":"","theme-transparent-header-meta":"","adv-header-id-meta":"","stick-header-meta":"","header-above-stick-meta":"","header-main-stick-meta":"","header-below-stick-meta":"","astra-migrate-meta-layouts":"default","ast-page-background-enabled":"default","ast-page-background-meta":{"desktop":{"background-color":"var(--ast-global-color-4)","background-image":"","background-repeat":"repeat","background-position":"center center","background-size":"auto","background-attachment":"scroll","background-type":"","background-media":"","overlay-type":"","overlay-color":"","overlay-gradient":""},"tablet":{"background-color":"","background-image":"","background-repeat":"repeat","background-position":"center center","background-size":"auto","background-attachment":"scroll","background-type":"","background-media":"","overlay-type":"","overlay-color":"","overlay-gradient":""},"mobile":{"background-color":"","background-image":"","background-repeat":"repeat","background-position":"center center","background-size":"auto","background-attachment":"scroll","background-type":"","background-media":"","overlay-type":"","overlay-color":"","overlay-gradient":""}},"ast-content-background-meta":{"desktop":{"background-color":"var(--ast-global-color-5)","background-image":"","background-repeat":"repeat","background-position":"center center","background-size":"auto","background-attachment":"scroll","background-type":"","background-media":"","overlay-type":"","overlay-color":"","overlay-gradient":""},"tablet":{"background-color":"var(--ast-global-color-5)","background-image":"","background-repeat":"repeat","background-position":"center center","background-size":"auto","background-attachment":"scroll","background-type":"","background-media":"","overlay-type":"","overlay-color":"","overlay-gradient":""},"mobile":{"background-color":"var(--ast-global-color-5)","background-image":"","background-repeat":"repeat","background-position":"center center","background-size":"auto","background-attachment":"scroll","background-type":"","background-media":"","overlay-type":"","overlay-color":"","overlay-gradient":""}},"footnotes":""},"categories":[4696,838,494,612,515,1066,1442,979,2118,7834,5051,4840],"tags":[157191,3454,157190,7470,24324,77694],"class_list":["post-72271","post","type-post","status-publish","format-standard","hentry","category-caracteristicas-de-la-poblacion","category-ciencia-politica","category-ciencias-agrarias","category-ciencias-juridicas-y-derecho","category-ciencias-veterinarias","category-demografia","category-derecho-administrativo","category-derecho-y-legislacion-nacionales","category-genetica-veterinaria","category-malaga","category-medios-de-comunicacion-de-masas","category-opinion-publica","tag-bensusan-martin-m-del-pilar","tag-eduardo-roca-roca","tag-fernandez-figares-morales-m-jose","tag-francisco-garcia-garcia","tag-javier-ruiz-del-olmo","tag-saura-perez-m-pilar"],"_links":{"self":[{"href":"https:\/\/www.deberes.net\/tesis\/wp-json\/wp\/v2\/posts\/72271","targetHints":{"allow":["GET"]}}],"collection":[{"href":"https:\/\/www.deberes.net\/tesis\/wp-json\/wp\/v2\/posts"}],"about":[{"href":"https:\/\/www.deberes.net\/tesis\/wp-json\/wp\/v2\/types\/post"}],"author":[{"embeddable":true,"href":"https:\/\/www.deberes.net\/tesis\/wp-json\/wp\/v2\/users\/1"}],"replies":[{"embeddable":true,"href":"https:\/\/www.deberes.net\/tesis\/wp-json\/wp\/v2\/comments?post=72271"}],"version-history":[{"count":0,"href":"https:\/\/www.deberes.net\/tesis\/wp-json\/wp\/v2\/posts\/72271\/revisions"}],"wp:attachment":[{"href":"https:\/\/www.deberes.net\/tesis\/wp-json\/wp\/v2\/media?parent=72271"}],"wp:term":[{"taxonomy":"category","embeddable":true,"href":"https:\/\/www.deberes.net\/tesis\/wp-json\/wp\/v2\/categories?post=72271"},{"taxonomy":"post_tag","embeddable":true,"href":"https:\/\/www.deberes.net\/tesis\/wp-json\/wp\/v2\/tags?post=72271"}],"curies":[{"name":"wp","href":"https:\/\/api.w.org\/{rel}","templated":true}]}}