{"id":72307,"date":"2018-03-09T23:17:06","date_gmt":"2018-03-09T23:17:06","guid":{"rendered":"https:\/\/www.deberes.net\/tesis\/sin-categoria\/el-pie-plano-valgo-en-la-poblacion-escolar-de-cadiz\/"},"modified":"2018-03-09T23:17:06","modified_gmt":"2018-03-09T23:17:06","slug":"el-pie-plano-valgo-en-la-poblacion-escolar-de-cadiz","status":"publish","type":"post","link":"https:\/\/www.deberes.net\/tesis\/pediatria\/el-pie-plano-valgo-en-la-poblacion-escolar-de-cadiz\/","title":{"rendered":"El pie plano valgo en la poblacion escolar de cadiz"},"content":{"rendered":"<h2>Tesis doctoral de <strong> Carlos Revenga Giertych <\/strong><\/h2>\n<p>El pie plano valgo es el motivo de consulta m\u00e1s frecuente en la ortopedia infantil, reflejo de la necesidad de un correcto desarrollo pod\u00e1lico. En este trabajo realizamos un estudio y exploraci\u00f3n sobre los pies de 1014 escolares, entre los 3 y los 11 a\u00f1os, de la ciudad de c\u00e1diz, analizando factores tales como: la huella plantar al ex\u00e1men podosc\u00f3pico, el valgo de tal\u00f3n, as\u00ed como otros valores que pudiesen estar relacionados. se observa que, tanto el hundimiento del arco plantar interno como el valgo de tal\u00f3n, que existe en las edades m\u00e1s precoces, se van corrigiendo espont\u00e1neamente con el crecimiento, existiendo una relaci\u00f3n, estad\u00edsticamente significativa, entre el aumento de la edad y la normalizaci\u00f3n de dichos valores, llegando a la conclusi\u00f3n de que el desarrollo pod\u00e1lico es un proceso fisiol\u00f3gico evolutivo, no pudi\u00e9ndose considerar como un problema fisiol\u00f3gico la existencia de un pie plano en las edades m\u00e1s precoces de la infancia, ya que, en la mayor\u00eda de los casos,  se corrige espont\u00e1neamente con el crecimiento.<\/p>\n<p>&nbsp;<\/p>\n<h3>Datos acad\u00e9micos de la tesis doctoral \u00ab<strong>El pie plano valgo en la poblacion escolar de cadiz<\/strong>\u00ab<\/h3>\n<ul>\n<li><strong>T\u00edtulo de la tesis:<\/strong>\u00a0 El pie plano valgo en la poblacion escolar de cadiz <\/li>\n<li><strong>Autor:<\/strong>\u00a0 Carlos Revenga Giertych <\/li>\n<li><strong>Universidad:<\/strong>\u00a0 C\u00e1diz<\/li>\n<li><strong>Fecha de lectura de la tesis:<\/strong>\u00a0 14\/01\/2005<\/li>\n<\/ul>\n<p>&nbsp;<\/p>\n<h3>Direcci\u00f3n y tribunal<\/h3>\n<ul>\n<li><strong>Director de la tesis<\/strong>\n<ul>\n<li>Jose Sueiro Fern\u00e1ndez<\/li>\n<\/ul>\n<\/li>\n<li><strong>Tribunal<\/strong>\n<ul>\n<li>Presidente del tribunal: felipe Garrido Garc\u00eda <\/li>\n<li>enrique Guerado parra (vocal)<\/li>\n<li>Andr\u00e9s Carranza bencano (vocal)<\/li>\n<li>tomas Epeldegui torre (vocal)<\/li>\n<\/ul>\n<\/li>\n<\/ul>\n<p>&nbsp;<\/p>\n","protected":false},"excerpt":{"rendered":"<p>Tesis doctoral de Carlos Revenga Giertych El pie plano valgo es el motivo de consulta m\u00e1s frecuente en la ortopedia [&hellip;]<\/p>\n","protected":false},"author":1,"featured_media":0,"comment_status":"open","ping_status":"open","sticky":false,"template":"","format":"standard","meta":{"site-sidebar-layout":"default","site-content-layout":"","ast-site-content-layout":"","site-content-style":"default","site-sidebar-style":"default","ast-global-header-display":"","ast-banner-title-visibility":"","ast-main-header-display":"","ast-hfb-above-header-display":"","ast-hfb-below-header-display":"","ast-hfb-mobile-header-display":"","site-post-title":"","ast-breadcrumbs-content":"","ast-featured-img":"","footer-sml-layout":"","theme-transparent-header-meta":"","adv-header-id-meta":"","stick-header-meta":"","header-above-stick-meta":"","header-main-stick-meta":"","header-below-stick-meta":"","astra-migrate-meta-layouts":"default","ast-page-background-enabled":"default","ast-page-background-meta":{"desktop":{"background-color":"var(--ast-global-color-4)","background-image":"","background-repeat":"repeat","background-position":"center center","background-size":"auto","background-attachment":"scroll","background-type":"","background-media":"","overlay-type":"","overlay-color":"","overlay-gradient":""},"tablet":{"background-color":"","background-image":"","background-repeat":"repeat","background-position":"center center","background-size":"auto","background-attachment":"scroll","background-type":"","background-media":"","overlay-type":"","overlay-color":"","overlay-gradient":""},"mobile":{"background-color":"","background-image":"","background-repeat":"repeat","background-position":"center center","background-size":"auto","background-attachment":"scroll","background-type":"","background-media":"","overlay-type":"","overlay-color":"","overlay-gradient":""}},"ast-content-background-meta":{"desktop":{"background-color":"var(--ast-global-color-5)","background-image":"","background-repeat":"repeat","background-position":"center center","background-size":"auto","background-attachment":"scroll","background-type":"","background-media":"","overlay-type":"","overlay-color":"","overlay-gradient":""},"tablet":{"background-color":"var(--ast-global-color-5)","background-image":"","background-repeat":"repeat","background-position":"center center","background-size":"auto","background-attachment":"scroll","background-type":"","background-media":"","overlay-type":"","overlay-color":"","overlay-gradient":""},"mobile":{"background-color":"var(--ast-global-color-5)","background-image":"","background-repeat":"repeat","background-position":"center center","background-size":"auto","background-attachment":"scroll","background-type":"","background-media":"","overlay-type":"","overlay-color":"","overlay-gradient":""}},"footnotes":""},"categories":[1506,161,254],"tags":[11145,157271,7837,1546,7839,152080],"class_list":["post-72307","post","type-post","status-publish","format-standard","hentry","category-cadiz","category-pediatria","category-traumatologia","tag-andres-carranza-bencano","tag-carlos-revenga-giertych","tag-enrique-guerado-parra","tag-felipe-garrido-garcia","tag-jose-sueiro-fernandez","tag-tomas-epeldegui-torre"],"_links":{"self":[{"href":"https:\/\/www.deberes.net\/tesis\/wp-json\/wp\/v2\/posts\/72307","targetHints":{"allow":["GET"]}}],"collection":[{"href":"https:\/\/www.deberes.net\/tesis\/wp-json\/wp\/v2\/posts"}],"about":[{"href":"https:\/\/www.deberes.net\/tesis\/wp-json\/wp\/v2\/types\/post"}],"author":[{"embeddable":true,"href":"https:\/\/www.deberes.net\/tesis\/wp-json\/wp\/v2\/users\/1"}],"replies":[{"embeddable":true,"href":"https:\/\/www.deberes.net\/tesis\/wp-json\/wp\/v2\/comments?post=72307"}],"version-history":[{"count":0,"href":"https:\/\/www.deberes.net\/tesis\/wp-json\/wp\/v2\/posts\/72307\/revisions"}],"wp:attachment":[{"href":"https:\/\/www.deberes.net\/tesis\/wp-json\/wp\/v2\/media?parent=72307"}],"wp:term":[{"taxonomy":"category","embeddable":true,"href":"https:\/\/www.deberes.net\/tesis\/wp-json\/wp\/v2\/categories?post=72307"},{"taxonomy":"post_tag","embeddable":true,"href":"https:\/\/www.deberes.net\/tesis\/wp-json\/wp\/v2\/tags?post=72307"}],"curies":[{"name":"wp","href":"https:\/\/api.w.org\/{rel}","templated":true}]}}