{"id":72366,"date":"2018-03-09T23:17:10","date_gmt":"2018-03-09T23:17:10","guid":{"rendered":"https:\/\/www.deberes.net\/tesis\/sin-categoria\/la-comunicacion-y-la-informacion-en-situaciones-de-crisis-las-catastrofes-naturales\/"},"modified":"2018-03-09T23:17:10","modified_gmt":"2018-03-09T23:17:10","slug":"la-comunicacion-y-la-informacion-en-situaciones-de-crisis-las-catastrofes-naturales","status":"publish","type":"post","link":"https:\/\/www.deberes.net\/tesis\/sociologia\/la-comunicacion-y-la-informacion-en-situaciones-de-crisis-las-catastrofes-naturales\/","title":{"rendered":"La comunicaci\u00f3n y la informaci\u00f3n en situaciones de crisis: las catastrofes naturales"},"content":{"rendered":"<h2>Tesis doctoral de <strong> Vitor Louren\u00c1\u00a7o <\/strong><\/h2>\n<p>El presente trabajo busca realizar un nuevo abordaje en la forma como hasta ahora viene siendo tratada la relaci\u00f3n entre comunicaci\u00f3n y los fen\u00f3menos de cat\u00e1strofe. Al principio, destacamos las dos perspectivas que entendemos ser las normalmente utilizadas en este tipo de estudio:  * la comunicaci\u00f3n como un \u00e1rea por desarrollar dentro de un mapa de combate a los efectos de eventos catastr\u00f3ficos.  * las cat\u00e1strofes como un fen\u00f3meno que puede ofrecer avances de nivel te\u00f3rico a las ciencias de la comunicaci\u00f3n, una vez que representan un particular tipo de situaci\u00f3n donde es necesaria la comunicaic\u00f3n y fluye de formas extremas, tanto a nivel de sistemas de emergencia como de acci\u00f3n de los media.  cuestionamos ambas perspectivas al demostrar que subsisten varias dudas relativamente al real significado y utilizaci\u00f3n de los t\u00e9rminos cat\u00e1strofe y comunicaci\u00f3n.  esta tesis intenta relacionar la comunicaci\u00f3n y las cat\u00e1strofes, luz del paradigma sist\u00e9mico, particularmente de la forma en como el mismo puede apolicarse a ls ciencias sociales. Nos basamos en la teor\u00eda sociol\u00f3gica de niklas lu hmann para demostrar que cuando adoptamos una visi\u00f3n sist\u00e9mica de la comunicaci\u00f3n, tambi\u00e9n conseguimos hacer exactamente lo mismo para las cat\u00e1strofes, descubriendo por ello una nueva relaci\u00f3n entre los dos fen\u00f3menos. En nuestro entender, dicha relaci\u00f3n posee consecuencias, tanto sobre el cuerpo te\u00f3rico que forma las ciencias del a comunicaci\u00f3n y de la informaci\u00f3n, como tambi\u00e9n sobre el trabajo desarrollado en la prevenci\u00f3n y mitigaci\u00f3n de los efectos de fen\u00f3menos catastr\u00f3ficos.<\/p>\n<p>&nbsp;<\/p>\n<h3>Datos acad\u00e9micos de la tesis doctoral \u00ab<strong>La comunicaci\u00f3n y la informaci\u00f3n en situaciones de crisis: las catastrofes naturales<\/strong>\u00ab<\/h3>\n<ul>\n<li><strong>T\u00edtulo de la tesis:<\/strong>\u00a0 La comunicaci\u00f3n y la informaci\u00f3n en situaciones de crisis: las catastrofes naturales <\/li>\n<li><strong>Autor:<\/strong>\u00a0 Vitor Louren\u00c1\u00a7o <\/li>\n<li><strong>Universidad:<\/strong>\u00a0 Complutense de Madrid<\/li>\n<li><strong>Fecha de lectura de la tesis:<\/strong>\u00a0 20\/01\/2005<\/li>\n<\/ul>\n<p>&nbsp;<\/p>\n<h3>Direcci\u00f3n y tribunal<\/h3>\n<ul>\n<li><strong>Director de la tesis<\/strong>\n<ul>\n<li>Francisco Javier Davara Rodr\u00edguez<\/li>\n<\/ul>\n<\/li>\n<li><strong>Tribunal<\/strong>\n<ul>\n<li>Presidente del tribunal: Antonio Sanchez-brevo cenjor <\/li>\n<li> Rodriguez de almeida reginaldo (vocal)<\/li>\n<li>Luis Joyanes aguilar (vocal)<\/li>\n<li> Prieto del pino m. dolores (vocal)<\/li>\n<\/ul>\n<\/li>\n<\/ul>\n<p>&nbsp;<\/p>\n","protected":false},"excerpt":{"rendered":"<p>Tesis doctoral de Vitor Louren\u00c1\u00a7o El presente trabajo busca realizar un nuevo abordaje en la forma como hasta ahora viene [&hellip;]<\/p>\n","protected":false},"author":1,"featured_media":0,"comment_status":"open","ping_status":"open","sticky":false,"template":"","format":"standard","meta":{"site-sidebar-layout":"default","site-content-layout":"","ast-site-content-layout":"","site-content-style":"default","site-sidebar-style":"default","ast-global-header-display":"","ast-banner-title-visibility":"","ast-main-header-display":"","ast-hfb-above-header-display":"","ast-hfb-below-header-display":"","ast-hfb-mobile-header-display":"","site-post-title":"","ast-breadcrumbs-content":"","ast-featured-img":"","footer-sml-layout":"","theme-transparent-header-meta":"","adv-header-id-meta":"","stick-header-meta":"","header-above-stick-meta":"","header-main-stick-meta":"","header-below-stick-meta":"","astra-migrate-meta-layouts":"default","ast-page-background-enabled":"default","ast-page-background-meta":{"desktop":{"background-color":"var(--ast-global-color-4)","background-image":"","background-repeat":"repeat","background-position":"center center","background-size":"auto","background-attachment":"scroll","background-type":"","background-media":"","overlay-type":"","overlay-color":"","overlay-gradient":""},"tablet":{"background-color":"","background-image":"","background-repeat":"repeat","background-position":"center center","background-size":"auto","background-attachment":"scroll","background-type":"","background-media":"","overlay-type":"","overlay-color":"","overlay-gradient":""},"mobile":{"background-color":"","background-image":"","background-repeat":"repeat","background-position":"center center","background-size":"auto","background-attachment":"scroll","background-type":"","background-media":"","overlay-type":"","overlay-color":"","overlay-gradient":""}},"ast-content-background-meta":{"desktop":{"background-color":"var(--ast-global-color-5)","background-image":"","background-repeat":"repeat","background-position":"center center","background-size":"auto","background-attachment":"scroll","background-type":"","background-media":"","overlay-type":"","overlay-color":"","overlay-gradient":""},"tablet":{"background-color":"var(--ast-global-color-5)","background-image":"","background-repeat":"repeat","background-position":"center center","background-size":"auto","background-attachment":"scroll","background-type":"","background-media":"","overlay-type":"","overlay-color":"","overlay-gradient":""},"mobile":{"background-color":"var(--ast-global-color-5)","background-image":"","background-repeat":"repeat","background-position":"center center","background-size":"auto","background-attachment":"scroll","background-type":"","background-media":"","overlay-type":"","overlay-color":"","overlay-gradient":""}},"footnotes":""},"categories":[4735,269],"tags":[157393,4845,40865,24171,157394,157392],"class_list":["post-72366","post","type-post","status-publish","format-standard","hentry","category-comunicaciones-sociales","category-sociologia","tag-antonio-sanchez-brevo-cenjor","tag-francisco-javier-davara-rodriguez","tag-luis-joyanes-aguilar","tag-prieto-del-pino-m-dolores","tag-rodriguez-de-almeida-reginaldo","tag-vitor-lourenao"],"_links":{"self":[{"href":"https:\/\/www.deberes.net\/tesis\/wp-json\/wp\/v2\/posts\/72366","targetHints":{"allow":["GET"]}}],"collection":[{"href":"https:\/\/www.deberes.net\/tesis\/wp-json\/wp\/v2\/posts"}],"about":[{"href":"https:\/\/www.deberes.net\/tesis\/wp-json\/wp\/v2\/types\/post"}],"author":[{"embeddable":true,"href":"https:\/\/www.deberes.net\/tesis\/wp-json\/wp\/v2\/users\/1"}],"replies":[{"embeddable":true,"href":"https:\/\/www.deberes.net\/tesis\/wp-json\/wp\/v2\/comments?post=72366"}],"version-history":[{"count":0,"href":"https:\/\/www.deberes.net\/tesis\/wp-json\/wp\/v2\/posts\/72366\/revisions"}],"wp:attachment":[{"href":"https:\/\/www.deberes.net\/tesis\/wp-json\/wp\/v2\/media?parent=72366"}],"wp:term":[{"taxonomy":"category","embeddable":true,"href":"https:\/\/www.deberes.net\/tesis\/wp-json\/wp\/v2\/categories?post=72366"},{"taxonomy":"post_tag","embeddable":true,"href":"https:\/\/www.deberes.net\/tesis\/wp-json\/wp\/v2\/tags?post=72366"}],"curies":[{"name":"wp","href":"https:\/\/api.w.org\/{rel}","templated":true}]}}