{"id":72381,"date":"2018-03-09T23:17:10","date_gmt":"2018-03-09T23:17:10","guid":{"rendered":"https:\/\/www.deberes.net\/tesis\/sin-categoria\/la-television-como-servicio-de-interes-economico-general-una-perspectiva-comunitaria\/"},"modified":"2018-03-09T23:17:10","modified_gmt":"2018-03-09T23:17:10","slug":"la-television-como-servicio-de-interes-economico-general-una-perspectiva-comunitaria","status":"publish","type":"post","link":"https:\/\/www.deberes.net\/tesis\/ciencias-juridicas-y-derecho\/la-television-como-servicio-de-interes-economico-general-una-perspectiva-comunitaria\/","title":{"rendered":"La televisi\u00f3n como servicio de inter\u00e9s econ\u00f3mico general. una perspectiva comunitaria"},"content":{"rendered":"<h2>Tesis doctoral de <strong> Mercedes Mu\u00f1oz Salda\u00f1a <\/strong><\/h2>\n<p>Tltulo: la televisi\u00f3n como servicio de inter\u00e9s econ\u00f3mico general.  Una perspectiva comunitaria resumen: las autoridades estatales y comunitarias se enfrentan a la tarea de redefinir el marco jur\u00eddico que afecta a los servicios televisivos europeos con el dif\u00edcil reto de adoptar una configuraci\u00f3n capaz de asimilar las m\u00faltiples exigencias que se derivan de la multifac\u00e9tica naturaleza que define la televisi\u00f3n, como parte de este proceso, pr\u00e1cticamente la totalidad de las televisiones p\u00fablicas europeas se encuentran sometidas en la actualidad a un per\u00edodo de redefinici\u00f3n en el que el control de la doble financiaci\u00f3n de los entes p\u00fablicos, la rebaba de las obligaciones que afectan a los operadores privados o la flexibilizaci\u00f3n de las restricciones en la propiedad y gesti\u00f3n de las televisiones constituyen las reclamaciones esenciales de un sector privado en crecimiento. El derecho comunitario, ya que la pol\u00edtica audiovisual forma parte indiscutible, de las competencias comunitarias, ha participado en dicho proceso ofreciendo una nueva perspectiva que se construye sobre la calificaci\u00f3n de los servicios televisivos como servicios de inter\u00e9s econ\u00f3mico general. En concreto, la jurisprudencia europea en materia audiovisual, pionera de dicha calificaci\u00f3n, permite deducir las consecuencias de incorporar esta regulaci\u00f3n a las legislaciones nacionales. La competencia entre operadores, el control de las posibles excepciones, la redefinici\u00f3n de las misiones de servicio p\u00fablico y la creaci\u00f3n de organismos de regulaci\u00f3n independientes son algunas de las consecuencias del enfoque comunitario. Aunque la perspectiva comunitaria cuenta con luces y sombras, sus aportaciones permiten construir un modelo de televisi\u00f3n m\u00e1s estable, acorde con las nuevas leyes del mercado y, por encima de todo, al servicio de los ciudadanos.<\/p>\n<p>&nbsp;<\/p>\n<h3>Datos acad\u00e9micos de la tesis doctoral \u00ab<strong>La televisi\u00f3n como servicio de inter\u00e9s econ\u00f3mico general. una perspectiva comunitaria<\/strong>\u00ab<\/h3>\n<ul>\n<li><strong>T\u00edtulo de la tesis:<\/strong>\u00a0 La televisi\u00f3n como servicio de inter\u00e9s econ\u00f3mico general. una perspectiva comunitaria <\/li>\n<li><strong>Autor:<\/strong>\u00a0 Mercedes Mu\u00f1oz Salda\u00f1a <\/li>\n<li><strong>Universidad:<\/strong>\u00a0 Navarra<\/li>\n<li><strong>Fecha de lectura de la tesis:<\/strong>\u00a0 20\/01\/2005<\/li>\n<\/ul>\n<p>&nbsp;<\/p>\n<h3>Direcci\u00f3n y tribunal<\/h3>\n<ul>\n<li><strong>Director de la tesis<\/strong>\n<ul>\n<li>Ana Azurmendi Adarraga<\/li>\n<\/ul>\n<\/li>\n<li><strong>Tribunal<\/strong>\n<ul>\n<li>Presidente del tribunal: teodoro Gonzalez ballesteros <\/li>\n<li>borja Lopez jurado (vocal)<\/li>\n<li>aranzazu Perez moriones (vocal)<\/li>\n<li>emmanuel Derieux (vocal)<\/li>\n<\/ul>\n<\/li>\n<\/ul>\n<p>&nbsp;<\/p>\n","protected":false},"excerpt":{"rendered":"<p>Tesis doctoral de Mercedes Mu\u00f1oz Salda\u00f1a Tltulo: la televisi\u00f3n como servicio de inter\u00e9s econ\u00f3mico general. Una perspectiva comunitaria resumen: las [&hellip;]<\/p>\n","protected":false},"author":1,"featured_media":0,"comment_status":"open","ping_status":"open","sticky":false,"template":"","format":"standard","meta":{"site-sidebar-layout":"default","site-content-layout":"","ast-site-content-layout":"","site-content-style":"default","site-sidebar-style":"default","ast-global-header-display":"","ast-banner-title-visibility":"","ast-main-header-display":"","ast-hfb-above-header-display":"","ast-hfb-below-header-display":"","ast-hfb-mobile-header-display":"","site-post-title":"","ast-breadcrumbs-content":"","ast-featured-img":"","footer-sml-layout":"","theme-transparent-header-meta":"","adv-header-id-meta":"","stick-header-meta":"","header-above-stick-meta":"","header-main-stick-meta":"","header-below-stick-meta":"","astra-migrate-meta-layouts":"default","ast-page-background-enabled":"default","ast-page-background-meta":{"desktop":{"background-color":"var(--ast-global-color-4)","background-image":"","background-repeat":"repeat","background-position":"center center","background-size":"auto","background-attachment":"scroll","background-type":"","background-media":"","overlay-type":"","overlay-color":"","overlay-gradient":""},"tablet":{"background-color":"","background-image":"","background-repeat":"repeat","background-position":"center center","background-size":"auto","background-attachment":"scroll","background-type":"","background-media":"","overlay-type":"","overlay-color":"","overlay-gradient":""},"mobile":{"background-color":"","background-image":"","background-repeat":"repeat","background-position":"center center","background-size":"auto","background-attachment":"scroll","background-type":"","background-media":"","overlay-type":"","overlay-color":"","overlay-gradient":""}},"ast-content-background-meta":{"desktop":{"background-color":"var(--ast-global-color-5)","background-image":"","background-repeat":"repeat","background-position":"center center","background-size":"auto","background-attachment":"scroll","background-type":"","background-media":"","overlay-type":"","overlay-color":"","overlay-gradient":""},"tablet":{"background-color":"var(--ast-global-color-5)","background-image":"","background-repeat":"repeat","background-position":"center center","background-size":"auto","background-attachment":"scroll","background-type":"","background-media":"","overlay-type":"","overlay-color":"","overlay-gradient":""},"mobile":{"background-color":"var(--ast-global-color-5)","background-image":"","background-repeat":"repeat","background-position":"center center","background-size":"auto","background-attachment":"scroll","background-type":"","background-media":"","overlay-type":"","overlay-color":"","overlay-gradient":""}},"footnotes":""},"categories":[612,17749,13482],"tags":[92301,32275,157426,157427,157425,24544],"class_list":["post-72381","post","type-post","status-publish","format-standard","hentry","category-ciencias-juridicas-y-derecho","category-navarra","category-politica-de-la-informacion","tag-ana-azurmendi-adarraga","tag-aranzazu-perez-moriones","tag-borja-lopez-jurado","tag-emmanuel-derieux","tag-mercedes-munoz-saldana","tag-teodoro-gonzalez-ballesteros"],"_links":{"self":[{"href":"https:\/\/www.deberes.net\/tesis\/wp-json\/wp\/v2\/posts\/72381","targetHints":{"allow":["GET"]}}],"collection":[{"href":"https:\/\/www.deberes.net\/tesis\/wp-json\/wp\/v2\/posts"}],"about":[{"href":"https:\/\/www.deberes.net\/tesis\/wp-json\/wp\/v2\/types\/post"}],"author":[{"embeddable":true,"href":"https:\/\/www.deberes.net\/tesis\/wp-json\/wp\/v2\/users\/1"}],"replies":[{"embeddable":true,"href":"https:\/\/www.deberes.net\/tesis\/wp-json\/wp\/v2\/comments?post=72381"}],"version-history":[{"count":0,"href":"https:\/\/www.deberes.net\/tesis\/wp-json\/wp\/v2\/posts\/72381\/revisions"}],"wp:attachment":[{"href":"https:\/\/www.deberes.net\/tesis\/wp-json\/wp\/v2\/media?parent=72381"}],"wp:term":[{"taxonomy":"category","embeddable":true,"href":"https:\/\/www.deberes.net\/tesis\/wp-json\/wp\/v2\/categories?post=72381"},{"taxonomy":"post_tag","embeddable":true,"href":"https:\/\/www.deberes.net\/tesis\/wp-json\/wp\/v2\/tags?post=72381"}],"curies":[{"name":"wp","href":"https:\/\/api.w.org\/{rel}","templated":true}]}}