{"id":72401,"date":"2018-03-09T23:17:10","date_gmt":"2018-03-09T23:17:10","guid":{"rendered":"https:\/\/www.deberes.net\/tesis\/sin-categoria\/el-monte-atos-desde-principios-del-s-xv-hasta-principios-del-s-xvi-economa%c2%ada-sociedad-y-cultura\/"},"modified":"2018-03-09T23:17:10","modified_gmt":"2018-03-09T23:17:10","slug":"el-monte-atos-desde-principios-del-s-xv-hasta-principios-del-s-xvi-economa%c2%ada-sociedad-y-cultura","status":"publish","type":"post","link":"https:\/\/www.deberes.net\/tesis\/linguistica\/el-monte-atos-desde-principios-del-s-xv-hasta-principios-del-s-xvi-economa%c2%ada-sociedad-y-cultura\/","title":{"rendered":"El monte atos desde principios del s. xv hasta principios del s. xvi: econom\u00eda, sociedad y cultura"},"content":{"rendered":"<h2>Tesis doctoral de <strong> Il\u00edas Karageorgos <\/strong><\/h2>\n<p>En esta tesis se tiene como fin obtener una imagen global de la vida en el monte atos durante los siglos xv y xvi. Para ello se ha centrado la atenci\u00f3n de manera especial en los sucesos hist\u00f3ricos, en las instituciones administrativas atonitas, en la b\u00fasqueda religiosa y espiritual de los pobladores del atos, y, finalmente, en las relaciones del atos con el patriarcado de constantinopla.  se ha analizado de manera sistem\u00e1tica la situaci\u00f3n que afect\u00f3 al sistema monacal del atos y el papel que desempe\u00f1aron sus monasterios en el per\u00edodo de transici\u00f3n que se extienda desde los \u00faltimos a\u00f1os de la \u00e9poca bizantina hasta el primer siglo de dominaci\u00f3n otomano (siglo xiv a mediados del xvi).  el estudio del tema se ha realizado a trav\u00e9s de la lectura e interpretaci\u00f3n de fuentes textuales, en su mayor parte editadas, aunque tambi\u00e9n se han examinado diversos documentos in\u00e9ditos, depositados en los archivos monasteriales del atos. Del mismo modo, se ha utilizado numerosos testimonios coet\u00e1neos a esta \u00e9poca y abundante informaci\u00f3n secundaria relativa a los asuntos tratados.<\/p>\n<p>&nbsp;<\/p>\n<h3>Datos acad\u00e9micos de la tesis doctoral \u00ab<strong>El monte atos desde principios del s. xv hasta principios del s. xvi: econom\u00eda, sociedad y cultura<\/strong>\u00ab<\/h3>\n<ul>\n<li><strong>T\u00edtulo de la tesis:<\/strong>\u00a0 El monte atos desde principios del s. xv hasta principios del s. xvi: econom\u00eda, sociedad y cultura <\/li>\n<li><strong>Autor:<\/strong>\u00a0 Il\u00edas Karageorgos <\/li>\n<li><strong>Universidad:<\/strong>\u00a0 Oviedo<\/li>\n<li><strong>Fecha de lectura de la tesis:<\/strong>\u00a0 21\/01\/2005<\/li>\n<\/ul>\n<p>&nbsp;<\/p>\n<h3>Direcci\u00f3n y tribunal<\/h3>\n<ul>\n<li><strong>Director de la tesis<\/strong>\n<ul>\n<li>Javier Mart\u00ednez Garc\u00eda<\/li>\n<\/ul>\n<\/li>\n<li><strong>Tribunal<\/strong>\n<ul>\n<li>Presidente del tribunal: narciso Santos yanguas <\/li>\n<li> Marcos hierro ernest emili (vocal)<\/li>\n<li>Antonio Guzm\u00e1n guerra (vocal)<\/li>\n<li> Ram\u00f3n palerm vicente Manuel (vocal)<\/li>\n<\/ul>\n<\/li>\n<\/ul>\n<p>&nbsp;<\/p>\n","protected":false},"excerpt":{"rendered":"<p>Tesis doctoral de Il\u00edas Karageorgos En esta tesis se tiene como fin obtener una imagen global de la vida en [&hellip;]<\/p>\n","protected":false},"author":1,"featured_media":0,"comment_status":"open","ping_status":"open","sticky":false,"template":"","format":"standard","meta":{"site-sidebar-layout":"default","site-content-layout":"","ast-site-content-layout":"","site-content-style":"default","site-sidebar-style":"default","ast-global-header-display":"","ast-banner-title-visibility":"","ast-main-header-display":"","ast-hfb-above-header-display":"","ast-hfb-below-header-display":"","ast-hfb-mobile-header-display":"","site-post-title":"","ast-breadcrumbs-content":"","ast-featured-img":"","footer-sml-layout":"","theme-transparent-header-meta":"","adv-header-id-meta":"","stick-header-meta":"","header-above-stick-meta":"","header-main-stick-meta":"","header-below-stick-meta":"","astra-migrate-meta-layouts":"default","ast-page-background-enabled":"default","ast-page-background-meta":{"desktop":{"background-color":"var(--ast-global-color-4)","background-image":"","background-repeat":"repeat","background-position":"center center","background-size":"auto","background-attachment":"scroll","background-type":"","background-media":"","overlay-type":"","overlay-color":"","overlay-gradient":""},"tablet":{"background-color":"","background-image":"","background-repeat":"repeat","background-position":"center center","background-size":"auto","background-attachment":"scroll","background-type":"","background-media":"","overlay-type":"","overlay-color":"","overlay-gradient":""},"mobile":{"background-color":"","background-image":"","background-repeat":"repeat","background-position":"center center","background-size":"auto","background-attachment":"scroll","background-type":"","background-media":"","overlay-type":"","overlay-color":"","overlay-gradient":""}},"ast-content-background-meta":{"desktop":{"background-color":"var(--ast-global-color-5)","background-image":"","background-repeat":"repeat","background-position":"center center","background-size":"auto","background-attachment":"scroll","background-type":"","background-media":"","overlay-type":"","overlay-color":"","overlay-gradient":""},"tablet":{"background-color":"var(--ast-global-color-5)","background-image":"","background-repeat":"repeat","background-position":"center center","background-size":"auto","background-attachment":"scroll","background-type":"","background-media":"","overlay-type":"","overlay-color":"","overlay-gradient":""},"mobile":{"background-color":"var(--ast-global-color-5)","background-image":"","background-repeat":"repeat","background-position":"center center","background-size":"auto","background-attachment":"scroll","background-type":"","background-media":"","overlay-type":"","overlay-color":"","overlay-gradient":""}},"footnotes":""},"categories":[147,149,104,3538,639,222,59,60,8846,21799,628],"tags":[6471,157466,144366,156126,12997,157467],"class_list":["post-72401","post","type-post","status-publish","format-standard","hentry","category-ciencias-de-las-artes-y-las-letras","category-critica-de-textos","category-historia","category-historia-de-las-ideas-politicas","category-historia-de-paises","category-historias-especializadas","category-linguistica","category-linguistica-aplicada","category-oviedo","category-patologia-y-correccion-del-lenguaje","category-teoria-analisis-y-critica-literarios","tag-antonio-guzman-guerra","tag-ilias-karageorgos","tag-javier-Martinez-garcia","tag-marcos-hierro-ernest-emili","tag-narciso-santos-yanguas","tag-ramon-palerm-vicente-manuel"],"_links":{"self":[{"href":"https:\/\/www.deberes.net\/tesis\/wp-json\/wp\/v2\/posts\/72401","targetHints":{"allow":["GET"]}}],"collection":[{"href":"https:\/\/www.deberes.net\/tesis\/wp-json\/wp\/v2\/posts"}],"about":[{"href":"https:\/\/www.deberes.net\/tesis\/wp-json\/wp\/v2\/types\/post"}],"author":[{"embeddable":true,"href":"https:\/\/www.deberes.net\/tesis\/wp-json\/wp\/v2\/users\/1"}],"replies":[{"embeddable":true,"href":"https:\/\/www.deberes.net\/tesis\/wp-json\/wp\/v2\/comments?post=72401"}],"version-history":[{"count":0,"href":"https:\/\/www.deberes.net\/tesis\/wp-json\/wp\/v2\/posts\/72401\/revisions"}],"wp:attachment":[{"href":"https:\/\/www.deberes.net\/tesis\/wp-json\/wp\/v2\/media?parent=72401"}],"wp:term":[{"taxonomy":"category","embeddable":true,"href":"https:\/\/www.deberes.net\/tesis\/wp-json\/wp\/v2\/categories?post=72401"},{"taxonomy":"post_tag","embeddable":true,"href":"https:\/\/www.deberes.net\/tesis\/wp-json\/wp\/v2\/tags?post=72401"}],"curies":[{"name":"wp","href":"https:\/\/api.w.org\/{rel}","templated":true}]}}