{"id":72452,"date":"2018-03-09T23:17:14","date_gmt":"2018-03-09T23:17:14","guid":{"rendered":"https:\/\/www.deberes.net\/tesis\/sin-categoria\/unidad-de-conciencia-y-conciencia-del-tiempo-en-la-psicologa%c2%ada-descriptiva-de-fran-brentano\/"},"modified":"2018-03-09T23:17:14","modified_gmt":"2018-03-09T23:17:14","slug":"unidad-de-conciencia-y-conciencia-del-tiempo-en-la-psicologa%c2%ada-descriptiva-de-fran-brentano","status":"publish","type":"post","link":"https:\/\/www.deberes.net\/tesis\/filosofia\/unidad-de-conciencia-y-conciencia-del-tiempo-en-la-psicologa%c2%ada-descriptiva-de-fran-brentano\/","title":{"rendered":"Unidad de conciencia y conciencia del tiempo en la psicolog\u00eda descriptiva de fran brentano"},"content":{"rendered":"<h2>Tesis doctoral de <strong> Manuel Abella Mart\u00ednez <\/strong><\/h2>\n<p>El fil\u00f3sofo alem\u00e1n franz brentano (1838-1917) dedic\u00f3 buena parte de sus investigaciones al estudio de la conciencia del tiempo. En nuestro trabajo, nos hemos propuesto reconstruir las diferentes fases por las que pas\u00f3 el autor en su tratamiento del problema y tambi\u00e9n, sobre todo, analizar las razones de esa evoluci\u00f3n. Al hacerlo, se descubre que los cambios en torno al problema de la conciencias del tiempo tiene que ver con variaciones m\u00e1s generales en el marco de la filosof\u00eda brantaniana. Y se descubre tambi\u00e9n, inversamente, que algunas de estas variaciones generales se deben a dificultades surgidas en el an\u00e1lisis de la conciencia del tiempo. De esta manera, la exposici\u00f3n del problema propuesto se convierte en un buen hilo conductor para comprender el desarrollo de la filosof\u00eda de brentano y el origen de algunas de sus ideas centrales en ontolog\u00eda y epistemolog\u00eda.  con ello, el presente trabajo aspira a un doble fin: por un lado, ofrecer un an\u00e1lisis cr\u00edtico de las propias teor\u00edas de brentano en torno al tiempo, que puede ser de inter\u00e9s no s\u00f3lo para el estudiosos de brentano, sino tambi\u00e9n, por ejemplo, para una mejor comprensi\u00f3n de las ideas de husserl y meinong sobre el mismo tema (ambos fueron disc\u00edpulos de brentano). Por otro lado, ofrecer principios generales que permitan la exposici\u00f3n ordenada de brentano en su desarrollo hist\u00f3rico.<\/p>\n<p>&nbsp;<\/p>\n<h3>Datos acad\u00e9micos de la tesis doctoral \u00ab<strong>Unidad de conciencia y conciencia del tiempo en la psicolog\u00eda descriptiva de fran brentano<\/strong>\u00ab<\/h3>\n<ul>\n<li><strong>T\u00edtulo de la tesis:<\/strong>\u00a0 Unidad de conciencia y conciencia del tiempo en la psicolog\u00eda descriptiva de fran brentano <\/li>\n<li><strong>Autor:<\/strong>\u00a0 Manuel Abella Mart\u00ednez <\/li>\n<li><strong>Universidad:<\/strong>\u00a0 Complutense de Madrid<\/li>\n<li><strong>Fecha de lectura de la tesis:<\/strong>\u00a0 25\/01\/2005<\/li>\n<\/ul>\n<p>&nbsp;<\/p>\n<h3>Direcci\u00f3n y tribunal<\/h3>\n<ul>\n<li><strong>Director de la tesis<\/strong>\n<ul>\n<li>bar\u00f3 Lopez Garcia<\/li>\n<\/ul>\n<\/li>\n<li><strong>Tribunal<\/strong>\n<ul>\n<li>Presidente del tribunal: ram\u00f3n Rodr\u00edguez Garc\u00eda <\/li>\n<li>  (vocal)<\/li>\n<li>  (vocal)<\/li>\n<li>  (vocal)<\/li>\n<\/ul>\n<\/li>\n<\/ul>\n<p>&nbsp;<\/p>\n","protected":false},"excerpt":{"rendered":"<p>Tesis doctoral de Manuel Abella Mart\u00ednez El fil\u00f3sofo alem\u00e1n franz brentano (1838-1917) dedic\u00f3 buena parte de sus investigaciones al estudio [&hellip;]<\/p>\n","protected":false},"author":1,"featured_media":0,"comment_status":"open","ping_status":"open","sticky":false,"template":"","format":"standard","meta":{"site-sidebar-layout":"default","site-content-layout":"","ast-site-content-layout":"","site-content-style":"default","site-sidebar-style":"default","ast-global-header-display":"","ast-banner-title-visibility":"","ast-main-header-display":"","ast-hfb-above-header-display":"","ast-hfb-below-header-display":"","ast-hfb-mobile-header-display":"","site-post-title":"","ast-breadcrumbs-content":"","ast-featured-img":"","footer-sml-layout":"","theme-transparent-header-meta":"","adv-header-id-meta":"","stick-header-meta":"","header-above-stick-meta":"","header-main-stick-meta":"","header-below-stick-meta":"","astra-migrate-meta-layouts":"default","ast-page-background-enabled":"default","ast-page-background-meta":{"desktop":{"background-color":"var(--ast-global-color-4)","background-image":"","background-repeat":"repeat","background-position":"center center","background-size":"auto","background-attachment":"scroll","background-type":"","background-media":"","overlay-type":"","overlay-color":"","overlay-gradient":""},"tablet":{"background-color":"","background-image":"","background-repeat":"repeat","background-position":"center center","background-size":"auto","background-attachment":"scroll","background-type":"","background-media":"","overlay-type":"","overlay-color":"","overlay-gradient":""},"mobile":{"background-color":"","background-image":"","background-repeat":"repeat","background-position":"center center","background-size":"auto","background-attachment":"scroll","background-type":"","background-media":"","overlay-type":"","overlay-color":"","overlay-gradient":""}},"ast-content-background-meta":{"desktop":{"background-color":"var(--ast-global-color-5)","background-image":"","background-repeat":"repeat","background-position":"center center","background-size":"auto","background-attachment":"scroll","background-type":"","background-media":"","overlay-type":"","overlay-color":"","overlay-gradient":""},"tablet":{"background-color":"var(--ast-global-color-5)","background-image":"","background-repeat":"repeat","background-position":"center center","background-size":"auto","background-attachment":"scroll","background-type":"","background-media":"","overlay-type":"","overlay-color":"","overlay-gradient":""},"mobile":{"background-color":"var(--ast-global-color-5)","background-image":"","background-repeat":"repeat","background-position":"center center","background-size":"auto","background-attachment":"scroll","background-type":"","background-media":"","overlay-type":"","overlay-color":"","overlay-gradient":""}},"footnotes":""},"categories":[165,956],"tags":[51041,157562,6319],"class_list":["post-72452","post","type-post","status-publish","format-standard","hentry","category-filosofia","category-filosofia-del-conocimiento","tag-baro-lopez-garcia","tag-manuel-abella-Martinez","tag-ramon-rodriguez-garcia"],"_links":{"self":[{"href":"https:\/\/www.deberes.net\/tesis\/wp-json\/wp\/v2\/posts\/72452","targetHints":{"allow":["GET"]}}],"collection":[{"href":"https:\/\/www.deberes.net\/tesis\/wp-json\/wp\/v2\/posts"}],"about":[{"href":"https:\/\/www.deberes.net\/tesis\/wp-json\/wp\/v2\/types\/post"}],"author":[{"embeddable":true,"href":"https:\/\/www.deberes.net\/tesis\/wp-json\/wp\/v2\/users\/1"}],"replies":[{"embeddable":true,"href":"https:\/\/www.deberes.net\/tesis\/wp-json\/wp\/v2\/comments?post=72452"}],"version-history":[{"count":0,"href":"https:\/\/www.deberes.net\/tesis\/wp-json\/wp\/v2\/posts\/72452\/revisions"}],"wp:attachment":[{"href":"https:\/\/www.deberes.net\/tesis\/wp-json\/wp\/v2\/media?parent=72452"}],"wp:term":[{"taxonomy":"category","embeddable":true,"href":"https:\/\/www.deberes.net\/tesis\/wp-json\/wp\/v2\/categories?post=72452"},{"taxonomy":"post_tag","embeddable":true,"href":"https:\/\/www.deberes.net\/tesis\/wp-json\/wp\/v2\/tags?post=72452"}],"curies":[{"name":"wp","href":"https:\/\/api.w.org\/{rel}","templated":true}]}}