{"id":72482,"date":"2018-03-09T23:17:18","date_gmt":"2018-03-09T23:17:18","guid":{"rendered":"https:\/\/www.deberes.net\/tesis\/sin-categoria\/estudi-de-les-unitats-fraseola%c2%b2giques-antropona%c2%admiques-catalanes-aplicacio-al-fra-sic-del-diccionari-catala-valencia-balear\/"},"modified":"2018-03-09T23:17:18","modified_gmt":"2018-03-09T23:17:18","slug":"estudi-de-les-unitats-fraseola%c2%b2giques-antropona%c2%admiques-catalanes-aplicacio-al-fra-sic-del-diccionari-catala-valencia-balear","status":"publish","type":"post","link":"https:\/\/www.deberes.net\/tesis\/linguistica\/estudi-de-les-unitats-fraseola%c2%b2giques-antropona%c2%admiques-catalanes-aplicacio-al-fra-sic-del-diccionari-catala-valencia-balear\/","title":{"rendered":"Estudi de les unitats fraseol\u00f3giques antropon\u00edmiques catalanes: aplicaci\u00f3 al fr\u00c1\u00a0sic del diccionari catal\u00c1\u00a0-valenci\u00c1\u00a0-balear"},"content":{"rendered":"<h2>Tesis doctoral de <strong>  Pinter Soler Silvia Juan a <\/strong><\/h2>\n<p>Esta tesis sobre fraseolog\u00eda antropon\u00edmica catalana, presenta dos partes claramente diferenciadas. En la primera parte (cap\u00edtulos 1 a 4) se centra en los siguientes aspectos te\u00f3ricos:  &#8211; en el cap\u00edtulo 1 ofrece una revisi\u00f3n de los trabajos sobre fraseolog\u00eda con la finalidad de clarificar cuestiones terminol\u00f3gicas sobre esta disciplina para analizar el panorama actual de la fraseolog\u00eda catalana y, concretamente, la antroponimia.  &#8211; en el cap\u00edtulo 2 se analiza el concepto y las caracter\u00edsticas de las unidades fraseol\u00f3gicas con el objetivo de proponer una clasificaci\u00ed\u00b2n v\u00e1lida para el trabajo.  &#8211; en el cap\u00edtulo 3 hacemos la descripci\u00f3n y la caracterizaci\u00f3n de los refranes y tambi\u00e9n un an\u00e1lisis de su fuerza ilocutiva y la funci\u00f3n discursiva.  &#8211; por \u00faltimo, en el cap\u00edtulo 4 ofrecemos una aproximaci\u00f3n al estudio del antrop\u00f3nimo a partir de su identidad ling\u00ed\u00bc\u00edstica, la funci\u00f3n y la tipolog\u00eda.  la segunda parte del estudio se centra en su aplicaci\u00f3n al fr\u00e1sico antropon\u00edmico catal\u00e1n, a partir del cual hemos examinado, en el cap\u00edtulo 5, la funci\u00f3n , la motivaci\u00f3n y las fuentes de la antroponimia y los criterios gramaticales que presentan.  en el cap\u00edtulo 6 aplicamos tanto los aspectos fraseol\u00f3gicos comos los antropon\u00edmicos al fr\u00e1sico del \u00ab\u00bbdiccionari catal\u00ed\u00a0-valenci\u00ed\u00a0-balear\u00bb\u00bb, con la finalidad de ensayar y proponer un criterio de clasificaci\u00f3n adecuado al compendio fraseogr\u00e1fico antropon\u00edmico catal\u00e1n iniciado con este estudio.  por \u00faltimo, en el cap\u00edtulo 7, presentamos un an\u00e1lisis exhaustivo del fr\u00e1sico antropon\u00edmico del \u00ab\u00bbdiccionari catal\u00ed\u00a0-valenci\u00ed\u00a0-balear\u00bb\u00bb en el que revisamos cada una de las unidades fraseol\u00f3gicas a partir de los \u00edtems siguientes: informaci\u00f3n de alcover moll, interpretaci\u00f3n, comentario sobre el antrop\u00f3nimo, documentaci\u00f3 y correspondencia con otras lenguas.  completamos las tesis con los ap\u00e9ndices donde recopilamos el fr\u00e1sico antropon\u00edmico del \u00ab\u00bbdiccionari catal\u00ed\u00a0-va<\/p>\n<p>&nbsp;<\/p>\n<h3>Datos acad\u00e9micos de la tesis doctoral \u00ab<strong>Estudi de les unitats fraseol\u00f3giques antropon\u00edmiques catalanes: aplicaci\u00f3 al fr\u00c1\u00a0sic del diccionari catal\u00c1\u00a0-valenci\u00c1\u00a0-balear<\/strong>\u00ab<\/h3>\n<ul>\n<li><strong>T\u00edtulo de la tesis:<\/strong>\u00a0 Estudi de les unitats fraseol\u00f3giques antropon\u00edmiques catalanes: aplicaci\u00f3 al fr\u00c1\u00a0sic del diccionari catal\u00c1\u00a0-valenci\u00c1\u00a0-balear <\/li>\n<li><strong>Autor:<\/strong>\u00a0  Pinter Soler Silvia Juan a <\/li>\n<li><strong>Universidad:<\/strong>\u00a0 Universitat de val\u00e9ncia (estudi general)<\/li>\n<li><strong>Fecha de lectura de la tesis:<\/strong>\u00a0 27\/01\/2005<\/li>\n<\/ul>\n<p>&nbsp;<\/p>\n<h3>Direcci\u00f3n y tribunal<\/h3>\n<ul>\n<li><strong>Director de la tesis<\/strong>\n<ul>\n<li>Mar\u00eda Conca Mart\u00ednez<\/li>\n<\/ul>\n<\/li>\n<li><strong>Tribunal<\/strong>\n<ul>\n<li>Presidente del tribunal: joan Veny clar <\/li>\n<li>vicent Manuel Salvador liern (vocal)<\/li>\n<li>angel Iglesias ovejero (vocal)<\/li>\n<li>miquel Nicol\u00ed\u00a0s amor\u00f3s (vocal)<\/li>\n<\/ul>\n<\/li>\n<\/ul>\n<p>&nbsp;<\/p>\n","protected":false},"excerpt":{"rendered":"<p>Tesis doctoral de Pinter Soler Silvia Juan a Esta tesis sobre fraseolog\u00eda antropon\u00edmica catalana, presenta dos partes claramente diferenciadas. En [&hellip;]<\/p>\n","protected":false},"author":1,"featured_media":0,"comment_status":"open","ping_status":"open","sticky":false,"template":"","format":"standard","meta":{"site-sidebar-layout":"default","site-content-layout":"","ast-site-content-layout":"","site-content-style":"default","site-sidebar-style":"default","ast-global-header-display":"","ast-banner-title-visibility":"","ast-main-header-display":"","ast-hfb-above-header-display":"","ast-hfb-below-header-display":"","ast-hfb-mobile-header-display":"","site-post-title":"","ast-breadcrumbs-content":"","ast-featured-img":"","footer-sml-layout":"","theme-transparent-header-meta":"","adv-header-id-meta":"","stick-header-meta":"","header-above-stick-meta":"","header-main-stick-meta":"","header-below-stick-meta":"","astra-migrate-meta-layouts":"default","ast-page-background-enabled":"default","ast-page-background-meta":{"desktop":{"background-color":"var(--ast-global-color-4)","background-image":"","background-repeat":"repeat","background-position":"center center","background-size":"auto","background-attachment":"scroll","background-type":"","background-media":"","overlay-type":"","overlay-color":"","overlay-gradient":""},"tablet":{"background-color":"","background-image":"","background-repeat":"repeat","background-position":"center center","background-size":"auto","background-attachment":"scroll","background-type":"","background-media":"","overlay-type":"","overlay-color":"","overlay-gradient":""},"mobile":{"background-color":"","background-image":"","background-repeat":"repeat","background-position":"center center","background-size":"auto","background-attachment":"scroll","background-type":"","background-media":"","overlay-type":"","overlay-color":"","overlay-gradient":""}},"ast-content-background-meta":{"desktop":{"background-color":"var(--ast-global-color-5)","background-image":"","background-repeat":"repeat","background-position":"center center","background-size":"auto","background-attachment":"scroll","background-type":"","background-media":"","overlay-type":"","overlay-color":"","overlay-gradient":""},"tablet":{"background-color":"var(--ast-global-color-5)","background-image":"","background-repeat":"repeat","background-position":"center center","background-size":"auto","background-attachment":"scroll","background-type":"","background-media":"","overlay-type":"","overlay-color":"","overlay-gradient":""},"mobile":{"background-color":"var(--ast-global-color-5)","background-image":"","background-repeat":"repeat","background-position":"center center","background-size":"auto","background-attachment":"scroll","background-type":"","background-media":"","overlay-type":"","overlay-color":"","overlay-gradient":""}},"footnotes":""},"categories":[1624,2142,104,59],"tags":[107814,13535,157618,157619,157617,11472],"class_list":["post-72482","post","type-post","status-publish","format-standard","hentry","category-ciencias-auxiliares-de-la-historia","category-filologia","category-historia","category-linguistica","tag-angel-iglesias-ovejero","tag-joan-veny-clar","tag-maria-conca-Martinez","tag-miquel-nicoli-s-amoros","tag-pinter-soler-silvia-juan-a","tag-vicent-manuel-salvador-liern"],"_links":{"self":[{"href":"https:\/\/www.deberes.net\/tesis\/wp-json\/wp\/v2\/posts\/72482","targetHints":{"allow":["GET"]}}],"collection":[{"href":"https:\/\/www.deberes.net\/tesis\/wp-json\/wp\/v2\/posts"}],"about":[{"href":"https:\/\/www.deberes.net\/tesis\/wp-json\/wp\/v2\/types\/post"}],"author":[{"embeddable":true,"href":"https:\/\/www.deberes.net\/tesis\/wp-json\/wp\/v2\/users\/1"}],"replies":[{"embeddable":true,"href":"https:\/\/www.deberes.net\/tesis\/wp-json\/wp\/v2\/comments?post=72482"}],"version-history":[{"count":0,"href":"https:\/\/www.deberes.net\/tesis\/wp-json\/wp\/v2\/posts\/72482\/revisions"}],"wp:attachment":[{"href":"https:\/\/www.deberes.net\/tesis\/wp-json\/wp\/v2\/media?parent=72482"}],"wp:term":[{"taxonomy":"category","embeddable":true,"href":"https:\/\/www.deberes.net\/tesis\/wp-json\/wp\/v2\/categories?post=72482"},{"taxonomy":"post_tag","embeddable":true,"href":"https:\/\/www.deberes.net\/tesis\/wp-json\/wp\/v2\/tags?post=72482"}],"curies":[{"name":"wp","href":"https:\/\/api.w.org\/{rel}","templated":true}]}}