{"id":72515,"date":"2018-03-09T23:17:18","date_gmt":"2018-03-09T23:17:18","guid":{"rendered":""},"modified":"2018-03-09T23:17:18","modified_gmt":"2018-03-09T23:17:18","slug":"flexibilidad-temporal-del-trabajo-el-trabajo-a-tiempo-parcial-implicaciones-organizativas-en-la-administracion-publica-y-en-la-empresa-estudio-empa%c2%adrico-de-sus-potencialidades-en-la-educacion","status":"publish","type":"post","link":"https:\/\/www.deberes.net\/tesis\/ciencias-economicas\/flexibilidad-temporal-del-trabajo-el-trabajo-a-tiempo-parcial-implicaciones-organizativas-en-la-administracion-publica-y-en-la-empresa-estudio-empa%c2%adrico-de-sus-potencialidades-en-la-educacion\/","title":{"rendered":"Flexibilidad temporal del trabajo: el trabajo a tiempo parcial. implicaciones organizativas en la administraci\u00f3n p\u00fablica y en la empresa. estudio emp\u00edrico de sus potencialidades en la educaci\u00f3n universitaria gallega."},"content":{"rendered":"<h2>Tesis doctoral de <strong>  Redondo L\u00f3pez M. Carmen <\/strong><\/h2>\n<p>El mercado laboral es flexible en distintos grados.Esto ha provocado que las formas de vincular a una persona a un puesto de trabajo sean hoy muchos m\u00e1s amplias en cantidad y en intensidad de uso que hace unas d\u00e9cadas.  el desarrollo de formas at\u00edpicas de trabajo es un aspecto caracter\u00edstico de la flexibilizaci\u00f3n de las condiciones de empleo.En la tesis se efect\u00faan dos an\u00e1lisis.El primero se basa en un analisis longitudinal de los datos suministrados en la encuesta de fuerza de trabajo.El segundo consiste en una encuesta efectuada a los profesores de las tres universidades gallegas para determinar el perfil del profesorado y las condiciones espec\u00edficas de trabajo del profesorado a tiempo parcial.<\/p>\n<p>&nbsp;<\/p>\n<h3>Datos acad\u00e9micos de la tesis doctoral \u00ab<strong>Flexibilidad temporal del trabajo: el trabajo a tiempo parcial. implicaciones organizativas en la administraci\u00f3n p\u00fablica y en la empresa. estudio emp\u00edrico de sus potencialidades en la educaci\u00f3n universitaria gallega.<\/strong>\u00ab<\/h3>\n<ul>\n<li><strong>T\u00edtulo de la tesis:<\/strong>\u00a0 Flexibilidad temporal del trabajo: el trabajo a tiempo parcial. implicaciones organizativas en la administraci\u00f3n p\u00fablica y en la empresa. estudio emp\u00edrico de sus potencialidades en la educaci\u00f3n universitaria gallega. <\/li>\n<li><strong>Autor:<\/strong>\u00a0  Redondo L\u00f3pez M. Carmen <\/li>\n<li><strong>Universidad:<\/strong>\u00a0 Santiago de compostela<\/li>\n<li><strong>Fecha de lectura de la tesis:<\/strong>\u00a0 30\/01\/2005<\/li>\n<\/ul>\n<p>&nbsp;<\/p>\n<h3>Direcci\u00f3n y tribunal<\/h3>\n<ul>\n<li><strong>Director de la tesis<\/strong>\n<ul>\n<li>Jos\u00e9 Alberto Diez De Castro<\/li>\n<\/ul>\n<\/li>\n<li><strong>Tribunal<\/strong>\n<ul>\n<li>Presidente del tribunal: camilo Prado freire <\/li>\n<li>flor Mar\u00eda Guerrero casas (vocal)<\/li>\n<li>Luis a. Caram\u00e9s vieitez (vocal)<\/li>\n<li> Barreiro fern\u00e1ndez Jos\u00e9 Manuel (vocal)<\/li>\n<\/ul>\n<\/li>\n<\/ul>\n<p>&nbsp;<\/p>\n","protected":false},"excerpt":{"rendered":"<p>Tesis doctoral de Redondo L\u00f3pez M. Carmen El mercado laboral es flexible en distintos grados.Esto ha provocado que las formas [&hellip;]<\/p>\n","protected":false},"author":1,"featured_media":0,"comment_status":"open","ping_status":"open","sticky":false,"template":"","format":"standard","meta":{"site-sidebar-layout":"default","site-content-layout":"","ast-site-content-layout":"","site-content-style":"default","site-sidebar-style":"default","ast-global-header-display":"","ast-banner-title-visibility":"","ast-main-header-display":"","ast-hfb-above-header-display":"","ast-hfb-below-header-display":"","ast-hfb-mobile-header-display":"","site-post-title":"","ast-breadcrumbs-content":"","ast-featured-img":"","footer-sml-layout":"","theme-transparent-header-meta":"","adv-header-id-meta":"","stick-header-meta":"","header-above-stick-meta":"","header-main-stick-meta":"","header-below-stick-meta":"","astra-migrate-meta-layouts":"default","ast-page-background-enabled":"default","ast-page-background-meta":{"desktop":{"background-color":"var(--ast-global-color-4)","background-image":"","background-repeat":"repeat","background-position":"center center","background-size":"auto","background-attachment":"scroll","background-type":"","background-media":"","overlay-type":"","overlay-color":"","overlay-gradient":""},"tablet":{"background-color":"","background-image":"","background-repeat":"repeat","background-position":"center center","background-size":"auto","background-attachment":"scroll","background-type":"","background-media":"","overlay-type":"","overlay-color":"","overlay-gradient":""},"mobile":{"background-color":"","background-image":"","background-repeat":"repeat","background-position":"center center","background-size":"auto","background-attachment":"scroll","background-type":"","background-media":"","overlay-type":"","overlay-color":"","overlay-gradient":""}},"ast-content-background-meta":{"desktop":{"background-color":"var(--ast-global-color-5)","background-image":"","background-repeat":"repeat","background-position":"center center","background-size":"auto","background-attachment":"scroll","background-type":"","background-media":"","overlay-type":"","overlay-color":"","overlay-gradient":""},"tablet":{"background-color":"var(--ast-global-color-5)","background-image":"","background-repeat":"repeat","background-position":"center center","background-size":"auto","background-attachment":"scroll","background-type":"","background-media":"","overlay-type":"","overlay-color":"","overlay-gradient":""},"mobile":{"background-color":"var(--ast-global-color-5)","background-image":"","background-repeat":"repeat","background-position":"center center","background-size":"auto","background-attachment":"scroll","background-type":"","background-media":"","overlay-type":"","overlay-color":"","overlay-gradient":""}},"footnotes":""},"categories":[82,18345,7570,2825,1302,977],"tags":[44466,7053,24914,40262,34985,157685],"class_list":["post-72515","post","type-post","status-publish","format-standard","hentry","category-ciencias-economicas","category-empresas-publicas","category-gestion-de-recursos-humanos","category-organizacion-industrial-y-sector-publico","category-organizacion-y-gestion-de-empresas","category-santiago-de-compostela","tag-barreiro-fernandez-jose-manuel","tag-camilo-prado-freire","tag-flor-maria-guerrero-casas","tag-jose-alberto-diez-de-castro","tag-luis-a-carames-vieitez","tag-redondo-lopez-m-carmen"],"_links":{"self":[{"href":"https:\/\/www.deberes.net\/tesis\/wp-json\/wp\/v2\/posts\/72515","targetHints":{"allow":["GET"]}}],"collection":[{"href":"https:\/\/www.deberes.net\/tesis\/wp-json\/wp\/v2\/posts"}],"about":[{"href":"https:\/\/www.deberes.net\/tesis\/wp-json\/wp\/v2\/types\/post"}],"author":[{"embeddable":true,"href":"https:\/\/www.deberes.net\/tesis\/wp-json\/wp\/v2\/users\/1"}],"replies":[{"embeddable":true,"href":"https:\/\/www.deberes.net\/tesis\/wp-json\/wp\/v2\/comments?post=72515"}],"version-history":[{"count":0,"href":"https:\/\/www.deberes.net\/tesis\/wp-json\/wp\/v2\/posts\/72515\/revisions"}],"wp:attachment":[{"href":"https:\/\/www.deberes.net\/tesis\/wp-json\/wp\/v2\/media?parent=72515"}],"wp:term":[{"taxonomy":"category","embeddable":true,"href":"https:\/\/www.deberes.net\/tesis\/wp-json\/wp\/v2\/categories?post=72515"},{"taxonomy":"post_tag","embeddable":true,"href":"https:\/\/www.deberes.net\/tesis\/wp-json\/wp\/v2\/tags?post=72515"}],"curies":[{"name":"wp","href":"https:\/\/api.w.org\/{rel}","templated":true}]}}