{"id":72522,"date":"2018-03-09T23:17:18","date_gmt":"2018-03-09T23:17:18","guid":{"rendered":"https:\/\/www.deberes.net\/tesis\/sin-categoria\/conducta-antisocial-en-adolescentes-factores-de-riesgo-y-de-proteccion\/"},"modified":"2018-03-09T23:17:18","modified_gmt":"2018-03-09T23:17:18","slug":"conducta-antisocial-en-adolescentes-factores-de-riesgo-y-de-proteccion","status":"publish","type":"post","link":"https:\/\/www.deberes.net\/tesis\/psicologia\/conducta-antisocial-en-adolescentes-factores-de-riesgo-y-de-proteccion\/","title":{"rendered":"Conducta antisocial en adolescentes: factores de riesgo y de protecci\u00f3n."},"content":{"rendered":"<h2>Tesis doctoral de <strong> M. Elena De La Pe\u00f1a Fern\u00e1ndez <\/strong><\/h2>\n<p>La presente tesis doctoral se centra en el estudio descriptivo de la conducta antisocial y sus diferentes manifestaciones como el consumo de drogas y la presencia de comportamientos m\u00e1s graves, agresivos y\/o violentos , as\u00ed como sus interrelaciones y la identificaci\u00f3n de sus principales factores de riesgo y de portecci\u00f3n.  en primer lugar, se realiza un an\u00e1lisis descriptivo de la muestra de estudio (cap\u00edtulo v), con el objetivo de reflejar las preValencias de la conducta antisocialo en funci\u00f3n tanto de la edad como del sexo de los adolescentes , diferenciando \u00e9sta en dos de sus manifestaciones m\u00e1s importantaes como son el consumo de drogas y la presencia de conductas graves y\/o violentas t\u00edpicas de la adolescencia.  en el cap\u00edtulo vi, se analiza el valor predictivo de un amplio conjunto de variables o factores de tipo psicosocial para determinar el valor y peso espec\u00edfico de los principales factores de riesgo y de protecci\u00f3n que , seg\u00fan la literatura al  respecto, parecen mantener una relaci\u00f3n significativa con el inicio de conductas antisociales en la adolescencia.Por \u00faltimo , en el cap\u00edtulo vii, partiendo de aquellas variables que han mostrado una mayor relevancia predictiva en el estudio anterior, se determina el valor explicativo de cada una de ellas sobre la compleja interelaci\u00f3n entre la conducta antisocial y el consumo de drogas.<\/p>\n<p>&nbsp;<\/p>\n<h3>Datos acad\u00e9micos de la tesis doctoral \u00ab<strong>Conducta antisocial en adolescentes: factores de riesgo y de protecci\u00f3n.<\/strong>\u00ab<\/h3>\n<ul>\n<li><strong>T\u00edtulo de la tesis:<\/strong>\u00a0 Conducta antisocial en adolescentes: factores de riesgo y de protecci\u00f3n. <\/li>\n<li><strong>Autor:<\/strong>\u00a0 M. Elena De La Pe\u00f1a Fern\u00e1ndez <\/li>\n<li><strong>Universidad:<\/strong>\u00a0 Complutense de Madrid<\/li>\n<li><strong>Fecha de lectura de la tesis:<\/strong>\u00a0 31\/01\/2005<\/li>\n<\/ul>\n<p>&nbsp;<\/p>\n<h3>Direcci\u00f3n y tribunal<\/h3>\n<ul>\n<li><strong>Director de la tesis<\/strong>\n<ul>\n<li>Jos\u00e9 Luis Gra\u00f1a G\u00f3mez<\/li>\n<\/ul>\n<\/li>\n<li><strong>Tribunal<\/strong>\n<ul>\n<li>Presidente del tribunal: Francisco j. Labrador encinas <\/li>\n<li>Carlos Mar\u00eda Alcover de la hera (vocal)<\/li>\n<li>elisardo Becona iglesias (vocal)<\/li>\n<li>vicente e. Caballo manrique (vocal)<\/li>\n<\/ul>\n<\/li>\n<\/ul>\n<p>&nbsp;<\/p>\n","protected":false},"excerpt":{"rendered":"<p>Tesis doctoral de M. Elena De La Pe\u00f1a Fern\u00e1ndez La presente tesis doctoral se centra en el estudio descriptivo de [&hellip;]<\/p>\n","protected":false},"author":1,"featured_media":0,"comment_status":"open","ping_status":"open","sticky":false,"template":"","format":"standard","meta":{"site-sidebar-layout":"default","site-content-layout":"","ast-site-content-layout":"","site-content-style":"default","site-sidebar-style":"default","ast-global-header-display":"","ast-banner-title-visibility":"","ast-main-header-display":"","ast-hfb-above-header-display":"","ast-hfb-below-header-display":"","ast-hfb-mobile-header-display":"","site-post-title":"","ast-breadcrumbs-content":"","ast-featured-img":"","footer-sml-layout":"","theme-transparent-header-meta":"","adv-header-id-meta":"","stick-header-meta":"","header-above-stick-meta":"","header-main-stick-meta":"","header-below-stick-meta":"","astra-migrate-meta-layouts":"default","ast-page-background-enabled":"default","ast-page-background-meta":{"desktop":{"background-color":"var(--ast-global-color-4)","background-image":"","background-repeat":"repeat","background-position":"center center","background-size":"auto","background-attachment":"scroll","background-type":"","background-media":"","overlay-type":"","overlay-color":"","overlay-gradient":""},"tablet":{"background-color":"","background-image":"","background-repeat":"repeat","background-position":"center center","background-size":"auto","background-attachment":"scroll","background-type":"","background-media":"","overlay-type":"","overlay-color":"","overlay-gradient":""},"mobile":{"background-color":"","background-image":"","background-repeat":"repeat","background-position":"center center","background-size":"auto","background-attachment":"scroll","background-type":"","background-media":"","overlay-type":"","overlay-color":"","overlay-gradient":""}},"ast-content-background-meta":{"desktop":{"background-color":"var(--ast-global-color-5)","background-image":"","background-repeat":"repeat","background-position":"center center","background-size":"auto","background-attachment":"scroll","background-type":"","background-media":"","overlay-type":"","overlay-color":"","overlay-gradient":""},"tablet":{"background-color":"var(--ast-global-color-5)","background-image":"","background-repeat":"repeat","background-position":"center center","background-size":"auto","background-attachment":"scroll","background-type":"","background-media":"","overlay-type":"","overlay-color":"","overlay-gradient":""},"mobile":{"background-color":"var(--ast-global-color-5)","background-image":"","background-repeat":"repeat","background-position":"center center","background-size":"auto","background-attachment":"scroll","background-type":"","background-media":"","overlay-type":"","overlay-color":"","overlay-gradient":""}},"footnotes":""},"categories":[324,970],"tags":[39000,13523,5287,58119,157702,53319],"class_list":["post-72522","post","type-post","status-publish","format-standard","hentry","category-psicologia","category-psicologia-del-nino-y-del-adolescente","tag-carlos-maria-alcover-de-la-hera","tag-elisardo-becona-iglesias","tag-francisco-j-labrador-encinas","tag-jose-luis-grana-gomez","tag-m-elena-de-la-pena-fernandez","tag-vicente-e-caballo-manrique"],"_links":{"self":[{"href":"https:\/\/www.deberes.net\/tesis\/wp-json\/wp\/v2\/posts\/72522","targetHints":{"allow":["GET"]}}],"collection":[{"href":"https:\/\/www.deberes.net\/tesis\/wp-json\/wp\/v2\/posts"}],"about":[{"href":"https:\/\/www.deberes.net\/tesis\/wp-json\/wp\/v2\/types\/post"}],"author":[{"embeddable":true,"href":"https:\/\/www.deberes.net\/tesis\/wp-json\/wp\/v2\/users\/1"}],"replies":[{"embeddable":true,"href":"https:\/\/www.deberes.net\/tesis\/wp-json\/wp\/v2\/comments?post=72522"}],"version-history":[{"count":0,"href":"https:\/\/www.deberes.net\/tesis\/wp-json\/wp\/v2\/posts\/72522\/revisions"}],"wp:attachment":[{"href":"https:\/\/www.deberes.net\/tesis\/wp-json\/wp\/v2\/media?parent=72522"}],"wp:term":[{"taxonomy":"category","embeddable":true,"href":"https:\/\/www.deberes.net\/tesis\/wp-json\/wp\/v2\/categories?post=72522"},{"taxonomy":"post_tag","embeddable":true,"href":"https:\/\/www.deberes.net\/tesis\/wp-json\/wp\/v2\/tags?post=72522"}],"curies":[{"name":"wp","href":"https:\/\/api.w.org\/{rel}","templated":true}]}}