{"id":72549,"date":"2005-02-02T00:00:00","date_gmt":"2005-02-02T00:00:00","guid":{"rendered":"https:\/\/www.deberes.net\/tesis\/sin-categoria\/la-plasticidad-cognitiva-en-la-vejez\/"},"modified":"2005-02-02T00:00:00","modified_gmt":"2005-02-02T00:00:00","slug":"la-plasticidad-cognitiva-en-la-vejez","status":"publish","type":"post","link":"https:\/\/www.deberes.net\/tesis\/psicologia\/la-plasticidad-cognitiva-en-la-vejez\/","title":{"rendered":"La plasticidad cognitiva en la vejez."},"content":{"rendered":"<h2>Tesis doctoral de <strong> Elena Navarro Gonz\u00e1lez <\/strong><\/h2>\n<p>Frente a las posturas cl\u00e1sicas del envejecimiento en las que se considera \u00e9ste como un proceso gradual, acumulativo y universal de declive, diverso grupos de investigaci\u00f3n llevan trabajando desde hace m\u00e1s de tres d\u00e9cadas sobre las posibilidades de un envejecimiento exitoso. Entre ellos, podemos destacar a autores como baltes y colaboradores que conceptualizan el envejecimiento como un proceso multidimiensional y multidireccional que implica una gran variablidad individual en las trayectorias de desarrollo. Dentro de este nuevo enfoque, la distinci\u00f3n entre rendimiento actual y rendimiento potencial se hace especialmente relevante, ya que permite analizar autores como plasticidad y la investigaci\u00f3n que sobre la misma se ha desarrollado en los \u00faltimos 20 a\u00f1os ha dado lugar a uno de los t\u00f3picos de investigaci\u00f3n m\u00e1s importantes en el campo de la psicogeritar\u00eda, ya que ha supuesto la comporbaci\u00f3n de la posibilidad de mejora cognitiva en la vejez. As\u00ed, los primeros estudios llevados a cabo por el grupo de paul baltes se dirigieron a la comprobaci\u00f3n de la existencia de plasticidad, para pasar a continuaci\u00f3n a analizar los l\u00edmites d elamisma, y finalmente, y de manos de margret baltes a estudiar la relaci\u00f3n entre plasticidad en ancianos sanos de bajo nivel educativo y en los \u00faltimos a\u00f1os se ha iniciado un l\u00ednea de investigaci\u00f3n dirigida a analizar la relaci\u00f3n entre  plasticidad y deterioro cognitivo. En dicha l\u00ednea se enmarca esta tesis doctoral en la que se han analizado las implicaciones de la plasticidad en la vejez tanto en ancianos sanos como en ancianos con deterior cognitivo. En este trabajo se ha contado con una muestra total de 280 ancianos de la provincia de granada que han sido evaluados con diversas pruebas de evaluaci\u00f3n del estatus cognitivo y de la platicidad cognitiva. as\u00ed , el primer objetivo de la investigaci\u00f3n fue demostrar la presencia de plasticidad en ancianos independientemente de su estatus cognit<\/p>\n<p>&nbsp;<\/p>\n<h3>Datos acad\u00e9micos de la tesis doctoral \u00ab<strong>La plasticidad cognitiva en la vejez.<\/strong>\u00ab<\/h3>\n<ul>\n<li><strong>T\u00edtulo de la tesis:<\/strong>\u00a0 La plasticidad cognitiva en la vejez. <\/li>\n<li><strong>Autor:<\/strong>\u00a0 Elena Navarro Gonz\u00e1lez <\/li>\n<li><strong>Universidad:<\/strong>\u00a0 Granada<\/li>\n<li><strong>Fecha de lectura de la tesis:<\/strong>\u00a0 02\/02\/2005<\/li>\n<\/ul>\n<p>&nbsp;<\/p>\n<h3>Direcci\u00f3n y tribunal<\/h3>\n<ul>\n<li><strong>Director de la tesis<\/strong>\n<ul>\n<li>Mar\u00eda  Dolores Calero Garcia<\/li>\n<\/ul>\n<\/li>\n<li><strong>Tribunal<\/strong>\n<ul>\n<li>Presidente del tribunal: rocio Fern\u00e1ndez ballesteros <\/li>\n<li>Miguel P\u00e9rez Garc\u00eda (vocal)<\/li>\n<li>karl Wiedl (vocal)<\/li>\n<li>Juan Mu\u00f1oz tortosa (vocal)<\/li>\n<\/ul>\n<\/li>\n<\/ul>\n<p>&nbsp;<\/p>\n","protected":false},"excerpt":{"rendered":"<p>Tesis doctoral de Elena Navarro Gonz\u00e1lez Frente a las posturas cl\u00e1sicas del envejecimiento en las que se considera \u00e9ste como [&hellip;]<\/p>\n","protected":false},"author":1,"featured_media":0,"comment_status":"open","ping_status":"open","sticky":false,"template":"","format":"standard","meta":{"site-sidebar-layout":"default","site-content-layout":"","ast-site-content-layout":"","site-content-style":"default","site-sidebar-style":"default","ast-global-header-display":"","ast-banner-title-visibility":"","ast-main-header-display":"","ast-hfb-above-header-display":"","ast-hfb-below-header-display":"","ast-hfb-mobile-header-display":"","site-post-title":"","ast-breadcrumbs-content":"","ast-featured-img":"","footer-sml-layout":"","theme-transparent-header-meta":"","adv-header-id-meta":"","stick-header-meta":"","header-above-stick-meta":"","header-main-stick-meta":"","header-below-stick-meta":"","astra-migrate-meta-layouts":"default","ast-page-background-enabled":"default","ast-page-background-meta":{"desktop":{"background-color":"var(--ast-global-color-4)","background-image":"","background-repeat":"repeat","background-position":"center center","background-size":"auto","background-attachment":"scroll","background-type":"","background-media":"","overlay-type":"","overlay-color":"","overlay-gradient":""},"tablet":{"background-color":"","background-image":"","background-repeat":"repeat","background-position":"center center","background-size":"auto","background-attachment":"scroll","background-type":"","background-media":"","overlay-type":"","overlay-color":"","overlay-gradient":""},"mobile":{"background-color":"","background-image":"","background-repeat":"repeat","background-position":"center center","background-size":"auto","background-attachment":"scroll","background-type":"","background-media":"","overlay-type":"","overlay-color":"","overlay-gradient":""}},"ast-content-background-meta":{"desktop":{"background-color":"var(--ast-global-color-5)","background-image":"","background-repeat":"repeat","background-position":"center center","background-size":"auto","background-attachment":"scroll","background-type":"","background-media":"","overlay-type":"","overlay-color":"","overlay-gradient":""},"tablet":{"background-color":"var(--ast-global-color-5)","background-image":"","background-repeat":"repeat","background-position":"center center","background-size":"auto","background-attachment":"scroll","background-type":"","background-media":"","overlay-type":"","overlay-color":"","overlay-gradient":""},"mobile":{"background-color":"var(--ast-global-color-5)","background-image":"","background-repeat":"repeat","background-position":"center center","background-size":"auto","background-attachment":"scroll","background-type":"","background-media":"","overlay-type":"","overlay-color":"","overlay-gradient":""}},"footnotes":""},"categories":[324,5774,5773],"tags":[157747,22202,157748,21947,22256,15571],"class_list":["post-72549","post","type-post","status-publish","format-standard","hentry","category-psicologia","category-psicologia-geriatrica","category-senectud","tag-elena-navarro-gonzalez","tag-juan-munoz-tortosa","tag-karl-wiedl","tag-maria-dolores-calero-garcia","tag-miguel-perez-garcia","tag-rocio-fernandez-ballesteros"],"_links":{"self":[{"href":"https:\/\/www.deberes.net\/tesis\/wp-json\/wp\/v2\/posts\/72549","targetHints":{"allow":["GET"]}}],"collection":[{"href":"https:\/\/www.deberes.net\/tesis\/wp-json\/wp\/v2\/posts"}],"about":[{"href":"https:\/\/www.deberes.net\/tesis\/wp-json\/wp\/v2\/types\/post"}],"author":[{"embeddable":true,"href":"https:\/\/www.deberes.net\/tesis\/wp-json\/wp\/v2\/users\/1"}],"replies":[{"embeddable":true,"href":"https:\/\/www.deberes.net\/tesis\/wp-json\/wp\/v2\/comments?post=72549"}],"version-history":[{"count":0,"href":"https:\/\/www.deberes.net\/tesis\/wp-json\/wp\/v2\/posts\/72549\/revisions"}],"wp:attachment":[{"href":"https:\/\/www.deberes.net\/tesis\/wp-json\/wp\/v2\/media?parent=72549"}],"wp:term":[{"taxonomy":"category","embeddable":true,"href":"https:\/\/www.deberes.net\/tesis\/wp-json\/wp\/v2\/categories?post=72549"},{"taxonomy":"post_tag","embeddable":true,"href":"https:\/\/www.deberes.net\/tesis\/wp-json\/wp\/v2\/tags?post=72549"}],"curies":[{"name":"wp","href":"https:\/\/api.w.org\/{rel}","templated":true}]}}