{"id":72616,"date":"2005-05-02T00:00:00","date_gmt":"2005-05-02T00:00:00","guid":{"rendered":"https:\/\/www.deberes.net\/tesis\/sin-categoria\/educacion-publicidad-y-consumo-la-influencia-de-las-marcas-publicitarias-en-la-adolescencia\/"},"modified":"2005-05-02T00:00:00","modified_gmt":"2005-05-02T00:00:00","slug":"educacion-publicidad-y-consumo-la-influencia-de-las-marcas-publicitarias-en-la-adolescencia","status":"publish","type":"post","link":"https:\/\/www.deberes.net\/tesis\/pedagogia\/educacion-publicidad-y-consumo-la-influencia-de-las-marcas-publicitarias-en-la-adolescencia\/","title":{"rendered":"Educaci\u00f3n, publicidad y consumo. la influencia de las marcas publicitarias en la adolescencia"},"content":{"rendered":"<h2>Tesis doctoral de <strong> Sara Osuna Acedo <\/strong><\/h2>\n<p>Se estudian los fundamentos del consumo, de la publicidad y del marketing respecto a la audiencia adolescente. Se estudia en profundidad el fen\u00f3meno del \u00abmarqismo\u00bb que se manifiesta de forma generalizada en toda la adolescencia.  la publicidad , como una estrategia m\u00e1s del marketing ejerce una influencia determinante en las edades comprendidas entre 14 y 15 a\u00f1os, aunque esta poblaci\u00f3n no reconoce abiertamente dicha influencia. Reconocen , en general las estrategias publicitarias tradicionales y subkiminales, aunque la mayor influencia la reciben de sus iguales.  se propone la \u00abeducaci\u00f3n de la ciudadan\u00eda en materia de consumo y publicidad\u00bb como asignatura obligatoria con contenidos transversales al curr\u00edculo oficial. la propuesta es tanto para la educaci\u00f3n formal como para la no formal.<\/p>\n<p>&nbsp;<\/p>\n<h3>Datos acad\u00e9micos de la tesis doctoral \u00ab<strong>Educaci\u00f3n, publicidad y consumo. la influencia de las marcas publicitarias en la adolescencia<\/strong>\u00ab<\/h3>\n<ul>\n<li><strong>T\u00edtulo de la tesis:<\/strong>\u00a0 Educaci\u00f3n, publicidad y consumo. la influencia de las marcas publicitarias en la adolescencia <\/li>\n<li><strong>Autor:<\/strong>\u00a0 Sara Osuna Acedo <\/li>\n<li><strong>Universidad:<\/strong>\u00a0 Nacional de educaci\u00f3n a distancia<\/li>\n<li><strong>Fecha de lectura de la tesis:<\/strong>\u00a0 05\/02\/2005<\/li>\n<\/ul>\n<p>&nbsp;<\/p>\n<h3>Direcci\u00f3n y tribunal<\/h3>\n<ul>\n<li><strong>Director de la tesis<\/strong>\n<ul>\n<li>Roberto Aparici Marino<\/li>\n<\/ul>\n<\/li>\n<li><strong>Tribunal<\/strong>\n<ul>\n<li>Presidente del tribunal: agust\u00edn Garc\u00eda matilla <\/li>\n<li>Javier Callejo gallego (vocal)<\/li>\n<li> Garc\u00eda s\u00edpido mat\u00ednez Ana (vocal)<\/li>\n<li>aquilina Fueyo gutierrez (vocal)<\/li>\n<\/ul>\n<\/li>\n<\/ul>\n<p>&nbsp;<\/p>\n","protected":false},"excerpt":{"rendered":"<p>Tesis doctoral de Sara Osuna Acedo Se estudian los fundamentos del consumo, de la publicidad y del marketing respecto a [&hellip;]<\/p>\n","protected":false},"author":1,"featured_media":0,"comment_status":"open","ping_status":"open","sticky":false,"template":"","format":"standard","meta":{"site-sidebar-layout":"default","site-content-layout":"","ast-site-content-layout":"","site-content-style":"default","site-sidebar-style":"default","ast-global-header-display":"","ast-banner-title-visibility":"","ast-main-header-display":"","ast-hfb-above-header-display":"","ast-hfb-below-header-display":"","ast-hfb-mobile-header-display":"","site-post-title":"","ast-breadcrumbs-content":"","ast-featured-img":"","footer-sml-layout":"","theme-transparent-header-meta":"","adv-header-id-meta":"","stick-header-meta":"","header-above-stick-meta":"","header-main-stick-meta":"","header-below-stick-meta":"","astra-migrate-meta-layouts":"default","ast-page-background-enabled":"default","ast-page-background-meta":{"desktop":{"background-color":"var(--ast-global-color-4)","background-image":"","background-repeat":"repeat","background-position":"center center","background-size":"auto","background-attachment":"scroll","background-type":"","background-media":"","overlay-type":"","overlay-color":"","overlay-gradient":""},"tablet":{"background-color":"","background-image":"","background-repeat":"repeat","background-position":"center center","background-size":"auto","background-attachment":"scroll","background-type":"","background-media":"","overlay-type":"","overlay-color":"","overlay-gradient":""},"mobile":{"background-color":"","background-image":"","background-repeat":"repeat","background-position":"center center","background-size":"auto","background-attachment":"scroll","background-type":"","background-media":"","overlay-type":"","overlay-color":"","overlay-gradient":""}},"ast-content-background-meta":{"desktop":{"background-color":"var(--ast-global-color-5)","background-image":"","background-repeat":"repeat","background-position":"center center","background-size":"auto","background-attachment":"scroll","background-type":"","background-media":"","overlay-type":"","overlay-color":"","overlay-gradient":""},"tablet":{"background-color":"var(--ast-global-color-5)","background-image":"","background-repeat":"repeat","background-position":"center center","background-size":"auto","background-attachment":"scroll","background-type":"","background-media":"","overlay-type":"","overlay-color":"","overlay-gradient":""},"mobile":{"background-color":"var(--ast-global-color-5)","background-image":"","background-repeat":"repeat","background-position":"center center","background-size":"auto","background-attachment":"scroll","background-type":"","background-media":"","overlay-type":"","overlay-color":"","overlay-gradient":""}},"footnotes":""},"categories":[2623,17070,7611,1184,1141],"tags":[44582,44583,157863,45196,44579,157862],"class_list":["post-72616","post","type-post","status-publish","format-standard","hentry","category-educacion-basica","category-nacional-de-educacion-a-distancia","category-organizacion-y-direccion-de-las-instituciones-educativas","category-organizacion-y-planificacion-de-la-educacion","category-pedagogia","tag-agustin-garcia-matilla","tag-aquilina-fueyo-gutierrez","tag-garcia-sipido-matinez-ana","tag-javier-callejo-gallego","tag-roberto-aparici-marino","tag-sara-osuna-acedo"],"_links":{"self":[{"href":"https:\/\/www.deberes.net\/tesis\/wp-json\/wp\/v2\/posts\/72616","targetHints":{"allow":["GET"]}}],"collection":[{"href":"https:\/\/www.deberes.net\/tesis\/wp-json\/wp\/v2\/posts"}],"about":[{"href":"https:\/\/www.deberes.net\/tesis\/wp-json\/wp\/v2\/types\/post"}],"author":[{"embeddable":true,"href":"https:\/\/www.deberes.net\/tesis\/wp-json\/wp\/v2\/users\/1"}],"replies":[{"embeddable":true,"href":"https:\/\/www.deberes.net\/tesis\/wp-json\/wp\/v2\/comments?post=72616"}],"version-history":[{"count":0,"href":"https:\/\/www.deberes.net\/tesis\/wp-json\/wp\/v2\/posts\/72616\/revisions"}],"wp:attachment":[{"href":"https:\/\/www.deberes.net\/tesis\/wp-json\/wp\/v2\/media?parent=72616"}],"wp:term":[{"taxonomy":"category","embeddable":true,"href":"https:\/\/www.deberes.net\/tesis\/wp-json\/wp\/v2\/categories?post=72616"},{"taxonomy":"post_tag","embeddable":true,"href":"https:\/\/www.deberes.net\/tesis\/wp-json\/wp\/v2\/tags?post=72616"}],"curies":[{"name":"wp","href":"https:\/\/api.w.org\/{rel}","templated":true}]}}