{"id":72660,"date":"2005-10-02T00:00:00","date_gmt":"2005-10-02T00:00:00","guid":{"rendered":"https:\/\/www.deberes.net\/tesis\/sin-categoria\/aspectos-tecnologicos-para-el-aprovechamiento-agroindustrial-del-datil-de-tipo-blando\/"},"modified":"2005-10-02T00:00:00","modified_gmt":"2005-10-02T00:00:00","slug":"aspectos-tecnologicos-para-el-aprovechamiento-agroindustrial-del-datil-de-tipo-blando","status":"publish","type":"post","link":"https:\/\/www.deberes.net\/tesis\/ciencias-tecnologicas\/aspectos-tecnologicos-para-el-aprovechamiento-agroindustrial-del-datil-de-tipo-blando\/","title":{"rendered":"Aspectos tecnologicos para el aprovechamiento agroindustrial del datil de tipo blando"},"content":{"rendered":"<h2>Tesis doctoral de <strong> Jose Vilella Espla <\/strong><\/h2>\n<p>El palmeral de elche representa una herencia del pasado isl\u00e1mico del sureste de espa\u00f1a. En las \u00faltimas d\u00e9cadas la rentabilidad del d\u00e1til producido en este palmeral ha sufrido un importante descenso. En la actualidad, el 98% de la producci\u00f3n anual de d\u00e1til del palmeral de elche, estimada en 5000 tm, no es aprovechada.  las principales razones que han llevado a esta situaci\u00f3n son varias. Por una parte, s\u00f3lo los d\u00e1tiles con alto valor comercial son cosechados. Por otra,  los condicionantes clim\u00e1ticos y genot\u00edpicos hacen que la mayor\u00eda del d\u00e1til que se produce en elche sea de tipo blando; este d\u00e1til, de alta aceptaci\u00f3n comercial, presenta el inconveniente de ser, en fresco, muy perecedero. En las fechas de mayor demanda de d\u00e1til, los productores no disponen de frutos en n\u00famero suficiente para satisfacer dicha demanda. por \u00faltimo, la palmera madura sus frutos de forma muy escalonada, requiriendo numerosas ascensiones para la cosecha total de sus d\u00e1tiles. A menor frecuencia de ascensiones, mayor es el n\u00famero de frutos que se deterioran en la palmera.  resulta imperativo rentabilizar el aprovechamiento del d\u00e1til en vistas a contribuir al mantenimiento del cultivo de la palmera datilera en elche. el inter\u00e9s cientifico-tecnol\u00f3gico de este trabajo reside en disponer de t\u00e9cnicas adecuadas que posibiliten prolongar la disponibilidad de dicho fruto, habi\u00e9ndose cosechado inmaduro y en una sola vez, previo conocimiento y comprensi\u00f3n de las condiciones naturales de desarrollo y maduraci\u00f3n del d\u00e1til. Adem\u00e1s, las soluciones que se obtengan para el d\u00e1til de elche, pueden ser v\u00e1lidas para otros pa\u00edses phoenic\u00edcolas con zonas cuyas condiciones clim\u00e1ticas sean semejantes a las de elche.  para el d\u00e1til de tipo blando cultivado bajo condiciones clim\u00e1ticas de elche, se realiz\u00f3 la caracterizaci\u00f3n de las pautas de crecimiento as\u00ed como las de respiraci\u00f3n y producci\u00f3n de etileno. As\u00ed mismo, se estudi\u00f3 la variaci\u00f3n del co<\/p>\n<p>&nbsp;<\/p>\n<h3>Datos acad\u00e9micos de la tesis doctoral \u00ab<strong>Aspectos tecnologicos para el aprovechamiento agroindustrial del datil de tipo blando<\/strong>\u00ab<\/h3>\n<ul>\n<li><strong>T\u00edtulo de la tesis:<\/strong>\u00a0 Aspectos tecnologicos para el aprovechamiento agroindustrial del datil de tipo blando <\/li>\n<li><strong>Autor:<\/strong>\u00a0 Jose Vilella Espla <\/li>\n<li><strong>Universidad:<\/strong>\u00a0 Miguel hern\u00e1ndez de elche<\/li>\n<li><strong>Fecha de lectura de la tesis:<\/strong>\u00a0 10\/02\/2005<\/li>\n<\/ul>\n<p>&nbsp;<\/p>\n<h3>Direcci\u00f3n y tribunal<\/h3>\n<ul>\n<li><strong>Director de la tesis<\/strong>\n<ul>\n<li> Rio Gimeno Miguel Angel Del<\/li>\n<\/ul>\n<\/li>\n<li><strong>Tribunal<\/strong>\n<ul>\n<li>Presidente del tribunal: M\u00aa amparo Chiralt boix <\/li>\n<li>cayuela Joaquin cuquerella (vocal)<\/li>\n<li> Daniel Jos\u00e9 vidal brotons (vocal)<\/li>\n<li>redon Elena garcia (vocal)<\/li>\n<\/ul>\n<\/li>\n<\/ul>\n<p>&nbsp;<\/p>\n","protected":false},"excerpt":{"rendered":"<p>Tesis doctoral de Jose Vilella Espla El palmeral de elche representa una herencia del pasado isl\u00e1mico del sureste de espa\u00f1a. [&hellip;]<\/p>\n","protected":false},"author":1,"featured_media":0,"comment_status":"open","ping_status":"open","sticky":false,"template":"","format":"standard","meta":{"site-sidebar-layout":"default","site-content-layout":"","ast-site-content-layout":"","site-content-style":"default","site-sidebar-style":"default","ast-global-header-display":"","ast-banner-title-visibility":"","ast-main-header-display":"","ast-hfb-above-header-display":"","ast-hfb-below-header-display":"","ast-hfb-mobile-header-display":"","site-post-title":"","ast-breadcrumbs-content":"","ast-featured-img":"","footer-sml-layout":"","theme-transparent-header-meta":"","adv-header-id-meta":"","stick-header-meta":"","header-above-stick-meta":"","header-main-stick-meta":"","header-below-stick-meta":"","astra-migrate-meta-layouts":"default","ast-page-background-enabled":"default","ast-page-background-meta":{"desktop":{"background-color":"var(--ast-global-color-4)","background-image":"","background-repeat":"repeat","background-position":"center center","background-size":"auto","background-attachment":"scroll","background-type":"","background-media":"","overlay-type":"","overlay-color":"","overlay-gradient":""},"tablet":{"background-color":"","background-image":"","background-repeat":"repeat","background-position":"center center","background-size":"auto","background-attachment":"scroll","background-type":"","background-media":"","overlay-type":"","overlay-color":"","overlay-gradient":""},"mobile":{"background-color":"","background-image":"","background-repeat":"repeat","background-position":"center center","background-size":"auto","background-attachment":"scroll","background-type":"","background-media":"","overlay-type":"","overlay-color":"","overlay-gradient":""}},"ast-content-background-meta":{"desktop":{"background-color":"var(--ast-global-color-5)","background-image":"","background-repeat":"repeat","background-position":"center center","background-size":"auto","background-attachment":"scroll","background-type":"","background-media":"","overlay-type":"","overlay-color":"","overlay-gradient":""},"tablet":{"background-color":"var(--ast-global-color-5)","background-image":"","background-repeat":"repeat","background-position":"center center","background-size":"auto","background-attachment":"scroll","background-type":"","background-media":"","overlay-type":"","overlay-color":"","overlay-gradient":""},"mobile":{"background-color":"var(--ast-global-color-5)","background-image":"","background-repeat":"repeat","background-position":"center center","background-size":"auto","background-attachment":"scroll","background-type":"","background-media":"","overlay-type":"","overlay-color":"","overlay-gradient":""}},"footnotes":""},"categories":[332,36579,37169,1594],"tags":[157943,157944,157942,16955,157945,57875],"class_list":["post-72660","post","type-post","status-publish","format-standard","hentry","category-ciencias-tecnologicas","category-conservacion-postrecoleccion","category-miguel-hernandez-de-elche","category-tecnologia-de-los-alimentos","tag-cayuela-joaquin-cuquerella","tag-daniel-jose-vidal-brotons","tag-jose-vilella-espla","tag-ma-amparo-chiralt-boix","tag-redon-elena-garcia","tag-rio-gimeno-miguel-angel-del"],"_links":{"self":[{"href":"https:\/\/www.deberes.net\/tesis\/wp-json\/wp\/v2\/posts\/72660","targetHints":{"allow":["GET"]}}],"collection":[{"href":"https:\/\/www.deberes.net\/tesis\/wp-json\/wp\/v2\/posts"}],"about":[{"href":"https:\/\/www.deberes.net\/tesis\/wp-json\/wp\/v2\/types\/post"}],"author":[{"embeddable":true,"href":"https:\/\/www.deberes.net\/tesis\/wp-json\/wp\/v2\/users\/1"}],"replies":[{"embeddable":true,"href":"https:\/\/www.deberes.net\/tesis\/wp-json\/wp\/v2\/comments?post=72660"}],"version-history":[{"count":0,"href":"https:\/\/www.deberes.net\/tesis\/wp-json\/wp\/v2\/posts\/72660\/revisions"}],"wp:attachment":[{"href":"https:\/\/www.deberes.net\/tesis\/wp-json\/wp\/v2\/media?parent=72660"}],"wp:term":[{"taxonomy":"category","embeddable":true,"href":"https:\/\/www.deberes.net\/tesis\/wp-json\/wp\/v2\/categories?post=72660"},{"taxonomy":"post_tag","embeddable":true,"href":"https:\/\/www.deberes.net\/tesis\/wp-json\/wp\/v2\/tags?post=72660"}],"curies":[{"name":"wp","href":"https:\/\/api.w.org\/{rel}","templated":true}]}}