{"id":72662,"date":"2005-10-02T00:00:00","date_gmt":"2005-10-02T00:00:00","guid":{"rendered":"https:\/\/www.deberes.net\/tesis\/sin-categoria\/influencia-de-la-descontaminacion-selectiva-dis-con-norfloxacina-como-profilaxis-de-la-peritonitis\/"},"modified":"2005-10-02T00:00:00","modified_gmt":"2005-10-02T00:00:00","slug":"influencia-de-la-descontaminacion-selectiva-dis-con-norfloxacina-como-profilaxis-de-la-peritonitis","status":"publish","type":"post","link":"https:\/\/www.deberes.net\/tesis\/ciencias-medicas\/influencia-de-la-descontaminacion-selectiva-dis-con-norfloxacina-como-profilaxis-de-la-peritonitis\/","title":{"rendered":"Influencia de la descontaminaci\u00f3n selectiva (dis) con norfloxacina como profilaxis de la peritonitis"},"content":{"rendered":"<h2>Tesis doctoral de <strong>  Vera Almenar F\u00e9lix De <\/strong><\/h2>\n<p>1,- la epidemiolog\u00eda de la infecciones comunitarias observadas es similar a la descrita es la literatura.  2,- el uso de dis per se no modifica la epidemiolog\u00eda de las infecciones al ingreso hospitalario.  3,- la exposici\u00f3n a dis, la presencia de cepas de e.Coli resistentes que se dan simult\u00e1neamente, pero que solo parecen guardar relaci\u00f3n causa-efecto cuando la exposici\u00f3n a dis es muy prolongada en el tiempo.<\/p>\n<p>&nbsp;<\/p>\n<h3>Datos acad\u00e9micos de la tesis doctoral \u00ab<strong>Influencia de la descontaminaci\u00f3n selectiva (dis) con norfloxacina como profilaxis de la peritonitis<\/strong>\u00ab<\/h3>\n<ul>\n<li><strong>T\u00edtulo de la tesis:<\/strong>\u00a0 Influencia de la descontaminaci\u00f3n selectiva (dis) con norfloxacina como profilaxis de la peritonitis <\/li>\n<li><strong>Autor:<\/strong>\u00a0  Vera Almenar F\u00e9lix De <\/li>\n<li><strong>Universidad:<\/strong>\u00a0 Miguel hern\u00e1ndez de elche<\/li>\n<li><strong>Fecha de lectura de la tesis:<\/strong>\u00a0 10\/02\/2005<\/li>\n<\/ul>\n<p>&nbsp;<\/p>\n<h3>Direcci\u00f3n y tribunal<\/h3>\n<ul>\n<li><strong>Director de la tesis<\/strong>\n<ul>\n<li>Jose Susch Ronda<\/li>\n<\/ul>\n<\/li>\n<li><strong>Tribunal<\/strong>\n<ul>\n<li>Presidente del tribunal: vicente Arroyo perez <\/li>\n<li>Carlos Guarner aguilar (vocal)<\/li>\n<li>ricardo Sol\u00ed\u00a0 lamoglia (vocal)<\/li>\n<li> Serra desfilis Miguel angel (vocal)<\/li>\n<\/ul>\n<\/li>\n<\/ul>\n<p>&nbsp;<\/p>\n","protected":false},"excerpt":{"rendered":"<p>Tesis doctoral de Vera Almenar F\u00e9lix De 1,- la epidemiolog\u00eda de la infecciones comunitarias observadas es similar a la descrita [&hellip;]<\/p>\n","protected":false},"author":1,"featured_media":0,"comment_status":"open","ping_status":"open","sticky":false,"template":"","format":"standard","meta":{"site-sidebar-layout":"default","site-content-layout":"","ast-site-content-layout":"","site-content-style":"default","site-sidebar-style":"default","ast-global-header-display":"","ast-banner-title-visibility":"","ast-main-header-display":"","ast-hfb-above-header-display":"","ast-hfb-below-header-display":"","ast-hfb-mobile-header-display":"","site-post-title":"","ast-breadcrumbs-content":"","ast-featured-img":"","footer-sml-layout":"","theme-transparent-header-meta":"","adv-header-id-meta":"","stick-header-meta":"","header-above-stick-meta":"","header-main-stick-meta":"","header-below-stick-meta":"","astra-migrate-meta-layouts":"default","ast-page-background-enabled":"default","ast-page-background-meta":{"desktop":{"background-color":"var(--ast-global-color-4)","background-image":"","background-repeat":"repeat","background-position":"center center","background-size":"auto","background-attachment":"scroll","background-type":"","background-media":"","overlay-type":"","overlay-color":"","overlay-gradient":""},"tablet":{"background-color":"","background-image":"","background-repeat":"repeat","background-position":"center center","background-size":"auto","background-attachment":"scroll","background-type":"","background-media":"","overlay-type":"","overlay-color":"","overlay-gradient":""},"mobile":{"background-color":"","background-image":"","background-repeat":"repeat","background-position":"center center","background-size":"auto","background-attachment":"scroll","background-type":"","background-media":"","overlay-type":"","overlay-color":"","overlay-gradient":""}},"ast-content-background-meta":{"desktop":{"background-color":"var(--ast-global-color-5)","background-image":"","background-repeat":"repeat","background-position":"center center","background-size":"auto","background-attachment":"scroll","background-type":"","background-media":"","overlay-type":"","overlay-color":"","overlay-gradient":""},"tablet":{"background-color":"var(--ast-global-color-5)","background-image":"","background-repeat":"repeat","background-position":"center center","background-size":"auto","background-attachment":"scroll","background-type":"","background-media":"","overlay-type":"","overlay-color":"","overlay-gradient":""},"mobile":{"background-color":"var(--ast-global-color-5)","background-image":"","background-repeat":"repeat","background-position":"center center","background-size":"auto","background-attachment":"scroll","background-type":"","background-media":"","overlay-type":"","overlay-color":"","overlay-gradient":""}},"footnotes":""},"categories":[155,9,1086,491,139,597,37169],"tags":[64035,157949,31062,26813,157948,19655],"class_list":["post-72662","post","type-post","status-publish","format-standard","hentry","category-ciencias-clinicas","category-ciencias-medicas","category-epidemiologia","category-gastroenterologia","category-medicina-interna","category-microbiologia-clinica","category-miguel-hernandez-de-elche","tag-carlos-guarner-aguilar","tag-jose-susch-ronda","tag-ricardo-soli-lamoglia","tag-serra-desfilis-miguel-angel","tag-vera-almenar-felix-de","tag-vicente-arroyo-perez"],"_links":{"self":[{"href":"https:\/\/www.deberes.net\/tesis\/wp-json\/wp\/v2\/posts\/72662","targetHints":{"allow":["GET"]}}],"collection":[{"href":"https:\/\/www.deberes.net\/tesis\/wp-json\/wp\/v2\/posts"}],"about":[{"href":"https:\/\/www.deberes.net\/tesis\/wp-json\/wp\/v2\/types\/post"}],"author":[{"embeddable":true,"href":"https:\/\/www.deberes.net\/tesis\/wp-json\/wp\/v2\/users\/1"}],"replies":[{"embeddable":true,"href":"https:\/\/www.deberes.net\/tesis\/wp-json\/wp\/v2\/comments?post=72662"}],"version-history":[{"count":0,"href":"https:\/\/www.deberes.net\/tesis\/wp-json\/wp\/v2\/posts\/72662\/revisions"}],"wp:attachment":[{"href":"https:\/\/www.deberes.net\/tesis\/wp-json\/wp\/v2\/media?parent=72662"}],"wp:term":[{"taxonomy":"category","embeddable":true,"href":"https:\/\/www.deberes.net\/tesis\/wp-json\/wp\/v2\/categories?post=72662"},{"taxonomy":"post_tag","embeddable":true,"href":"https:\/\/www.deberes.net\/tesis\/wp-json\/wp\/v2\/tags?post=72662"}],"curies":[{"name":"wp","href":"https:\/\/api.w.org\/{rel}","templated":true}]}}