{"id":72712,"date":"2018-03-09T23:17:30","date_gmt":"2018-03-09T23:17:30","guid":{"rendered":"https:\/\/www.deberes.net\/tesis\/sin-categoria\/las-restauraciones-arquitectonicas-de-luis-menendez-pidal\/"},"modified":"2018-03-09T23:17:30","modified_gmt":"2018-03-09T23:17:30","slug":"las-restauraciones-arquitectonicas-de-luis-menendez-pidal","status":"publish","type":"post","link":"https:\/\/www.deberes.net\/tesis\/ciencias-de-las-artes-y-las-letras\/las-restauraciones-arquitectonicas-de-luis-menendez-pidal\/","title":{"rendered":"Las restauraciones arquitect\u00f3nicas de luis men\u00e9ndez-pidal"},"content":{"rendered":"<h2>Tesis doctoral de <strong> Miguel Mart\u00ednez Monedero <\/strong><\/h2>\n<p>Luis men\u00e9ndez-pidal fue uno de los protagonistas de la restauraci\u00f3n del patrimonio arquitect\u00f3nico espa\u00f1ol en el pasado siglo, y fundamentalmente durante la etapa franquista. Su trabajo se desarroll\u00f3 desde 1920 hasta 1975 paralelo a cambios pol\u00edticos y diversas circunstancias sociales en una etapa convulsa y determinante en la consecuci\u00f3n de la actual disciplina de la restauraci\u00f3n arquitect\u00f3nica.  Men\u00e9ndez-pidal, en sus distintos puestos dentro de la administraci\u00f3n, restaur\u00f3 cerca de 200 edificios distribuidos por la zona noroeste de espa\u00f1a, y fundamentalmente en asturias, su tierra natal.  la tesis doctoral realiza un estudio profundo sobre la evoluci\u00f3n intelectual y metodol\u00f3gica frente a los monumentos de luis men\u00e9ndez-pidal, que se contrasta con el an\u00e1lisis pormenorizado de todas sus intervenciones. Adem\u00e1s su obra se sit\u00faa dentro del contexto nacional y europeo de la restauraci\u00f3n arquitect\u00f3nica del siglo xx, y concretamente las actitudes de los distintos estados europeos tras las destrucciones sistem\u00e1ticas del patrimonio de la segunda guerra mundial.<\/p>\n<p>&nbsp;<\/p>\n<h3>Datos acad\u00e9micos de la tesis doctoral \u00ab<strong>Las restauraciones arquitect\u00f3nicas de luis men\u00e9ndez-pidal<\/strong>\u00ab<\/h3>\n<ul>\n<li><strong>T\u00edtulo de la tesis:<\/strong>\u00a0 Las restauraciones arquitect\u00f3nicas de luis men\u00e9ndez-pidal <\/li>\n<li><strong>Autor:<\/strong>\u00a0 Miguel Mart\u00ednez Monedero <\/li>\n<li><strong>Universidad:<\/strong>\u00a0 Valladolid<\/li>\n<li><strong>Fecha de lectura de la tesis:<\/strong>\u00a0 14\/02\/2005<\/li>\n<\/ul>\n<p>&nbsp;<\/p>\n<h3>Direcci\u00f3n y tribunal<\/h3>\n<ul>\n<li><strong>Director de la tesis<\/strong>\n<ul>\n<li>Ignacio Represa Bermejo<\/li>\n<\/ul>\n<\/li>\n<li><strong>Tribunal<\/strong>\n<ul>\n<li>Presidente del tribunal: Juan  Carlos Arnuncio pastor <\/li>\n<li> Plaza Santiago  Francisco de la (vocal)<\/li>\n<li>mario Manieri elia (vocal)<\/li>\n<li>ignacio Gonzalez-varas iba\u00f1ez (vocal)<\/li>\n<\/ul>\n<\/li>\n<\/ul>\n<p>&nbsp;<\/p>\n","protected":false},"excerpt":{"rendered":"<p>Tesis doctoral de Miguel Mart\u00ednez Monedero Luis men\u00e9ndez-pidal fue uno de los protagonistas de la restauraci\u00f3n del patrimonio arquitect\u00f3nico espa\u00f1ol [&hellip;]<\/p>\n","protected":false},"author":1,"featured_media":0,"comment_status":"open","ping_status":"open","sticky":false,"template":"","format":"standard","meta":{"site-sidebar-layout":"default","site-content-layout":"","ast-site-content-layout":"","site-content-style":"default","site-sidebar-style":"default","ast-global-header-display":"","ast-banner-title-visibility":"","ast-main-header-display":"","ast-hfb-above-header-display":"","ast-hfb-below-header-display":"","ast-hfb-mobile-header-display":"","site-post-title":"","ast-breadcrumbs-content":"","ast-featured-img":"","footer-sml-layout":"","theme-transparent-header-meta":"","adv-header-id-meta":"","stick-header-meta":"","header-above-stick-meta":"","header-main-stick-meta":"","header-below-stick-meta":"","astra-migrate-meta-layouts":"default","ast-page-background-enabled":"default","ast-page-background-meta":{"desktop":{"background-color":"var(--ast-global-color-4)","background-image":"","background-repeat":"repeat","background-position":"center center","background-size":"auto","background-attachment":"scroll","background-type":"","background-media":"","overlay-type":"","overlay-color":"","overlay-gradient":""},"tablet":{"background-color":"","background-image":"","background-repeat":"repeat","background-position":"center center","background-size":"auto","background-attachment":"scroll","background-type":"","background-media":"","overlay-type":"","overlay-color":"","overlay-gradient":""},"mobile":{"background-color":"","background-image":"","background-repeat":"repeat","background-position":"center center","background-size":"auto","background-attachment":"scroll","background-type":"","background-media":"","overlay-type":"","overlay-color":"","overlay-gradient":""}},"ast-content-background-meta":{"desktop":{"background-color":"var(--ast-global-color-5)","background-image":"","background-repeat":"repeat","background-position":"center center","background-size":"auto","background-attachment":"scroll","background-type":"","background-media":"","overlay-type":"","overlay-color":"","overlay-gradient":""},"tablet":{"background-color":"var(--ast-global-color-5)","background-image":"","background-repeat":"repeat","background-position":"center center","background-size":"auto","background-attachment":"scroll","background-type":"","background-media":"","overlay-type":"","overlay-color":"","overlay-gradient":""},"mobile":{"background-color":"var(--ast-global-color-5)","background-image":"","background-repeat":"repeat","background-position":"center center","background-size":"auto","background-attachment":"scroll","background-type":"","background-media":"","overlay-type":"","overlay-color":"","overlay-gradient":""}},"footnotes":""},"categories":[4509,147,4511,12451],"tags":[4512,74191,12570,158036,158035,14884],"class_list":["post-72712","post","type-post","status-publish","format-standard","hentry","category-arquitectura","category-ciencias-de-las-artes-y-las-letras","category-restauracion-arquitectonica","category-valladolid","tag-ignacio-gonzalez-varas-ibanez","tag-ignacio-represa-bermejo","tag-juan-carlos-arnuncio-pastor","tag-mario-manieri-elia","tag-miguel-Martinez-monedero","tag-plaza-santiago-francisco-de-la"],"_links":{"self":[{"href":"https:\/\/www.deberes.net\/tesis\/wp-json\/wp\/v2\/posts\/72712","targetHints":{"allow":["GET"]}}],"collection":[{"href":"https:\/\/www.deberes.net\/tesis\/wp-json\/wp\/v2\/posts"}],"about":[{"href":"https:\/\/www.deberes.net\/tesis\/wp-json\/wp\/v2\/types\/post"}],"author":[{"embeddable":true,"href":"https:\/\/www.deberes.net\/tesis\/wp-json\/wp\/v2\/users\/1"}],"replies":[{"embeddable":true,"href":"https:\/\/www.deberes.net\/tesis\/wp-json\/wp\/v2\/comments?post=72712"}],"version-history":[{"count":0,"href":"https:\/\/www.deberes.net\/tesis\/wp-json\/wp\/v2\/posts\/72712\/revisions"}],"wp:attachment":[{"href":"https:\/\/www.deberes.net\/tesis\/wp-json\/wp\/v2\/media?parent=72712"}],"wp:term":[{"taxonomy":"category","embeddable":true,"href":"https:\/\/www.deberes.net\/tesis\/wp-json\/wp\/v2\/categories?post=72712"},{"taxonomy":"post_tag","embeddable":true,"href":"https:\/\/www.deberes.net\/tesis\/wp-json\/wp\/v2\/tags?post=72712"}],"curies":[{"name":"wp","href":"https:\/\/api.w.org\/{rel}","templated":true}]}}