{"id":72722,"date":"2018-03-09T23:17:33","date_gmt":"2018-03-09T23:17:33","guid":{"rendered":"https:\/\/www.deberes.net\/tesis\/sin-categoria\/legislacion-y-ensenanza-religiosa-en-espana-1812-1902\/"},"modified":"2018-03-09T23:17:33","modified_gmt":"2018-03-09T23:17:33","slug":"legislacion-y-ensenanza-religiosa-en-espana-1812-1902","status":"publish","type":"post","link":"https:\/\/www.deberes.net\/tesis\/derecho-y-legislacion-nacionales\/legislacion-y-ensenanza-religiosa-en-espana-1812-1902\/","title":{"rendered":"Legislaci\u00f3n y ense\u00f1anza religiosa en espa\u00f1a (1812-1902)"},"content":{"rendered":"<h2>Tesis doctoral de <strong> Iv\u00e1n N\u00fa\u00f1ez Rozas <\/strong><\/h2>\n<p>La tesis recoge un an\u00e1lisis exhaustivo de la legislaci\u00f3n deumon\u00f3mica relativa a la presencia de la religi\u00f3n en los centros docentes. En particular, se analiza el estudio de la asignatura de religi\u00f3n, el respeto a lo moral religiosa en el desarrollo de la ense\u00f1anza, la incidencia de la religi\u00f3n como limite a la libertad de c\u00e1tedra, la realizaci\u00f3n de actos religiosos en los centros docentes, y la labor educativa realizada por la iglesia.<\/p>\n<p>&nbsp;<\/p>\n<h3>Datos acad\u00e9micos de la tesis doctoral \u00ab<strong>Legislaci\u00f3n y ense\u00f1anza religiosa en espa\u00f1a (1812-1902)<\/strong>\u00ab<\/h3>\n<ul>\n<li><strong>T\u00edtulo de la tesis:<\/strong>\u00a0 Legislaci\u00f3n y ense\u00f1anza religiosa en espa\u00f1a (1812-1902) <\/li>\n<li><strong>Autor:<\/strong>\u00a0 Iv\u00e1n N\u00fa\u00f1ez Rozas <\/li>\n<li><strong>Universidad:<\/strong>\u00a0 Alcal\u00e1<\/li>\n<li><strong>Fecha de lectura de la tesis:<\/strong>\u00a0 14\/02\/2005<\/li>\n<\/ul>\n<p>&nbsp;<\/p>\n<h3>Direcci\u00f3n y tribunal<\/h3>\n<ul>\n<li><strong>Director de la tesis<\/strong>\n<ul>\n<li>Agust\u00edn Motilla  De La Calle<\/li>\n<\/ul>\n<\/li>\n<li><strong>Tribunal<\/strong>\n<ul>\n<li>Presidente del tribunal: alberto De la hera p\u00e9rez cuesta <\/li>\n<li>ivan Carlos Iban p\u00e9rez (vocal)<\/li>\n<li>Jos\u00e9 M\u00aa Gonzalez del valle (vocal)<\/li>\n<li>feliciano Barrios pintado (vocal)<\/li>\n<\/ul>\n<\/li>\n<\/ul>\n<p>&nbsp;<\/p>\n","protected":false},"excerpt":{"rendered":"<p>Tesis doctoral de Iv\u00e1n N\u00fa\u00f1ez Rozas La tesis recoge un an\u00e1lisis exhaustivo de la legislaci\u00f3n deumon\u00f3mica relativa a la presencia [&hellip;]<\/p>\n","protected":false},"author":1,"featured_media":0,"comment_status":"open","ping_status":"open","sticky":false,"template":"","format":"standard","meta":{"site-sidebar-layout":"default","site-content-layout":"","ast-site-content-layout":"","site-content-style":"default","site-sidebar-style":"default","ast-global-header-display":"","ast-banner-title-visibility":"","ast-main-header-display":"","ast-hfb-above-header-display":"","ast-hfb-below-header-display":"","ast-hfb-mobile-header-display":"","site-post-title":"","ast-breadcrumbs-content":"","ast-featured-img":"","footer-sml-layout":"","theme-transparent-header-meta":"","adv-header-id-meta":"","stick-header-meta":"","header-above-stick-meta":"","header-main-stick-meta":"","header-below-stick-meta":"","astra-migrate-meta-layouts":"default","ast-page-background-enabled":"default","ast-page-background-meta":{"desktop":{"background-color":"var(--ast-global-color-4)","background-image":"","background-repeat":"repeat","background-position":"center center","background-size":"auto","background-attachment":"scroll","background-type":"","background-media":"","overlay-type":"","overlay-color":"","overlay-gradient":""},"tablet":{"background-color":"","background-image":"","background-repeat":"repeat","background-position":"center center","background-size":"auto","background-attachment":"scroll","background-type":"","background-media":"","overlay-type":"","overlay-color":"","overlay-gradient":""},"mobile":{"background-color":"","background-image":"","background-repeat":"repeat","background-position":"center center","background-size":"auto","background-attachment":"scroll","background-type":"","background-media":"","overlay-type":"","overlay-color":"","overlay-gradient":""}},"ast-content-background-meta":{"desktop":{"background-color":"var(--ast-global-color-5)","background-image":"","background-repeat":"repeat","background-position":"center center","background-size":"auto","background-attachment":"scroll","background-type":"","background-media":"","overlay-type":"","overlay-color":"","overlay-gradient":""},"tablet":{"background-color":"var(--ast-global-color-5)","background-image":"","background-repeat":"repeat","background-position":"center center","background-size":"auto","background-attachment":"scroll","background-type":"","background-media":"","overlay-type":"","overlay-color":"","overlay-gradient":""},"mobile":{"background-color":"var(--ast-global-color-5)","background-image":"","background-repeat":"repeat","background-position":"center center","background-size":"auto","background-attachment":"scroll","background-type":"","background-media":"","overlay-type":"","overlay-color":"","overlay-gradient":""}},"footnotes":""},"categories":[17426,979],"tags":[37839,45590,5339,25422,158050,18106],"class_list":["post-72722","post","type-post","status-publish","format-standard","hentry","category-alcala","category-derecho-y-legislacion-nacionales","tag-agustin-motilla-de-la-calle","tag-alberto-de-la-hera-perez-cuesta","tag-feliciano-barrios-pintado","tag-ivan-carlos-iban-perez","tag-ivan-nunez-rozas","tag-jose-ma-gonzalez-del-valle"],"_links":{"self":[{"href":"https:\/\/www.deberes.net\/tesis\/wp-json\/wp\/v2\/posts\/72722","targetHints":{"allow":["GET"]}}],"collection":[{"href":"https:\/\/www.deberes.net\/tesis\/wp-json\/wp\/v2\/posts"}],"about":[{"href":"https:\/\/www.deberes.net\/tesis\/wp-json\/wp\/v2\/types\/post"}],"author":[{"embeddable":true,"href":"https:\/\/www.deberes.net\/tesis\/wp-json\/wp\/v2\/users\/1"}],"replies":[{"embeddable":true,"href":"https:\/\/www.deberes.net\/tesis\/wp-json\/wp\/v2\/comments?post=72722"}],"version-history":[{"count":0,"href":"https:\/\/www.deberes.net\/tesis\/wp-json\/wp\/v2\/posts\/72722\/revisions"}],"wp:attachment":[{"href":"https:\/\/www.deberes.net\/tesis\/wp-json\/wp\/v2\/media?parent=72722"}],"wp:term":[{"taxonomy":"category","embeddable":true,"href":"https:\/\/www.deberes.net\/tesis\/wp-json\/wp\/v2\/categories?post=72722"},{"taxonomy":"post_tag","embeddable":true,"href":"https:\/\/www.deberes.net\/tesis\/wp-json\/wp\/v2\/tags?post=72722"}],"curies":[{"name":"wp","href":"https:\/\/api.w.org\/{rel}","templated":true}]}}