{"id":72747,"date":"2018-03-09T23:17:33","date_gmt":"2018-03-09T23:17:33","guid":{"rendered":"https:\/\/www.deberes.net\/tesis\/sin-categoria\/la-tolerancia-liberal-john-rawls-en-dialogo-con-sus-cra%c2%adticos\/"},"modified":"2018-03-09T23:17:33","modified_gmt":"2018-03-09T23:17:33","slug":"la-tolerancia-liberal-john-rawls-en-dialogo-con-sus-cra%c2%adticos","status":"publish","type":"post","link":"https:\/\/www.deberes.net\/tesis\/etica\/la-tolerancia-liberal-john-rawls-en-dialogo-con-sus-cra%c2%adticos\/","title":{"rendered":"La tolerancia liberal. john rawls en di\u00e1logo con sus cr\u00edticos"},"content":{"rendered":"<h2>Tesis doctoral de <strong>  Correa Casanova Mauricio Hernan <\/strong><\/h2>\n<p>El autor desarrolla lo que denomina como una teor\u00eda de la tolerancia en el pensamiento de john rawls y luego la pone en di\u00e1logo con sus cr\u00edticos. con esta finalidad la tesis se divide en dos grandes partes. En la primera (cap\u00edtulos 1 y 2) se realiza una construcci\u00f3n sistem\u00e1tica de la teor\u00eda rawlsiana de la tolerancia en el marco de la pol\u00edtica interior de una sociedad liberal cerrada o sociedad dom\u00e9stica (a theory of justice y political liberalism), as\u00ed como tambi\u00e9n en la pol\u00edtica exterior de una sociedad liberal abierta o situada en la sociedad de los pueblos (the law of peoples). En la segunda parte se exponen en di\u00e1logo con rawls tres modelos alternativos de tolerancia formulados desde perspectivas filos\u00f3ficas no liberales, tales como el republicanismo c\u00edvico y la tolerancia cr\u00edtica de michael sandel (cap\u00edtulo 3), el comunitarismo liberal y la tolerancia compleja de michael walzer  (cap\u00edtulo 4) y el socialismo dial\u00f3gico y la tolerancia afirmativa de karl-otto apel (cap\u00edtulo 5).<\/p>\n<p>&nbsp;<\/p>\n<h3>Datos acad\u00e9micos de la tesis doctoral \u00ab<strong>La tolerancia liberal. john rawls en di\u00e1logo con sus cr\u00edticos<\/strong>\u00ab<\/h3>\n<ul>\n<li><strong>T\u00edtulo de la tesis:<\/strong>\u00a0 La tolerancia liberal. john rawls en di\u00e1logo con sus cr\u00edticos <\/li>\n<li><strong>Autor:<\/strong>\u00a0  Correa Casanova Mauricio Hernan <\/li>\n<li><strong>Universidad:<\/strong>\u00a0 Universitat de val\u00e9ncia (estudi general)<\/li>\n<li><strong>Fecha de lectura de la tesis:<\/strong>\u00a0 17\/02\/2005<\/li>\n<\/ul>\n<p>&nbsp;<\/p>\n<h3>Direcci\u00f3n y tribunal<\/h3>\n<ul>\n<li><strong>Director de la tesis<\/strong>\n<ul>\n<li>Adela Cortina Orts<\/li>\n<\/ul>\n<\/li>\n<li><strong>Tribunal<\/strong>\n<ul>\n<li>Presidente del tribunal: victoria Camps cervera <\/li>\n<li>domingo Garcia marza (vocal)<\/li>\n<li>Jes\u00fas marcial Conill sancho (vocal)<\/li>\n<li>Emilio gines Martinez navarro (vocal)<\/li>\n<\/ul>\n<\/li>\n<\/ul>\n<p>&nbsp;<\/p>\n","protected":false},"excerpt":{"rendered":"<p>Tesis doctoral de Correa Casanova Mauricio Hernan El autor desarrolla lo que denomina como una teor\u00eda de la tolerancia en [&hellip;]<\/p>\n","protected":false},"author":1,"featured_media":0,"comment_status":"open","ping_status":"open","sticky":false,"template":"","format":"standard","meta":{"site-sidebar-layout":"default","site-content-layout":"","ast-site-content-layout":"","site-content-style":"default","site-sidebar-style":"default","ast-global-header-display":"","ast-banner-title-visibility":"","ast-main-header-display":"","ast-hfb-above-header-display":"","ast-hfb-below-header-display":"","ast-hfb-mobile-header-display":"","site-post-title":"","ast-breadcrumbs-content":"","ast-featured-img":"","footer-sml-layout":"","theme-transparent-header-meta":"","adv-header-id-meta":"","stick-header-meta":"","header-above-stick-meta":"","header-main-stick-meta":"","header-below-stick-meta":"","astra-migrate-meta-layouts":"default","ast-page-background-enabled":"default","ast-page-background-meta":{"desktop":{"background-color":"var(--ast-global-color-4)","background-image":"","background-repeat":"repeat","background-position":"center center","background-size":"auto","background-attachment":"scroll","background-type":"","background-media":"","overlay-type":"","overlay-color":"","overlay-gradient":""},"tablet":{"background-color":"","background-image":"","background-repeat":"repeat","background-position":"center center","background-size":"auto","background-attachment":"scroll","background-type":"","background-media":"","overlay-type":"","overlay-color":"","overlay-gradient":""},"mobile":{"background-color":"","background-image":"","background-repeat":"repeat","background-position":"center center","background-size":"auto","background-attachment":"scroll","background-type":"","background-media":"","overlay-type":"","overlay-color":"","overlay-gradient":""}},"ast-content-background-meta":{"desktop":{"background-color":"var(--ast-global-color-5)","background-image":"","background-repeat":"repeat","background-position":"center center","background-size":"auto","background-attachment":"scroll","background-type":"","background-media":"","overlay-type":"","overlay-color":"","overlay-gradient":""},"tablet":{"background-color":"var(--ast-global-color-5)","background-image":"","background-repeat":"repeat","background-position":"center center","background-size":"auto","background-attachment":"scroll","background-type":"","background-media":"","overlay-type":"","overlay-color":"","overlay-gradient":""},"mobile":{"background-color":"var(--ast-global-color-5)","background-image":"","background-repeat":"repeat","background-position":"center center","background-size":"auto","background-attachment":"scroll","background-type":"","background-media":"","overlay-type":"","overlay-color":"","overlay-gradient":""}},"footnotes":""},"categories":[8646,17875,8647,8649,102676,40872],"tags":[12012,158093,48061,55586,12440,32929],"class_list":["post-72747","post","type-post","status-publish","format-standard","hentry","category-etica","category-etica-de-grupo","category-etica-de-individuos","category-etica-filosofica","category-etica-prospectiva","category-etica-transnacional","tag-adela-cortina-orts","tag-correa-casanova-mauricio-hernan","tag-domingo-garcia-marza","tag-emilio-gines-Martinez-navarro","tag-jesus-marcial-conill-sancho","tag-victoria-camps-cervera"],"_links":{"self":[{"href":"https:\/\/www.deberes.net\/tesis\/wp-json\/wp\/v2\/posts\/72747","targetHints":{"allow":["GET"]}}],"collection":[{"href":"https:\/\/www.deberes.net\/tesis\/wp-json\/wp\/v2\/posts"}],"about":[{"href":"https:\/\/www.deberes.net\/tesis\/wp-json\/wp\/v2\/types\/post"}],"author":[{"embeddable":true,"href":"https:\/\/www.deberes.net\/tesis\/wp-json\/wp\/v2\/users\/1"}],"replies":[{"embeddable":true,"href":"https:\/\/www.deberes.net\/tesis\/wp-json\/wp\/v2\/comments?post=72747"}],"version-history":[{"count":0,"href":"https:\/\/www.deberes.net\/tesis\/wp-json\/wp\/v2\/posts\/72747\/revisions"}],"wp:attachment":[{"href":"https:\/\/www.deberes.net\/tesis\/wp-json\/wp\/v2\/media?parent=72747"}],"wp:term":[{"taxonomy":"category","embeddable":true,"href":"https:\/\/www.deberes.net\/tesis\/wp-json\/wp\/v2\/categories?post=72747"},{"taxonomy":"post_tag","embeddable":true,"href":"https:\/\/www.deberes.net\/tesis\/wp-json\/wp\/v2\/tags?post=72747"}],"curies":[{"name":"wp","href":"https:\/\/api.w.org\/{rel}","templated":true}]}}