{"id":72760,"date":"2018-03-09T23:17:33","date_gmt":"2018-03-09T23:17:33","guid":{"rendered":"https:\/\/www.deberes.net\/tesis\/sin-categoria\/analisis-textual-del-discurso-legitimador-de-las-farc-ep\/"},"modified":"2018-03-09T23:17:33","modified_gmt":"2018-03-09T23:17:33","slug":"analisis-textual-del-discurso-legitimador-de-las-farc-ep","status":"publish","type":"post","link":"https:\/\/www.deberes.net\/tesis\/actitudes-politicas\/analisis-textual-del-discurso-legitimador-de-las-farc-ep\/","title":{"rendered":"An\u00e1lisis textual del discurso legitimador de las farc-ep"},"content":{"rendered":"<h2>Tesis doctoral de <strong> Mar\u00eda  Idaly Barreto Galeano <\/strong><\/h2>\n<p>En el presente trabajo se analizan las creencias que son difundidas a trav\u00e9s del discurso como la estrategia principal de los grupos armados para legitimar la violencia pol\u00edtica. Para ello, se seleccionan diversas publicaciones de la p\u00e1gina web de las fuerzas armadas revolucionarias de colombia (farc ep) en un per\u00edodo de tiempo de cinco a\u00f1os (desde 1997 hasta el 2001). Para el an\u00e1lisis del discurso se emplea la metodolog\u00eda del an\u00e1lisis estad\u00edstico de datos textuales con el prop\u00f3sito de organizar, describir, resumir y comparar el discurso legitimador de la violencia en colombia de una forma sistem\u00e1tica que conduzca al an\u00e1lisis de la estructura y el contenido del discurso. Para el an\u00e1lisis de los datos se utilizan los software spad y dtm. Los resultados del an\u00e1lisis estad\u00edstico del discurso muestran que la estrategia general del discurso ideol\u00f3gico se fundamenta, inicialmente, en diferenciar y categorizar grupos sociales. Posteriormente, se identifican cinco categor\u00edas de an\u00e1lisis que permiten estudiar las propiedades ideol\u00f3gicas del discurso, \u00e9stas son: conflicto intergrupal, alternativas de soluci\u00f3n al conflicto, elementos legitimadores, elementos deslegitimadores y elementos contextuales. Dentro de estas propiedades, encontramos principalmente presentar al endogrupo como defensor de las soluciones dialogadas y pac\u00edficas, haciendo especial \u00e9nfasis tanto en la disposici\u00f3n de las farc-ep por resolver el conflicto como en la falta de voluntad del gobierno por encontrar soluci\u00f3n al mismo. Brindar los argumentos necesarios a los miembros del movimiento, simpatizantes, audiencia e incluso oponentes y autoridades que legitimen el uso de la violencia. Entre las categor\u00edas m\u00e1s empleadas en el discurso de las farc-ep encontramos: causas de lucha y victimismo. Para completar la estrategia legitimadora de la violencia pol\u00edtica, el discurso de las farc-ep hace \u00e9nfasis en las caracter\u00edsticas negativas del adversario. Para ello, las categor\u00edas m\u00e1s empleadas son: proscripci\u00f3n, atribuci\u00f3n externa de responsabilidad, caracterizaci\u00f3n negativa de las acciones, caracterizaci\u00f3n negativa de rasgos y uso de r\u00f3tulos pol\u00edticos.  palabras clave: violencia pol\u00edtica, legitimaci\u00f3n, conflicto intergrupal y creencias.<\/p>\n<p>&nbsp;<\/p>\n<h3>Datos acad\u00e9micos de la tesis doctoral \u00ab<strong>An\u00e1lisis textual del discurso legitimador de las farc-ep<\/strong>\u00ab<\/h3>\n<ul>\n<li><strong>T\u00edtulo de la tesis:<\/strong>\u00a0 An\u00e1lisis textual del discurso legitimador de las farc-ep <\/li>\n<li><strong>Autor:<\/strong>\u00a0 Mar\u00eda  Idaly Barreto Galeano <\/li>\n<li><strong>Universidad:<\/strong>\u00a0 Santiago de compostela<\/li>\n<li><strong>Fecha de lectura de la tesis:<\/strong>\u00a0 17\/02\/2005<\/li>\n<\/ul>\n<p>&nbsp;<\/p>\n<h3>Direcci\u00f3n y tribunal<\/h3>\n<ul>\n<li><strong>Director de la tesis<\/strong>\n<ul>\n<li>Jos\u00e9 Manuel Sabucedo Cameselle<\/li>\n<\/ul>\n<\/li>\n<li><strong>Tribunal<\/strong>\n<ul>\n<li>Presidente del tribunal: amalio Blanco abarca <\/li>\n<li>Luis de la Corte iba\u00f1ez (vocal)<\/li>\n<li>agustin Echebarria echabe (vocal)<\/li>\n<li>Miguel Moya morales (vocal)<\/li>\n<\/ul>\n<\/li>\n<\/ul>\n<p>&nbsp;<\/p>\n","protected":false},"excerpt":{"rendered":"<p>Tesis doctoral de Mar\u00eda Idaly Barreto Galeano En el presente trabajo se analizan las creencias que son difundidas a trav\u00e9s [&hellip;]<\/p>\n","protected":false},"author":1,"featured_media":0,"comment_status":"open","ping_status":"open","sticky":false,"template":"","format":"standard","meta":{"site-sidebar-layout":"default","site-content-layout":"","ast-site-content-layout":"","site-content-style":"default","site-sidebar-style":"default","ast-global-header-display":"","ast-banner-title-visibility":"","ast-main-header-display":"","ast-hfb-above-header-display":"","ast-hfb-below-header-display":"","ast-hfb-mobile-header-display":"","site-post-title":"","ast-breadcrumbs-content":"","ast-featured-img":"","footer-sml-layout":"","theme-transparent-header-meta":"","adv-header-id-meta":"","stick-header-meta":"","header-above-stick-meta":"","header-main-stick-meta":"","header-below-stick-meta":"","astra-migrate-meta-layouts":"default","ast-page-background-enabled":"default","ast-page-background-meta":{"desktop":{"background-color":"var(--ast-global-color-4)","background-image":"","background-repeat":"repeat","background-position":"center center","background-size":"auto","background-attachment":"scroll","background-type":"","background-media":"","overlay-type":"","overlay-color":"","overlay-gradient":""},"tablet":{"background-color":"","background-image":"","background-repeat":"repeat","background-position":"center center","background-size":"auto","background-attachment":"scroll","background-type":"","background-media":"","overlay-type":"","overlay-color":"","overlay-gradient":""},"mobile":{"background-color":"","background-image":"","background-repeat":"repeat","background-position":"center center","background-size":"auto","background-attachment":"scroll","background-type":"","background-media":"","overlay-type":"","overlay-color":"","overlay-gradient":""}},"ast-content-background-meta":{"desktop":{"background-color":"var(--ast-global-color-5)","background-image":"","background-repeat":"repeat","background-position":"center center","background-size":"auto","background-attachment":"scroll","background-type":"","background-media":"","overlay-type":"","overlay-color":"","overlay-gradient":""},"tablet":{"background-color":"var(--ast-global-color-5)","background-image":"","background-repeat":"repeat","background-position":"center center","background-size":"auto","background-attachment":"scroll","background-type":"","background-media":"","overlay-type":"","overlay-color":"","overlay-gradient":""},"mobile":{"background-color":"var(--ast-global-color-5)","background-image":"","background-repeat":"repeat","background-position":"center center","background-size":"auto","background-attachment":"scroll","background-type":"","background-media":"","overlay-type":"","overlay-color":"","overlay-gradient":""}},"footnotes":""},"categories":[943,977],"tags":[94929,7128,21328,52744,158117,17252],"class_list":["post-72760","post","type-post","status-publish","format-standard","hentry","category-actitudes-politicas","category-santiago-de-compostela","tag-agustin-echebarria-echabe","tag-amalio-blanco-abarca","tag-jose-manuel-sabucedo-cameselle","tag-luis-de-la-corte-ibanez","tag-maria-idaly-barreto-galeano","tag-miguel-moya-morales"],"_links":{"self":[{"href":"https:\/\/www.deberes.net\/tesis\/wp-json\/wp\/v2\/posts\/72760","targetHints":{"allow":["GET"]}}],"collection":[{"href":"https:\/\/www.deberes.net\/tesis\/wp-json\/wp\/v2\/posts"}],"about":[{"href":"https:\/\/www.deberes.net\/tesis\/wp-json\/wp\/v2\/types\/post"}],"author":[{"embeddable":true,"href":"https:\/\/www.deberes.net\/tesis\/wp-json\/wp\/v2\/users\/1"}],"replies":[{"embeddable":true,"href":"https:\/\/www.deberes.net\/tesis\/wp-json\/wp\/v2\/comments?post=72760"}],"version-history":[{"count":0,"href":"https:\/\/www.deberes.net\/tesis\/wp-json\/wp\/v2\/posts\/72760\/revisions"}],"wp:attachment":[{"href":"https:\/\/www.deberes.net\/tesis\/wp-json\/wp\/v2\/media?parent=72760"}],"wp:term":[{"taxonomy":"category","embeddable":true,"href":"https:\/\/www.deberes.net\/tesis\/wp-json\/wp\/v2\/categories?post=72760"},{"taxonomy":"post_tag","embeddable":true,"href":"https:\/\/www.deberes.net\/tesis\/wp-json\/wp\/v2\/tags?post=72760"}],"curies":[{"name":"wp","href":"https:\/\/api.w.org\/{rel}","templated":true}]}}