{"id":72775,"date":"2018-03-09T23:17:38","date_gmt":"2018-03-09T23:17:38","guid":{"rendered":"https:\/\/www.deberes.net\/tesis\/sin-categoria\/siglo-xviii-los-invalidos-a-proposito-de-la-obra-de-goya\/"},"modified":"2018-03-09T23:17:38","modified_gmt":"2018-03-09T23:17:38","slug":"siglo-xviii-los-invalidos-a-proposito-de-la-obra-de-goya","status":"publish","type":"post","link":"https:\/\/www.deberes.net\/tesis\/ciencias-medicas\/siglo-xviii-los-invalidos-a-proposito-de-la-obra-de-goya\/","title":{"rendered":"Siglo xviii. los inv\u00e1lidos a prop\u00f3sito de la obra de goya"},"content":{"rendered":"<h2>Tesis doctoral de <strong> Carmen Abad Fernandez <\/strong><\/h2>\n<p>Partiendo de las caracter\u00edsticas esenciales del s.Xviii, se hace una revisi\u00f3n exhaustiva de la obra del pintor d.Francisco de goya y lucientes.Se distinguen los casos plasmados de discapacidad, se definen datos directos con la enfermedad y la obra; fundamentando esta relaci\u00f3n con los documentos escritos por el autor y sus cr\u00edticos.Se define el concepto de inv\u00e1lido en el s.Xviii desde un an\u00e1lisis detallado de los textos de medicina algebraica del momento y su relaci\u00f3n con las patolog\u00edas origen de la discapacidad.Se especifican las obras del pintor con las caracter\u00edsticas de selecci\u00f3n seg\u00fan este criterio de inclusi\u00f3n.  finalmente, se determina la atenci\u00f3n al inv\u00e1lido en el cuerpo de inv\u00e1lidos documentando la asistencia socio-sanitaria por  los reglamentos vigentes de la \u00e9poca.<\/p>\n<p>&nbsp;<\/p>\n<h3>Datos acad\u00e9micos de la tesis doctoral \u00ab<strong>Siglo xviii. los inv\u00e1lidos a prop\u00f3sito de la obra de goya<\/strong>\u00ab<\/h3>\n<ul>\n<li><strong>T\u00edtulo de la tesis:<\/strong>\u00a0 Siglo xviii. los inv\u00e1lidos a prop\u00f3sito de la obra de goya <\/li>\n<li><strong>Autor:<\/strong>\u00a0 Carmen Abad Fernandez <\/li>\n<li><strong>Universidad:<\/strong>\u00a0 Complutense de Madrid<\/li>\n<li><strong>Fecha de lectura de la tesis:<\/strong>\u00a0 18\/02\/2005<\/li>\n<\/ul>\n<p>&nbsp;<\/p>\n<h3>Direcci\u00f3n y tribunal<\/h3>\n<ul>\n<li><strong>Director de la tesis<\/strong>\n<ul>\n<li>Luis Pablo Rodriguez Rodriguez<\/li>\n<\/ul>\n<\/li>\n<li><strong>Tribunal<\/strong>\n<ul>\n<li>Presidente del tribunal: Antonio Alvarez badino <\/li>\n<li>Ana m. Aguila maturana (vocal)<\/li>\n<li>saul Garcia blanco (vocal)<\/li>\n<li>isabel m. Alguacil diego (vocal)<\/li>\n<\/ul>\n<\/li>\n<\/ul>\n<p>&nbsp;<\/p>\n","protected":false},"excerpt":{"rendered":"<p>Tesis doctoral de Carmen Abad Fernandez Partiendo de las caracter\u00edsticas esenciales del s.Xviii, se hace una revisi\u00f3n exhaustiva de la [&hellip;]<\/p>\n","protected":false},"author":1,"featured_media":0,"comment_status":"open","ping_status":"open","sticky":false,"template":"","format":"standard","meta":{"site-sidebar-layout":"default","site-content-layout":"","ast-site-content-layout":"","site-content-style":"default","site-sidebar-style":"default","ast-global-header-display":"","ast-banner-title-visibility":"","ast-main-header-display":"","ast-hfb-above-header-display":"","ast-hfb-below-header-display":"","ast-hfb-mobile-header-display":"","site-post-title":"","ast-breadcrumbs-content":"","ast-featured-img":"","footer-sml-layout":"","theme-transparent-header-meta":"","adv-header-id-meta":"","stick-header-meta":"","header-above-stick-meta":"","header-main-stick-meta":"","header-below-stick-meta":"","astra-migrate-meta-layouts":"default","ast-page-background-enabled":"default","ast-page-background-meta":{"desktop":{"background-color":"var(--ast-global-color-4)","background-image":"","background-repeat":"repeat","background-position":"center center","background-size":"auto","background-attachment":"scroll","background-type":"","background-media":"","overlay-type":"","overlay-color":"","overlay-gradient":""},"tablet":{"background-color":"","background-image":"","background-repeat":"repeat","background-position":"center center","background-size":"auto","background-attachment":"scroll","background-type":"","background-media":"","overlay-type":"","overlay-color":"","overlay-gradient":""},"mobile":{"background-color":"","background-image":"","background-repeat":"repeat","background-position":"center center","background-size":"auto","background-attachment":"scroll","background-type":"","background-media":"","overlay-type":"","overlay-color":"","overlay-gradient":""}},"ast-content-background-meta":{"desktop":{"background-color":"var(--ast-global-color-5)","background-image":"","background-repeat":"repeat","background-position":"center center","background-size":"auto","background-attachment":"scroll","background-type":"","background-media":"","overlay-type":"","overlay-color":"","overlay-gradient":""},"tablet":{"background-color":"var(--ast-global-color-5)","background-image":"","background-repeat":"repeat","background-position":"center center","background-size":"auto","background-attachment":"scroll","background-type":"","background-media":"","overlay-type":"","overlay-color":"","overlay-gradient":""},"mobile":{"background-color":"var(--ast-global-color-5)","background-image":"","background-repeat":"repeat","background-position":"center center","background-size":"auto","background-attachment":"scroll","background-type":"","background-media":"","overlay-type":"","overlay-color":"","overlay-gradient":""}},"footnotes":""},"categories":[9,435],"tags":[62539,158143,158142,153560,5782,4447],"class_list":["post-72775","post","type-post","status-publish","format-standard","hentry","category-ciencias-medicas","category-medicina-del-trabajo","tag-ana-m-aguila-maturana","tag-antonio-alvarez-badino","tag-carmen-abad-fernandez","tag-isabel-m-alguacil-diego","tag-luis-pablo-rodriguez-rodriguez","tag-saul-garcia-blanco"],"_links":{"self":[{"href":"https:\/\/www.deberes.net\/tesis\/wp-json\/wp\/v2\/posts\/72775","targetHints":{"allow":["GET"]}}],"collection":[{"href":"https:\/\/www.deberes.net\/tesis\/wp-json\/wp\/v2\/posts"}],"about":[{"href":"https:\/\/www.deberes.net\/tesis\/wp-json\/wp\/v2\/types\/post"}],"author":[{"embeddable":true,"href":"https:\/\/www.deberes.net\/tesis\/wp-json\/wp\/v2\/users\/1"}],"replies":[{"embeddable":true,"href":"https:\/\/www.deberes.net\/tesis\/wp-json\/wp\/v2\/comments?post=72775"}],"version-history":[{"count":0,"href":"https:\/\/www.deberes.net\/tesis\/wp-json\/wp\/v2\/posts\/72775\/revisions"}],"wp:attachment":[{"href":"https:\/\/www.deberes.net\/tesis\/wp-json\/wp\/v2\/media?parent=72775"}],"wp:term":[{"taxonomy":"category","embeddable":true,"href":"https:\/\/www.deberes.net\/tesis\/wp-json\/wp\/v2\/categories?post=72775"},{"taxonomy":"post_tag","embeddable":true,"href":"https:\/\/www.deberes.net\/tesis\/wp-json\/wp\/v2\/tags?post=72775"}],"curies":[{"name":"wp","href":"https:\/\/api.w.org\/{rel}","templated":true}]}}