{"id":72794,"date":"2018-03-09T23:17:38","date_gmt":"2018-03-09T23:17:38","guid":{"rendered":"https:\/\/www.deberes.net\/tesis\/sin-categoria\/trayectoria-impacto-economico-y-trascendencia-tecnologica-de-la-industria-aeroespacial\/"},"modified":"2018-03-09T23:17:38","modified_gmt":"2018-03-09T23:17:38","slug":"trayectoria-impacto-economico-y-trascendencia-tecnologica-de-la-industria-aeroespacial","status":"publish","type":"post","link":"https:\/\/www.deberes.net\/tesis\/ciencias-economicas\/trayectoria-impacto-economico-y-trascendencia-tecnologica-de-la-industria-aeroespacial\/","title":{"rendered":"Trayectoria, impacto economico y trascendencia tecnologica de la industria aeroespacial"},"content":{"rendered":"<h2>Tesis doctoral de <strong> Catalina Galvez Galvez <\/strong><\/h2>\n<p>La finalidad de la presente tesis doctoral es analizar, desde una perspectiva eminentemente econ\u00f3mica, la industria aeroespacial en el contexto internacional para, posteriormente centrarse en el estudio del sector en espa\u00f1a y en la comunidad autonoma del pais vasco. Para ello se aborda, en primer lugar, un resumen de la evoluci\u00f3n hist\u00f3rica del sector a lo largo del  siglo xx para delimitar y presentar despu\u00e9s los principales contenidos, caracter\u00edsticas generales, estructura econ\u00f3mica, impacto tecnol\u00f3gico, etc..Este conjunto de facetas se analiza para el caso de la industria aeroespacial de las principales potencias del sector, como, de forma m\u00e1s exhaustiva y detallada, para los casos espa\u00f1ol y vasco. La tesis termina con conclusiones y recomendaciones para la consolidaci\u00f3n del sector en espa\u00f1a y en la comunidad aut\u00f3noma del pa\u00eds vasco.<\/p>\n<p>&nbsp;<\/p>\n<h3>Datos acad\u00e9micos de la tesis doctoral \u00ab<strong>Trayectoria, impacto economico y trascendencia tecnologica de la industria aeroespacial<\/strong>\u00ab<\/h3>\n<ul>\n<li><strong>T\u00edtulo de la tesis:<\/strong>\u00a0 Trayectoria, impacto economico y trascendencia tecnologica de la industria aeroespacial <\/li>\n<li><strong>Autor:<\/strong>\u00a0 Catalina Galvez Galvez <\/li>\n<li><strong>Universidad:<\/strong>\u00a0 Pa\u00eds vasco\/euskal herriko unibertsitatea<\/li>\n<li><strong>Fecha de lectura de la tesis:<\/strong>\u00a0 18\/02\/2005<\/li>\n<\/ul>\n<p>&nbsp;<\/p>\n<h3>Direcci\u00f3n y tribunal<\/h3>\n<ul>\n<li><strong>Director de la tesis<\/strong>\n<ul>\n<li>Roberto Velasco Barroetabe\u00f1a<\/li>\n<\/ul>\n<\/li>\n<li><strong>Tribunal<\/strong>\n<ul>\n<li>Presidente del tribunal: milagros Garcia crespo <\/li>\n<li>Andr\u00e9s Garc\u00eda reche (vocal)<\/li>\n<li>candido Mu\u00f1oz cidad (vocal)<\/li>\n<li> Eguiagaray ucelay Juan  Manuel (vocal)<\/li>\n<\/ul>\n<\/li>\n<\/ul>\n<p>&nbsp;<\/p>\n","protected":false},"excerpt":{"rendered":"<p>Tesis doctoral de Catalina Galvez Galvez La finalidad de la presente tesis doctoral es analizar, desde una perspectiva eminentemente econ\u00f3mica, [&hellip;]<\/p>\n","protected":false},"author":1,"featured_media":0,"comment_status":"open","ping_status":"open","sticky":false,"template":"","format":"standard","meta":{"site-sidebar-layout":"default","site-content-layout":"","ast-site-content-layout":"","site-content-style":"default","site-sidebar-style":"default","ast-global-header-display":"","ast-banner-title-visibility":"","ast-main-header-display":"","ast-hfb-above-header-display":"","ast-hfb-below-header-display":"","ast-hfb-mobile-header-display":"","site-post-title":"","ast-breadcrumbs-content":"","ast-featured-img":"","footer-sml-layout":"","theme-transparent-header-meta":"","adv-header-id-meta":"","stick-header-meta":"","header-above-stick-meta":"","header-main-stick-meta":"","header-below-stick-meta":"","astra-migrate-meta-layouts":"default","ast-page-background-enabled":"default","ast-page-background-meta":{"desktop":{"background-color":"var(--ast-global-color-4)","background-image":"","background-repeat":"repeat","background-position":"center center","background-size":"auto","background-attachment":"scroll","background-type":"","background-media":"","overlay-type":"","overlay-color":"","overlay-gradient":""},"tablet":{"background-color":"","background-image":"","background-repeat":"repeat","background-position":"center center","background-size":"auto","background-attachment":"scroll","background-type":"","background-media":"","overlay-type":"","overlay-color":"","overlay-gradient":""},"mobile":{"background-color":"","background-image":"","background-repeat":"repeat","background-position":"center center","background-size":"auto","background-attachment":"scroll","background-type":"","background-media":"","overlay-type":"","overlay-color":"","overlay-gradient":""}},"ast-content-background-meta":{"desktop":{"background-color":"var(--ast-global-color-5)","background-image":"","background-repeat":"repeat","background-position":"center center","background-size":"auto","background-attachment":"scroll","background-type":"","background-media":"","overlay-type":"","overlay-color":"","overlay-gradient":""},"tablet":{"background-color":"var(--ast-global-color-5)","background-image":"","background-repeat":"repeat","background-position":"center center","background-size":"auto","background-attachment":"scroll","background-type":"","background-media":"","overlay-type":"","overlay-color":"","overlay-gradient":""},"mobile":{"background-color":"var(--ast-global-color-5)","background-image":"","background-repeat":"repeat","background-position":"center center","background-size":"auto","background-attachment":"scroll","background-type":"","background-media":"","overlay-type":"","overlay-color":"","overlay-gradient":""}},"footnotes":""},"categories":[772,82,963,12909,706,18765],"tags":[33058,8574,158177,158178,12733,54548],"class_list":["post-72794","post","type-post","status-publish","format-standard","hentry","category-actividad-economica","category-ciencias-economicas","category-economia-sectorial","category-pais-vasco-euskal-herriko-unibertsitatea","category-produccion","category-sector-de-manufacturas","tag-andres-garcia-reche","tag-candido-munoz-cidad","tag-catalina-galvez-galvez","tag-eguiagaray-ucelay-juan-manuel","tag-milagros-garcia-crespo","tag-roberto-velasco-barroetabena"],"_links":{"self":[{"href":"https:\/\/www.deberes.net\/tesis\/wp-json\/wp\/v2\/posts\/72794","targetHints":{"allow":["GET"]}}],"collection":[{"href":"https:\/\/www.deberes.net\/tesis\/wp-json\/wp\/v2\/posts"}],"about":[{"href":"https:\/\/www.deberes.net\/tesis\/wp-json\/wp\/v2\/types\/post"}],"author":[{"embeddable":true,"href":"https:\/\/www.deberes.net\/tesis\/wp-json\/wp\/v2\/users\/1"}],"replies":[{"embeddable":true,"href":"https:\/\/www.deberes.net\/tesis\/wp-json\/wp\/v2\/comments?post=72794"}],"version-history":[{"count":0,"href":"https:\/\/www.deberes.net\/tesis\/wp-json\/wp\/v2\/posts\/72794\/revisions"}],"wp:attachment":[{"href":"https:\/\/www.deberes.net\/tesis\/wp-json\/wp\/v2\/media?parent=72794"}],"wp:term":[{"taxonomy":"category","embeddable":true,"href":"https:\/\/www.deberes.net\/tesis\/wp-json\/wp\/v2\/categories?post=72794"},{"taxonomy":"post_tag","embeddable":true,"href":"https:\/\/www.deberes.net\/tesis\/wp-json\/wp\/v2\/tags?post=72794"}],"curies":[{"name":"wp","href":"https:\/\/api.w.org\/{rel}","templated":true}]}}