{"id":72857,"date":"2018-03-09T23:17:43","date_gmt":"2018-03-09T23:17:43","guid":{"rendered":"https:\/\/www.deberes.net\/tesis\/sin-categoria\/marco-juridico-de-los-medicamentos-radiofarmacos-estudio-comparativo-entre-espana-y-francia\/"},"modified":"2018-03-09T23:17:43","modified_gmt":"2018-03-09T23:17:43","slug":"marco-juridico-de-los-medicamentos-radiofarmacos-estudio-comparativo-entre-espana-y-francia","status":"publish","type":"post","link":"https:\/\/www.deberes.net\/tesis\/ciencias-medicas\/marco-juridico-de-los-medicamentos-radiofarmacos-estudio-comparativo-entre-espana-y-francia\/","title":{"rendered":"Marco juridico de los medicamentos radiof\u00e1rmacos: estudio comparativo entre espa\u00f1a y francia ."},"content":{"rendered":"<h2>Tesis doctoral de <strong>  Montaner De Iranzo Paloma <\/strong><\/h2>\n<p>Hip\u00f3tesis de trabajo: los radiof\u00e1rmacos son medicamentos radiactivos. Esta doble naturaleza implica su regulaci\u00f3n mediante disposiciones farmac\u00e9uticas y normativa sobre radioprotecci\u00f3n y seguridad nuclear, para garantizar su correcta utilizaci\u00f3n y evitar la toxicidad de las radiaciones emitidas.  objetivos: realizaci\u00f3n de un estudio de campo sobre la legislaci\u00f3n que regula los radiof\u00e1rmacos en espa\u00f1a y su posterior comparaci\u00f3n con el entorno legislativo en francia. Revisi\u00f3n de la situaci\u00f3n actual y planteamiento de controversia y pol\u00e9mica en determinados puntos. Conclusiones. Propuesta de medidas para mejorar su utilizaci\u00f3nen espa\u00f1a. Metodoloo\u00eda: recopilaci\u00f3n de fuentes de consulta bibliogr\u00e1ficaprimarias y secundarias para el  estudio de la normativa publicada en europa, espa\u00f1a y francia. An\u00e1lisis cr\u00edtico de las mismas. Investigaci\u00f3nde su aplicaci\u00f3npr\u00e1ctica.Discusi\u00f3ny resultados.  conclusiones: los radiof\u00e1rmacos est\u00e1n reconocidos en ambos pa\u00edses como medicamentos especiales. La autorizaci\u00f3n sanitaria es obligatoria para la fabricaci\u00f3n industrial e inscripci\u00f3n en el registro y establece que son especialidades farmac\u00e9uticas de uso hospitalario y dispensaci\u00f3n con receta. La administraci\u00f3n al paciente debe ser bajo estricto control m\u00e9dico, a ser posible en un centro hospitalario y por parte de una persona autorizada. el material de acondicionamiento debe ser completo e inteligiblepor todas las personas que intervienen en el circuito de utilizaci\u00f3n. Se exige autorizaci\u00f3n para la realizaci\u00f3n de ensayos cl\u00ednicos con radiof\u00e1rmacos, as\u00ed como para el radiof\u00e1rmaco objeto de investigaci\u00f3n. Los laboratorios fabricantes e importadores de radiof\u00e1rmacos deben tener doble autorizaci\u00f3n como laboratorios  farmac\u00e9uticos que manejan sustancias radiactivas. El director t\u00e9cnico en espa\u00f1a no est\u00e1 obligado a ser farmac\u00e9utico, mientras que en francia debe ser licenciado en farmacia, con formaci\u00f3n complementari<\/p>\n<p>&nbsp;<\/p>\n<h3>Datos acad\u00e9micos de la tesis doctoral \u00ab<strong>Marco juridico de los medicamentos radiof\u00e1rmacos: estudio comparativo entre espa\u00f1a y francia .<\/strong>\u00ab<\/h3>\n<ul>\n<li><strong>T\u00edtulo de la tesis:<\/strong>\u00a0 Marco juridico de los medicamentos radiof\u00e1rmacos: estudio comparativo entre espa\u00f1a y francia . <\/li>\n<li><strong>Autor:<\/strong>\u00a0  Montaner De Iranzo Paloma <\/li>\n<li><strong>Universidad:<\/strong>\u00a0 Barcelona<\/li>\n<li><strong>Fecha de lectura de la tesis:<\/strong>\u00a0 24\/02\/2005<\/li>\n<\/ul>\n<p>&nbsp;<\/p>\n<h3>Direcci\u00f3n y tribunal<\/h3>\n<ul>\n<li><strong>Director de la tesis<\/strong>\n<ul>\n<li>Elvira Bel Prieto<\/li>\n<\/ul>\n<\/li>\n<li><strong>Tribunal<\/strong>\n<ul>\n<li>Presidente del tribunal: ram\u00f3n Salazar macian <\/li>\n<li>Mar\u00eda  dolores Cabezas lopez (vocal)<\/li>\n<li>Jos\u00e9 Cemeli pons (vocal)<\/li>\n<li>catalina Genestar juli? (vocal)<\/li>\n<\/ul>\n<\/li>\n<\/ul>\n<p>&nbsp;<\/p>\n","protected":false},"excerpt":{"rendered":"<p>Tesis doctoral de Montaner De Iranzo Paloma Hip\u00f3tesis de trabajo: los radiof\u00e1rmacos son medicamentos radiactivos. Esta doble naturaleza implica su [&hellip;]<\/p>\n","protected":false},"author":1,"featured_media":0,"comment_status":"open","ping_status":"open","sticky":false,"template":"","format":"standard","meta":{"site-sidebar-layout":"default","site-content-layout":"","ast-site-content-layout":"","site-content-style":"default","site-sidebar-style":"default","ast-global-header-display":"","ast-banner-title-visibility":"","ast-main-header-display":"","ast-hfb-above-header-display":"","ast-hfb-below-header-display":"","ast-hfb-mobile-header-display":"","site-post-title":"","ast-breadcrumbs-content":"","ast-featured-img":"","footer-sml-layout":"","theme-transparent-header-meta":"","adv-header-id-meta":"","stick-header-meta":"","header-above-stick-meta":"","header-main-stick-meta":"","header-below-stick-meta":"","astra-migrate-meta-layouts":"default","ast-page-background-enabled":"default","ast-page-background-meta":{"desktop":{"background-color":"var(--ast-global-color-4)","background-image":"","background-repeat":"repeat","background-position":"center center","background-size":"auto","background-attachment":"scroll","background-type":"","background-media":"","overlay-type":"","overlay-color":"","overlay-gradient":""},"tablet":{"background-color":"","background-image":"","background-repeat":"repeat","background-position":"center center","background-size":"auto","background-attachment":"scroll","background-type":"","background-media":"","overlay-type":"","overlay-color":"","overlay-gradient":""},"mobile":{"background-color":"","background-image":"","background-repeat":"repeat","background-position":"center center","background-size":"auto","background-attachment":"scroll","background-type":"","background-media":"","overlay-type":"","overlay-color":"","overlay-gradient":""}},"ast-content-background-meta":{"desktop":{"background-color":"var(--ast-global-color-5)","background-image":"","background-repeat":"repeat","background-position":"center center","background-size":"auto","background-attachment":"scroll","background-type":"","background-media":"","overlay-type":"","overlay-color":"","overlay-gradient":""},"tablet":{"background-color":"var(--ast-global-color-5)","background-image":"","background-repeat":"repeat","background-position":"center center","background-size":"auto","background-attachment":"scroll","background-type":"","background-media":"","overlay-type":"","overlay-color":"","overlay-gradient":""},"mobile":{"background-color":"var(--ast-global-color-5)","background-image":"","background-repeat":"repeat","background-position":"center center","background-size":"auto","background-attachment":"scroll","background-type":"","background-media":"","overlay-type":"","overlay-color":"","overlay-gradient":""}},"footnotes":""},"categories":[951,612,9,957,50647],"tags":[158303,5682,6267,48317,158302,62987],"class_list":["post-72857","post","type-post","status-publish","format-standard","hentry","category-barcelona","category-ciencias-juridicas-y-derecho","category-ciencias-medicas","category-farmacologia","category-radiofarmacos","tag-catalina-genestar-juli","tag-elvira-bel-prieto","tag-jose-cemeli-pons","tag-maria-dolores-cabezas-lopez","tag-montaner-de-iranzo-paloma","tag-ramon-salazar-macian"],"_links":{"self":[{"href":"https:\/\/www.deberes.net\/tesis\/wp-json\/wp\/v2\/posts\/72857","targetHints":{"allow":["GET"]}}],"collection":[{"href":"https:\/\/www.deberes.net\/tesis\/wp-json\/wp\/v2\/posts"}],"about":[{"href":"https:\/\/www.deberes.net\/tesis\/wp-json\/wp\/v2\/types\/post"}],"author":[{"embeddable":true,"href":"https:\/\/www.deberes.net\/tesis\/wp-json\/wp\/v2\/users\/1"}],"replies":[{"embeddable":true,"href":"https:\/\/www.deberes.net\/tesis\/wp-json\/wp\/v2\/comments?post=72857"}],"version-history":[{"count":0,"href":"https:\/\/www.deberes.net\/tesis\/wp-json\/wp\/v2\/posts\/72857\/revisions"}],"wp:attachment":[{"href":"https:\/\/www.deberes.net\/tesis\/wp-json\/wp\/v2\/media?parent=72857"}],"wp:term":[{"taxonomy":"category","embeddable":true,"href":"https:\/\/www.deberes.net\/tesis\/wp-json\/wp\/v2\/categories?post=72857"},{"taxonomy":"post_tag","embeddable":true,"href":"https:\/\/www.deberes.net\/tesis\/wp-json\/wp\/v2\/tags?post=72857"}],"curies":[{"name":"wp","href":"https:\/\/api.w.org\/{rel}","templated":true}]}}