{"id":72865,"date":"2018-03-09T23:17:43","date_gmt":"2018-03-09T23:17:43","guid":{"rendered":"https:\/\/www.deberes.net\/tesis\/sin-categoria\/evaluacion-de-la-calidad-de-la-ensenanza-en-la-escuela-superior-de-marketing-y-publicidad-iade-portugal\/"},"modified":"2018-03-09T23:17:43","modified_gmt":"2018-03-09T23:17:43","slug":"evaluacion-de-la-calidad-de-la-ensenanza-en-la-escuela-superior-de-marketing-y-publicidad-iade-portugal","status":"publish","type":"post","link":"https:\/\/www.deberes.net\/tesis\/pedagogia\/evaluacion-de-la-calidad-de-la-ensenanza-en-la-escuela-superior-de-marketing-y-publicidad-iade-portugal\/","title":{"rendered":"Evaluaci\u00f3n de la calidad de la ense\u00f1anza en la escuela superior de marketing y publicidad iade portugal"},"content":{"rendered":"<h2>Tesis doctoral de <strong> M. Edu Nunes Henriques Corte Real Margarido Pires <\/strong><\/h2>\n<p>El origen de la investigaci\u00f3n alude a los restos que suponen los nuevos desafios para las universidades que deben buscar estrategias educativas y de aprendizaje innovadoras.Nos basamos en el proceso de convergencia de bolonia que propone el desarrollo de un marco com\u00fan para la ense\u00f1anza superior en europa .Propone criterios de calidad y metolog\u00edas para mejorar el proceso de ense\u00f1aza\/aprendizaje y tambi\u00e9n la armonizaci\u00f3n dela diversidad de culturas, de lunguas y de los sistemas educativos.La evaluaci\u00f3n como un fen\u00f3meno que completa el paradigma de la calidad.Todos estos principios est\u00e1n destinados a activar el intercambio y la movilidad entre docentes y  y alumnos de las diversas universidades.  el \u00e9nfasis de nuestra investigaci\u00f3n se sit\u00faa en las universidades en transformaci\u00f3n y en el nuevo concepto de calidad  y de evaluaci\u00f3n de todos los grupos implicados en procesos de ense\u00f1anza\/aprendizaje.  utilizamos el modelo efqm que defiende el desarrollo de una cultura de empresa para alcanzar la excelencia , que en nuestro caso due orientada a la satisfaci\u00f3n del estudiante, del profesro,de los servicios de gesti\u00f3n interna que constituyen el conjunto de las personas que participan en esta instituci\u00f3n.  la metas y objetivos de nuestro trabajo se repartieron en tiempos de diagnostico, an\u00e1lisis  de la instituci\u00f3n esmp y tambi\u00e9n an\u00e1lisis de la satisfaci\u00f3n de los diversos beneficiarios.Para obtener esta informaci\u00f3n y para un posterior proceso de medici\u00f3n utilizamos cuestionarios , entrevistas y grupos de discusi\u00f3n.  utilizando como t\u00e9cnicas de an\u00e1lisis de datos los m\u00e9todos cuantitativo y cualitativo obtuvimos una fotograf\u00eda de los puntos m\u00e1s fuertes d\u00e9biles de la esmp. As\u00ed  pudimos sugerir los asuntos para mejorar la ense\u00f1anza\/aprendizaje de la esmp,cuya filosof\u00eda siempre privilegi\u00f3 desarrolla de la educaci\u00f3n para una \u00e9tica de la responsabilidad , que es uno de los enfoques del conocimiento del siglo xxi<\/p>\n<p>&nbsp;<\/p>\n<h3>Datos acad\u00e9micos de la tesis doctoral \u00ab<strong>Evaluaci\u00f3n de la calidad de la ense\u00f1anza en la escuela superior de marketing y publicidad iade portugal<\/strong>\u00ab<\/h3>\n<ul>\n<li><strong>T\u00edtulo de la tesis:<\/strong>\u00a0 Evaluaci\u00f3n de la calidad de la ense\u00f1anza en la escuela superior de marketing y publicidad iade portugal <\/li>\n<li><strong>Autor:<\/strong>\u00a0 M. Edu Nunes Henriques Corte Real Margarido Pires <\/li>\n<li><strong>Universidad:<\/strong>\u00a0 Sevilla<\/li>\n<li><strong>Fecha de lectura de la tesis:<\/strong>\u00a0 24\/02\/2005<\/li>\n<\/ul>\n<p>&nbsp;<\/p>\n<h3>Direcci\u00f3n y tribunal<\/h3>\n<ul>\n<li><strong>Director de la tesis<\/strong>\n<ul>\n<li>Luis Miguel Villar Angulo<\/li>\n<\/ul>\n<\/li>\n<li><strong>Tribunal<\/strong>\n<ul>\n<li>Presidente del tribunal: julio Cabero almenara <\/li>\n<li> Perdro de vicente rodr\u00edguez (vocal)<\/li>\n<li>Miguel P\u00e9rez ferra (vocal)<\/li>\n<li>  (vocal)<\/li>\n<\/ul>\n<\/li>\n<\/ul>\n<p>&nbsp;<\/p>\n","protected":false},"excerpt":{"rendered":"<p>Tesis doctoral de M. Edu Nunes Henriques Corte Real Margarido Pires El origen de la investigaci\u00f3n alude a los restos [&hellip;]<\/p>\n","protected":false},"author":1,"featured_media":0,"comment_status":"open","ping_status":"open","sticky":false,"template":"","format":"standard","meta":{"site-sidebar-layout":"default","site-content-layout":"","ast-site-content-layout":"","site-content-style":"default","site-sidebar-style":"default","ast-global-header-display":"","ast-banner-title-visibility":"","ast-main-header-display":"","ast-hfb-above-header-display":"","ast-hfb-below-header-display":"","ast-hfb-mobile-header-display":"","site-post-title":"","ast-breadcrumbs-content":"","ast-featured-img":"","footer-sml-layout":"","theme-transparent-header-meta":"","adv-header-id-meta":"","stick-header-meta":"","header-above-stick-meta":"","header-main-stick-meta":"","header-below-stick-meta":"","astra-migrate-meta-layouts":"default","ast-page-background-enabled":"default","ast-page-background-meta":{"desktop":{"background-color":"var(--ast-global-color-4)","background-image":"","background-repeat":"repeat","background-position":"center center","background-size":"auto","background-attachment":"scroll","background-type":"","background-media":"","overlay-type":"","overlay-color":"","overlay-gradient":""},"tablet":{"background-color":"","background-image":"","background-repeat":"repeat","background-position":"center center","background-size":"auto","background-attachment":"scroll","background-type":"","background-media":"","overlay-type":"","overlay-color":"","overlay-gradient":""},"mobile":{"background-color":"","background-image":"","background-repeat":"repeat","background-position":"center center","background-size":"auto","background-attachment":"scroll","background-type":"","background-media":"","overlay-type":"","overlay-color":"","overlay-gradient":""}},"ast-content-background-meta":{"desktop":{"background-color":"var(--ast-global-color-5)","background-image":"","background-repeat":"repeat","background-position":"center center","background-size":"auto","background-attachment":"scroll","background-type":"","background-media":"","overlay-type":"","overlay-color":"","overlay-gradient":""},"tablet":{"background-color":"var(--ast-global-color-5)","background-image":"","background-repeat":"repeat","background-position":"center center","background-size":"auto","background-attachment":"scroll","background-type":"","background-media":"","overlay-type":"","overlay-color":"","overlay-gradient":""},"mobile":{"background-color":"var(--ast-global-color-5)","background-image":"","background-repeat":"repeat","background-position":"center center","background-size":"auto","background-attachment":"scroll","background-type":"","background-media":"","overlay-type":"","overlay-color":"","overlay-gradient":""}},"footnotes":""},"categories":[7611,1184,1141,10715],"tags":[38206,17209,158314,32852,158315],"class_list":["post-72865","post","type-post","status-publish","format-standard","hentry","category-organizacion-y-direccion-de-las-instituciones-educativas","category-organizacion-y-planificacion-de-la-educacion","category-pedagogia","category-sevilla","tag-julio-cabero-almenara","tag-luis-miguel-villar-angulo","tag-m-edu-nunes-henriques-corte-real-margarido-pires","tag-miguel-perez-ferra","tag-perdro-de-vicente-rodriguez"],"_links":{"self":[{"href":"https:\/\/www.deberes.net\/tesis\/wp-json\/wp\/v2\/posts\/72865","targetHints":{"allow":["GET"]}}],"collection":[{"href":"https:\/\/www.deberes.net\/tesis\/wp-json\/wp\/v2\/posts"}],"about":[{"href":"https:\/\/www.deberes.net\/tesis\/wp-json\/wp\/v2\/types\/post"}],"author":[{"embeddable":true,"href":"https:\/\/www.deberes.net\/tesis\/wp-json\/wp\/v2\/users\/1"}],"replies":[{"embeddable":true,"href":"https:\/\/www.deberes.net\/tesis\/wp-json\/wp\/v2\/comments?post=72865"}],"version-history":[{"count":0,"href":"https:\/\/www.deberes.net\/tesis\/wp-json\/wp\/v2\/posts\/72865\/revisions"}],"wp:attachment":[{"href":"https:\/\/www.deberes.net\/tesis\/wp-json\/wp\/v2\/media?parent=72865"}],"wp:term":[{"taxonomy":"category","embeddable":true,"href":"https:\/\/www.deberes.net\/tesis\/wp-json\/wp\/v2\/categories?post=72865"},{"taxonomy":"post_tag","embeddable":true,"href":"https:\/\/www.deberes.net\/tesis\/wp-json\/wp\/v2\/tags?post=72865"}],"curies":[{"name":"wp","href":"https:\/\/api.w.org\/{rel}","templated":true}]}}