{"id":72866,"date":"2018-03-09T23:17:43","date_gmt":"2018-03-09T23:17:43","guid":{"rendered":"https:\/\/www.deberes.net\/tesis\/sin-categoria\/el-principio-constitucional-de-participacion-ante-la-evaluacion-de-impacto-ambiental-de-las-grandes-infraestructuras\/"},"modified":"2018-03-09T23:17:43","modified_gmt":"2018-03-09T23:17:43","slug":"el-principio-constitucional-de-participacion-ante-la-evaluacion-de-impacto-ambiental-de-las-grandes-infraestructuras","status":"publish","type":"post","link":"https:\/\/www.deberes.net\/tesis\/ciencias-juridicas-y-derecho\/el-principio-constitucional-de-participacion-ante-la-evaluacion-de-impacto-ambiental-de-las-grandes-infraestructuras\/","title":{"rendered":"El principio constitucional de participacion ante la evaluacion de impacto ambiental de las grandes infraestructuras"},"content":{"rendered":"<h2>Tesis doctoral de <strong>  Eceizabarrena Saenz JavierLuis <\/strong><\/h2>\n<p>An\u00e1lisis del marco legal vigente en referencia a la participaci\u00f3n del  p\u00fablico en el procedimiento de evaluaci\u00f3n de impacto ambiental de las  grandes infraestructuras con afecci\u00f3n sobre el medio ambiente y los  recursos naturales.  pese a que existe un prol\u00edfico r\u00e9gimen jur\u00eddico al respecto en el \u00e1mbito  internacional, europeo e interno, las administraciones p\u00fablicas siguen  adoptando una actitud defensiva frente a las pr\u00e1cticas participativas en  la toma de decisiones p\u00fablicas respecto del medio ambiente y las grandes  infraestructuras.  pese a ello, los distintos \u00e1mbitos normativos analizados demuestran  avances sustanciales en la materia con especial incidencia en la  normativa ambiental y, particularmente, en el seno del derecho  administrativo.<\/p>\n<p>&nbsp;<\/p>\n<h3>Datos acad\u00e9micos de la tesis doctoral \u00ab<strong>El principio constitucional de participacion ante la evaluacion de impacto ambiental de las grandes infraestructuras<\/strong>\u00ab<\/h3>\n<ul>\n<li><strong>T\u00edtulo de la tesis:<\/strong>\u00a0 El principio constitucional de participacion ante la evaluacion de impacto ambiental de las grandes infraestructuras <\/li>\n<li><strong>Autor:<\/strong>\u00a0  Eceizabarrena Saenz JavierLuis <\/li>\n<li><strong>Universidad:<\/strong>\u00a0 Pa\u00eds vasco\/euskal herriko unibertsitatea<\/li>\n<li><strong>Fecha de lectura de la tesis:<\/strong>\u00a0 24\/02\/2005<\/li>\n<\/ul>\n<p>&nbsp;<\/p>\n<h3>Direcci\u00f3n y tribunal<\/h3>\n<ul>\n<li><strong>Director de la tesis<\/strong>\n<ul>\n<li>Demetrio Loperena Rota<\/li>\n<\/ul>\n<\/li>\n<li><strong>Tribunal<\/strong>\n<ul>\n<li>Presidente del tribunal: ramon Martin mateo <\/li>\n<li>mary Sancy (vocal)<\/li>\n<li>eckar Rehbinder (vocal)<\/li>\n<li>Jos\u00e9 Manuel Castells arteche (vocal)<\/li>\n<\/ul>\n<\/li>\n<\/ul>\n<p>&nbsp;<\/p>\n","protected":false},"excerpt":{"rendered":"<p>Tesis doctoral de Eceizabarrena Saenz JavierLuis An\u00e1lisis del marco legal vigente en referencia a la participaci\u00f3n del p\u00fablico en el [&hellip;]<\/p>\n","protected":false},"author":1,"featured_media":0,"comment_status":"open","ping_status":"open","sticky":false,"template":"","format":"standard","meta":{"site-sidebar-layout":"default","site-content-layout":"","ast-site-content-layout":"","site-content-style":"default","site-sidebar-style":"default","ast-global-header-display":"","ast-banner-title-visibility":"","ast-main-header-display":"","ast-hfb-above-header-display":"","ast-hfb-below-header-display":"","ast-hfb-mobile-header-display":"","site-post-title":"","ast-breadcrumbs-content":"","ast-featured-img":"","footer-sml-layout":"","theme-transparent-header-meta":"","adv-header-id-meta":"","stick-header-meta":"","header-above-stick-meta":"","header-main-stick-meta":"","header-below-stick-meta":"","astra-migrate-meta-layouts":"default","ast-page-background-enabled":"default","ast-page-background-meta":{"desktop":{"background-color":"var(--ast-global-color-4)","background-image":"","background-repeat":"repeat","background-position":"center center","background-size":"auto","background-attachment":"scroll","background-type":"","background-media":"","overlay-type":"","overlay-color":"","overlay-gradient":""},"tablet":{"background-color":"","background-image":"","background-repeat":"repeat","background-position":"center center","background-size":"auto","background-attachment":"scroll","background-type":"","background-media":"","overlay-type":"","overlay-color":"","overlay-gradient":""},"mobile":{"background-color":"","background-image":"","background-repeat":"repeat","background-position":"center center","background-size":"auto","background-attachment":"scroll","background-type":"","background-media":"","overlay-type":"","overlay-color":"","overlay-gradient":""}},"ast-content-background-meta":{"desktop":{"background-color":"var(--ast-global-color-5)","background-image":"","background-repeat":"repeat","background-position":"center center","background-size":"auto","background-attachment":"scroll","background-type":"","background-media":"","overlay-type":"","overlay-color":"","overlay-gradient":""},"tablet":{"background-color":"var(--ast-global-color-5)","background-image":"","background-repeat":"repeat","background-position":"center center","background-size":"auto","background-attachment":"scroll","background-type":"","background-media":"","overlay-type":"","overlay-color":"","overlay-gradient":""},"mobile":{"background-color":"var(--ast-global-color-5)","background-image":"","background-repeat":"repeat","background-position":"center center","background-size":"auto","background-attachment":"scroll","background-type":"","background-media":"","overlay-type":"","overlay-color":"","overlay-gradient":""}},"footnotes":""},"categories":[612,1442,979,12909],"tags":[38336,158316,158318,28472,158317,18453],"class_list":["post-72866","post","type-post","status-publish","format-standard","hentry","category-ciencias-juridicas-y-derecho","category-derecho-administrativo","category-derecho-y-legislacion-nacionales","category-pais-vasco-euskal-herriko-unibertsitatea","tag-demetrio-loperena-rota","tag-eceizabarrena-saenz-javierluis","tag-eckar-rehbinder","tag-jose-manuel-castells-arteche","tag-mary-sancy","tag-ramon-martin-mateo"],"_links":{"self":[{"href":"https:\/\/www.deberes.net\/tesis\/wp-json\/wp\/v2\/posts\/72866","targetHints":{"allow":["GET"]}}],"collection":[{"href":"https:\/\/www.deberes.net\/tesis\/wp-json\/wp\/v2\/posts"}],"about":[{"href":"https:\/\/www.deberes.net\/tesis\/wp-json\/wp\/v2\/types\/post"}],"author":[{"embeddable":true,"href":"https:\/\/www.deberes.net\/tesis\/wp-json\/wp\/v2\/users\/1"}],"replies":[{"embeddable":true,"href":"https:\/\/www.deberes.net\/tesis\/wp-json\/wp\/v2\/comments?post=72866"}],"version-history":[{"count":0,"href":"https:\/\/www.deberes.net\/tesis\/wp-json\/wp\/v2\/posts\/72866\/revisions"}],"wp:attachment":[{"href":"https:\/\/www.deberes.net\/tesis\/wp-json\/wp\/v2\/media?parent=72866"}],"wp:term":[{"taxonomy":"category","embeddable":true,"href":"https:\/\/www.deberes.net\/tesis\/wp-json\/wp\/v2\/categories?post=72866"},{"taxonomy":"post_tag","embeddable":true,"href":"https:\/\/www.deberes.net\/tesis\/wp-json\/wp\/v2\/tags?post=72866"}],"curies":[{"name":"wp","href":"https:\/\/api.w.org\/{rel}","templated":true}]}}