{"id":72878,"date":"2018-03-09T23:17:43","date_gmt":"2018-03-09T23:17:43","guid":{"rendered":"https:\/\/www.deberes.net\/tesis\/sin-categoria\/los-columnistas-como-formadores-de-opinion-una-imagen-de-espana-francisco-umbral\/"},"modified":"2018-03-09T23:17:43","modified_gmt":"2018-03-09T23:17:43","slug":"los-columnistas-como-formadores-de-opinion-una-imagen-de-espana-francisco-umbral","status":"publish","type":"post","link":"https:\/\/www.deberes.net\/tesis\/ciencias-de-las-artes-y-las-letras\/los-columnistas-como-formadores-de-opinion-una-imagen-de-espana-francisco-umbral\/","title":{"rendered":"Los columnistas como formadores de opini\u00f3n: una imagen de espa\u00f1a.  francisco umbral"},"content":{"rendered":"<h2>Tesis doctoral de <strong>  Bravo P\u00e9rez Mar\u00eda  Del Pilar <\/strong><\/h2>\n<p>Esta investigaci\u00f3n indaga en torno a los art\u00edculos generados entre los a\u00f1os 1997 y 2004 en el diario \u00abel mundo\u00bb por parte de francisco umbral en su cr\u00f3nica diaria \u00ablos placeres y los d\u00edas\u00bb. Se trata de descubrir un imaginario colectivo a trav\u00e9s del columnismo period\u00edstico haciendo un estudio exhaustivo de la columna diaria de francisco umbral, una escenificaci\u00f3n de la actualidad cultural cuya importancia radica no en el acontecimiento, ya que no se trata de la noticia como tal, sino en cuanto a discurso de la realidad social producida por el peri\u00f3dico. El estudio recoge, por proyecci\u00f3n, manifestaciones de una sociedad, la espa\u00f1ola posterior a la transici\u00f3n, que ya ha consolidado sus instituciones, que se ha acostumbrado a vivir en domocracia a la nuevas tecnolog\u00edas y a los fen\u00f3menos de mundializaci\u00f3n cultural, pero que, sin embargo, contin\u00faa pregunt\u00e1ndose sobre su identidad.  se trata de una investigaci\u00f3n metodol\u00f3gicamente plural, ya que es transversal a varias disciplinas, aunque guiada por preocupaciones comunes:  * el papel que desempe\u00f1an los grandes mediadores culturales.  * la especulaci\u00f3n del discurso social.  * la relaci\u00f3n con el imaginario social  en el cruce de estas disciplinas se encuentra la columna period\u00edsticas que contiene una red de signos que permiten trazar una representaci\u00f3n de lo social, captando las im\u00e1genes que nos definen como una sociedad en plena mutaci\u00f3n.  la investigaci\u00f3n analiza un periodo relativamente corto (1997-2004), pero muy denso en materiales recogidos, que han sido ordenados en base a un diccionario de definiciones y comentarios. Ese es el motivo, adem\u00e1s por el que se ha dedicado un espacio tan amplio al diccionario, porque respalda con su corpus las razones te\u00f3ricas expresadas, permitiendo una lectura simb\u00f3lica y antropol\u00f3gica de la realidad social espa\u00f1ola a trav\u00e9s de casi 800 representaciones medi\u00e1ticas con un enfoque sint\u00e9tico que pone en evidencia la reali<\/p>\n<p>&nbsp;<\/p>\n<h3>Datos acad\u00e9micos de la tesis doctoral \u00ab<strong>Los columnistas como formadores de opini\u00f3n: una imagen de espa\u00f1a.  francisco umbral<\/strong>\u00ab<\/h3>\n<ul>\n<li><strong>T\u00edtulo de la tesis:<\/strong>\u00a0 Los columnistas como formadores de opini\u00f3n: una imagen de espa\u00f1a.  francisco umbral <\/li>\n<li><strong>Autor:<\/strong>\u00a0  Bravo P\u00e9rez Mar\u00eda  Del Pilar <\/li>\n<li><strong>Universidad:<\/strong>\u00a0 Castilla-la mancha<\/li>\n<li><strong>Fecha de lectura de la tesis:<\/strong>\u00a0 24\/02\/2005<\/li>\n<\/ul>\n<p>&nbsp;<\/p>\n<h3>Direcci\u00f3n y tribunal<\/h3>\n<ul>\n<li><strong>Director de la tesis<\/strong>\n<ul>\n<li>Gerardo Fern\u00e1ndez Ju\u00e1rez<\/li>\n<\/ul>\n<\/li>\n<li><strong>Tribunal<\/strong>\n<ul>\n<li>Presidente del tribunal: joan Frigol\u00e9 rixach <\/li>\n<li>Carlos Mar\u00eda Caravantes Garc\u00eda (vocal)<\/li>\n<li>victorino Polo Garc\u00eda (vocal)<\/li>\n<li>laura Ruiz jim\u00e9nez (vocal)<\/li>\n<\/ul>\n<\/li>\n<\/ul>\n<p>&nbsp;<\/p>\n","protected":false},"excerpt":{"rendered":"<p>Tesis doctoral de Bravo P\u00e9rez Mar\u00eda Del Pilar Esta investigaci\u00f3n indaga en torno a los art\u00edculos generados entre los a\u00f1os [&hellip;]<\/p>\n","protected":false},"author":1,"featured_media":0,"comment_status":"open","ping_status":"open","sticky":false,"template":"","format":"standard","meta":{"site-sidebar-layout":"default","site-content-layout":"","ast-site-content-layout":"","site-content-style":"default","site-sidebar-style":"default","ast-global-header-display":"","ast-banner-title-visibility":"","ast-main-header-display":"","ast-hfb-above-header-display":"","ast-hfb-below-header-display":"","ast-hfb-mobile-header-display":"","site-post-title":"","ast-breadcrumbs-content":"","ast-featured-img":"","footer-sml-layout":"","theme-transparent-header-meta":"","adv-header-id-meta":"","stick-header-meta":"","header-above-stick-meta":"","header-main-stick-meta":"","header-below-stick-meta":"","astra-migrate-meta-layouts":"default","ast-page-background-enabled":"default","ast-page-background-meta":{"desktop":{"background-color":"var(--ast-global-color-4)","background-image":"","background-repeat":"repeat","background-position":"center center","background-size":"auto","background-attachment":"scroll","background-type":"","background-media":"","overlay-type":"","overlay-color":"","overlay-gradient":""},"tablet":{"background-color":"","background-image":"","background-repeat":"repeat","background-position":"center center","background-size":"auto","background-attachment":"scroll","background-type":"","background-media":"","overlay-type":"","overlay-color":"","overlay-gradient":""},"mobile":{"background-color":"","background-image":"","background-repeat":"repeat","background-position":"center center","background-size":"auto","background-attachment":"scroll","background-type":"","background-media":"","overlay-type":"","overlay-color":"","overlay-gradient":""}},"ast-content-background-meta":{"desktop":{"background-color":"var(--ast-global-color-5)","background-image":"","background-repeat":"repeat","background-position":"center center","background-size":"auto","background-attachment":"scroll","background-type":"","background-media":"","overlay-type":"","overlay-color":"","overlay-gradient":""},"tablet":{"background-color":"var(--ast-global-color-5)","background-image":"","background-repeat":"repeat","background-position":"center center","background-size":"auto","background-attachment":"scroll","background-type":"","background-media":"","overlay-type":"","overlay-color":"","overlay-gradient":""},"mobile":{"background-color":"var(--ast-global-color-5)","background-image":"","background-repeat":"repeat","background-position":"center center","background-size":"auto","background-attachment":"scroll","background-type":"","background-media":"","overlay-type":"","overlay-color":"","overlay-gradient":""}},"footnotes":""},"categories":[148,681,983,18451,838,147,4840,682,4841,628],"tags":[158339,4805,65600,158340,7434,77708],"class_list":["post-72878","post","type-post","status-publish","format-standard","hentry","category-analisis-literario","category-antropologia","category-antropologia-cultural","category-castilla-la-mancha","category-ciencia-politica","category-ciencias-de-las-artes-y-las-letras","category-opinion-publica","category-poemas-y-relatos","category-prensa","category-teoria-analisis-y-critica-literarios","tag-bravo-perez-maria-del-pilar","tag-carlos-maria-caravantes-garcia","tag-gerardo-fernandez-juarez","tag-joan-frigole-rixach","tag-laura-ruiz-jimenez","tag-victorino-polo-garcia"],"_links":{"self":[{"href":"https:\/\/www.deberes.net\/tesis\/wp-json\/wp\/v2\/posts\/72878","targetHints":{"allow":["GET"]}}],"collection":[{"href":"https:\/\/www.deberes.net\/tesis\/wp-json\/wp\/v2\/posts"}],"about":[{"href":"https:\/\/www.deberes.net\/tesis\/wp-json\/wp\/v2\/types\/post"}],"author":[{"embeddable":true,"href":"https:\/\/www.deberes.net\/tesis\/wp-json\/wp\/v2\/users\/1"}],"replies":[{"embeddable":true,"href":"https:\/\/www.deberes.net\/tesis\/wp-json\/wp\/v2\/comments?post=72878"}],"version-history":[{"count":0,"href":"https:\/\/www.deberes.net\/tesis\/wp-json\/wp\/v2\/posts\/72878\/revisions"}],"wp:attachment":[{"href":"https:\/\/www.deberes.net\/tesis\/wp-json\/wp\/v2\/media?parent=72878"}],"wp:term":[{"taxonomy":"category","embeddable":true,"href":"https:\/\/www.deberes.net\/tesis\/wp-json\/wp\/v2\/categories?post=72878"},{"taxonomy":"post_tag","embeddable":true,"href":"https:\/\/www.deberes.net\/tesis\/wp-json\/wp\/v2\/tags?post=72878"}],"curies":[{"name":"wp","href":"https:\/\/api.w.org\/{rel}","templated":true}]}}