{"id":72929,"date":"2018-03-09T23:17:47","date_gmt":"2018-03-09T23:17:47","guid":{"rendered":"https:\/\/www.deberes.net\/tesis\/sin-categoria\/propuesta-de-intervencion-en-edificios-construidos-con-arenisca-en-el-area-de-la-marina-alta\/"},"modified":"2018-03-09T23:17:47","modified_gmt":"2018-03-09T23:17:47","slug":"propuesta-de-intervencion-en-edificios-construidos-con-arenisca-en-el-area-de-la-marina-alta","status":"publish","type":"post","link":"https:\/\/www.deberes.net\/tesis\/ciencias-de-las-artes-y-las-letras\/propuesta-de-intervencion-en-edificios-construidos-con-arenisca-en-el-area-de-la-marina-alta\/","title":{"rendered":"Propuesta de intervenci\u00f3n en edificios construidos con  arenisca en el \u00e1rea de la marina alta"},"content":{"rendered":"<h2>Tesis doctoral de <strong> Mar\u00eda Jes\u00fas Ferrer Gracia <\/strong><\/h2>\n<p>El trabajo que se presenta aborda la aplicaci\u00f3n de la metodolog\u00eda de actuaci\u00f3n sobre la arquitectura hist\u00f3rica construida con piedra, planteada de forma gen\u00e9rica, a los edificios hist\u00f3ricos materializados con piedra tosca que se encuentran en el \u00e1rea geogr\u00e1fica de la comarca alicantina de la marina alta, dado que, estudiado el \u00e1mbito geogr\u00e1fico referido, no se aprecia la existencia de un adecuado criterio de actuaci\u00f3n para la conservaci\u00f3n de este patrimonio arquitect\u00f3nico.  pretendemos que esta aplicaci\u00f3n metodol\u00f3gica permita establecer un patr\u00f3n de actuaci\u00f3n para la intervenci\u00f3n sobre la arquitectura de piedra tosca, contextualizando el material como componente del edificio. En consecuencia, la investigaci\u00f3n comienza con la reflexi\u00f3n sobre la evoluci\u00f3n de los planteamientos que fundamentan la intervenci\u00f3n sobre la arquitectura, para establecer el necesario marco de referencia de la presente propuesta. A continuaci\u00f3n se afronta el conocimiento del entorno f\u00edsico de la actuaci\u00f3n, tanto en lo que se refiere al material p\u00e9treo, la piedra tosca, como a la arquitectura que constituye. Se aborda, por tanto, la determinaci\u00f3n de la naturaleza de esta roca y de las caracter\u00edsticas que presenta como material de construcci\u00f3n, as\u00ed como el estudio de su degradaci\u00f3n en tanto que constituyente de la arquitectura. Para la aplicaci\u00f3n de la metodolog\u00eda de intervenci\u00f3n sobre la arquitectura hist\u00f3rica se centra en el an\u00e1lisis en la iglesia-fortaleza de san bartolom\u00e9 de javea, como elemento emblem\u00e1tico de la utilizaci\u00f3n arquitect\u00f3nica de este material, sobre el que se plantea la pertinente propuesta de actuaci\u00f3n.  como conclusi\u00f3n del an\u00e1lisis realizado, se generaliza la intervenci\u00f3n que se propone, ampliando su campo de aplicaci\u00f3n a la arquitectura hist\u00f3rica materializada con piedra tosca, caracter\u00edstica del entorno del \u00e1rea geogr\u00e1fica litoral de la marina alta de alicante.<\/p>\n<p>&nbsp;<\/p>\n<h3>Datos acad\u00e9micos de la tesis doctoral \u00ab<strong>Propuesta de intervenci\u00f3n en edificios construidos con  arenisca en el \u00e1rea de la marina alta<\/strong>\u00ab<\/h3>\n<ul>\n<li><strong>T\u00edtulo de la tesis:<\/strong>\u00a0 Propuesta de intervenci\u00f3n en edificios construidos con  arenisca en el \u00e1rea de la marina alta <\/li>\n<li><strong>Autor:<\/strong>\u00a0 Mar\u00eda Jes\u00fas Ferrer Gracia <\/li>\n<li><strong>Universidad:<\/strong>\u00a0 Polit\u00e9cnica de Valencia<\/li>\n<li><strong>Fecha de lectura de la tesis:<\/strong>\u00a0 25\/02\/2005<\/li>\n<\/ul>\n<p>&nbsp;<\/p>\n<h3>Direcci\u00f3n y tribunal<\/h3>\n<ul>\n<li><strong>Director de la tesis<\/strong>\n<ul>\n<li>Vicente Galva\u00f1 Llopis<\/li>\n<\/ul>\n<\/li>\n<li><strong>Tribunal<\/strong>\n<ul>\n<li>Presidente del tribunal: javier Benlloch marco <\/li>\n<li>jaume Avellaneda diaz grande (vocal)<\/li>\n<li> Alonso matilla lu\u00eds \u00e1ngel (vocal)<\/li>\n<li>Jes\u00fas Barrios sevilla (vocal)<\/li>\n<\/ul>\n<\/li>\n<\/ul>\n<p>&nbsp;<\/p>\n","protected":false},"excerpt":{"rendered":"<p>Tesis doctoral de Mar\u00eda Jes\u00fas Ferrer Gracia El trabajo que se presenta aborda la aplicaci\u00f3n de la metodolog\u00eda de actuaci\u00f3n [&hellip;]<\/p>\n","protected":false},"author":1,"featured_media":0,"comment_status":"open","ping_status":"open","sticky":false,"template":"","format":"standard","meta":{"site-sidebar-layout":"default","site-content-layout":"","ast-site-content-layout":"","site-content-style":"default","site-sidebar-style":"default","ast-global-header-display":"","ast-banner-title-visibility":"","ast-main-header-display":"","ast-hfb-above-header-display":"","ast-hfb-below-header-display":"","ast-hfb-mobile-header-display":"","site-post-title":"","ast-breadcrumbs-content":"","ast-featured-img":"","footer-sml-layout":"","theme-transparent-header-meta":"","adv-header-id-meta":"","stick-header-meta":"","header-above-stick-meta":"","header-main-stick-meta":"","header-below-stick-meta":"","astra-migrate-meta-layouts":"default","ast-page-background-enabled":"default","ast-page-background-meta":{"desktop":{"background-color":"var(--ast-global-color-4)","background-image":"","background-repeat":"repeat","background-position":"center center","background-size":"auto","background-attachment":"scroll","background-type":"","background-media":"","overlay-type":"","overlay-color":"","overlay-gradient":""},"tablet":{"background-color":"","background-image":"","background-repeat":"repeat","background-position":"center center","background-size":"auto","background-attachment":"scroll","background-type":"","background-media":"","overlay-type":"","overlay-color":"","overlay-gradient":""},"mobile":{"background-color":"","background-image":"","background-repeat":"repeat","background-position":"center center","background-size":"auto","background-attachment":"scroll","background-type":"","background-media":"","overlay-type":"","overlay-color":"","overlay-gradient":""}},"ast-content-background-meta":{"desktop":{"background-color":"var(--ast-global-color-5)","background-image":"","background-repeat":"repeat","background-position":"center center","background-size":"auto","background-attachment":"scroll","background-type":"","background-media":"","overlay-type":"","overlay-color":"","overlay-gradient":""},"tablet":{"background-color":"var(--ast-global-color-5)","background-image":"","background-repeat":"repeat","background-position":"center center","background-size":"auto","background-attachment":"scroll","background-type":"","background-media":"","overlay-type":"","overlay-color":"","overlay-gradient":""},"mobile":{"background-color":"var(--ast-global-color-5)","background-image":"","background-repeat":"repeat","background-position":"center center","background-size":"auto","background-attachment":"scroll","background-type":"","background-media":"","overlay-type":"","overlay-color":"","overlay-gradient":""}},"footnotes":""},"categories":[4509,147,332,16820,4511,4306],"tags":[115259,26542,37648,12605,158441,16965],"class_list":["post-72929","post","type-post","status-publish","format-standard","hentry","category-arquitectura","category-ciencias-de-las-artes-y-las-letras","category-ciencias-tecnologicas","category-politecnica-de-valencia","category-restauracion-arquitectonica","category-tecnologia-de-la-construccion","tag-alonso-matilla-luis-angel","tag-jaume-avellaneda-diaz-grande","tag-javier-benlloch-marco","tag-jesus-barrios-sevilla","tag-maria-jesus-ferrer-gracia","tag-vicente-galvan-llopis"],"_links":{"self":[{"href":"https:\/\/www.deberes.net\/tesis\/wp-json\/wp\/v2\/posts\/72929","targetHints":{"allow":["GET"]}}],"collection":[{"href":"https:\/\/www.deberes.net\/tesis\/wp-json\/wp\/v2\/posts"}],"about":[{"href":"https:\/\/www.deberes.net\/tesis\/wp-json\/wp\/v2\/types\/post"}],"author":[{"embeddable":true,"href":"https:\/\/www.deberes.net\/tesis\/wp-json\/wp\/v2\/users\/1"}],"replies":[{"embeddable":true,"href":"https:\/\/www.deberes.net\/tesis\/wp-json\/wp\/v2\/comments?post=72929"}],"version-history":[{"count":0,"href":"https:\/\/www.deberes.net\/tesis\/wp-json\/wp\/v2\/posts\/72929\/revisions"}],"wp:attachment":[{"href":"https:\/\/www.deberes.net\/tesis\/wp-json\/wp\/v2\/media?parent=72929"}],"wp:term":[{"taxonomy":"category","embeddable":true,"href":"https:\/\/www.deberes.net\/tesis\/wp-json\/wp\/v2\/categories?post=72929"},{"taxonomy":"post_tag","embeddable":true,"href":"https:\/\/www.deberes.net\/tesis\/wp-json\/wp\/v2\/tags?post=72929"}],"curies":[{"name":"wp","href":"https:\/\/api.w.org\/{rel}","templated":true}]}}