{"id":72933,"date":"2018-03-09T23:17:47","date_gmt":"2018-03-09T23:17:47","guid":{"rendered":"https:\/\/www.deberes.net\/tesis\/sin-categoria\/evaluacion-de-la-eficacia-de-la-comunidad-terapeutica-de-proyecto-hombre-de-navarra\/"},"modified":"2018-03-09T23:17:47","modified_gmt":"2018-03-09T23:17:47","slug":"evaluacion-de-la-eficacia-de-la-comunidad-terapeutica-de-proyecto-hombre-de-navarra","status":"publish","type":"post","link":"https:\/\/www.deberes.net\/tesis\/psicologia\/evaluacion-de-la-eficacia-de-la-comunidad-terapeutica-de-proyecto-hombre-de-navarra\/","title":{"rendered":"Evaluaci\u00f3n de la eficacia de la comunidad terap\u00e9utica de proyecto hombre de navarra."},"content":{"rendered":"<h2>Tesis doctoral de <strong> Jos\u00e9 Javier Lopez Go\u00f1i <\/strong><\/h2>\n<p>Introducci\u00f3n  entre los a\u00f1os 1991 y 1998 el programa proyecto hombre de navarra atendi\u00f3 a 618 personas.En este periodo de tiempo el programa estaba compuesto por tres fases (acogida, comunidad terap\u00e9utica y reinserci\u00f3n).El tiempo medio de estancia en el programa era de dos a\u00f1os y medio.  material y m\u00e9todos.  se presentan dos estudios emp\u00edricos. 1) una revisi\u00f3n de las 618 historias clin\u00edcas de todos los pacientes atendidos en dicho periodo; y 2) una evaluaci\u00f3n de la eficacia basada en entrevistas personales (n=155,57% de la muestra localizada)a altas terap\u00e9uticas (n=113; 65,7% de las personas localizadas y a una muestra representativa de abandonos (n=42: 41,6%).  resultados  1) un 34,3% de los pacientes atendidos complet\u00f3 el programa en su totalidad; 2) el 56,3%de las mujeres finaliz\u00f3 el tratamiento frente al 35,2% de los hombres ,3) las altas terap\u00e9uticas presentan un perfil de consumo menos severo que los abandonos; 4) en el seguimiento se encuentra que el principal predictor de ausencia de reca\u00eddas es haber completado el programa de tratamiento; 5)los principales desencadenantes de reca\u00eddas son los motivos intrapersonales; 6)en todas las \u00e1reas valoradas en el seguimiento se producen mejoras significativas (consumo de sustancias , situaci\u00f3n familiar, educativa, laboral, ocupaci\u00f3n de ocio\/tiempo libre, estado de salud y situaci\u00f3n jur\u00eddica);7)las altas terap\u00e9uticas y quienes no han tenido reca\u00eddas valoran mejor los diferentes elementos del programa; 8) el programa terap\u00e9utico ha induciedo mejoreas en un mayor n\u00famero de \u00e1reas a las altas terap\u00e9uticas y a quienes no han tenido reca\u00eddas: 9)quienes abandonan el tratamiento por \u00abestar cansado de los grupos\u00bb y por\u00bbhaber conseguido los objetivos propuestos \u00bb no vuelven a retomarlo; y 10)se encuentran factores facilitadores y dificultadores de la estancia en comunidad  terap\u00e9utica entre hombres y mujeres.  conclusiones.  1)el programa de poyecto hombre de na<\/p>\n<p>&nbsp;<\/p>\n<h3>Datos acad\u00e9micos de la tesis doctoral \u00ab<strong>Evaluaci\u00f3n de la eficacia de la comunidad terap\u00e9utica de proyecto hombre de navarra.<\/strong>\u00ab<\/h3>\n<ul>\n<li><strong>T\u00edtulo de la tesis:<\/strong>\u00a0 Evaluaci\u00f3n de la eficacia de la comunidad terap\u00e9utica de proyecto hombre de navarra. <\/li>\n<li><strong>Autor:<\/strong>\u00a0 Jos\u00e9 Javier Lopez Go\u00f1i <\/li>\n<li><strong>Universidad:<\/strong>\u00a0 Navarra<\/li>\n<li><strong>Fecha de lectura de la tesis:<\/strong>\u00a0 25\/02\/2005<\/li>\n<\/ul>\n<p>&nbsp;<\/p>\n<h3>Direcci\u00f3n y tribunal<\/h3>\n<ul>\n<li><strong>Director de la tesis<\/strong>\n<ul>\n<li>Javier Fernandez Montalvo<\/li>\n<\/ul>\n<\/li>\n<li><strong>Tribunal<\/strong>\n<ul>\n<li>Presidente del tribunal: emilio Garrido land\u00edvar <\/li>\n<li> Fern\u00e1ndez rodr\u00edguez Luis Jes\u00fas (vocal)<\/li>\n<li>Emilio Salaberr\u00eda irizar (vocal)<\/li>\n<li> Amor Andr\u00e9s pedro Javier (vocal)<\/li>\n<\/ul>\n<\/li>\n<\/ul>\n<p>&nbsp;<\/p>\n","protected":false},"excerpt":{"rendered":"<p>Tesis doctoral de Jos\u00e9 Javier Lopez Go\u00f1i Introducci\u00f3n entre los a\u00f1os 1991 y 1998 el programa proyecto hombre de navarra [&hellip;]<\/p>\n","protected":false},"author":1,"featured_media":0,"comment_status":"open","ping_status":"open","sticky":false,"template":"","format":"standard","meta":{"site-sidebar-layout":"default","site-content-layout":"","ast-site-content-layout":"","site-content-style":"default","site-sidebar-style":"default","ast-global-header-display":"","ast-banner-title-visibility":"","ast-main-header-display":"","ast-hfb-above-header-display":"","ast-hfb-below-header-display":"","ast-hfb-mobile-header-display":"","site-post-title":"","ast-breadcrumbs-content":"","ast-featured-img":"","footer-sml-layout":"","theme-transparent-header-meta":"","adv-header-id-meta":"","stick-header-meta":"","header-above-stick-meta":"","header-main-stick-meta":"","header-below-stick-meta":"","astra-migrate-meta-layouts":"default","ast-page-background-enabled":"default","ast-page-background-meta":{"desktop":{"background-color":"var(--ast-global-color-4)","background-image":"","background-repeat":"repeat","background-position":"center center","background-size":"auto","background-attachment":"scroll","background-type":"","background-media":"","overlay-type":"","overlay-color":"","overlay-gradient":""},"tablet":{"background-color":"","background-image":"","background-repeat":"repeat","background-position":"center center","background-size":"auto","background-attachment":"scroll","background-type":"","background-media":"","overlay-type":"","overlay-color":"","overlay-gradient":""},"mobile":{"background-color":"","background-image":"","background-repeat":"repeat","background-position":"center center","background-size":"auto","background-attachment":"scroll","background-type":"","background-media":"","overlay-type":"","overlay-color":"","overlay-gradient":""}},"ast-content-background-meta":{"desktop":{"background-color":"var(--ast-global-color-5)","background-image":"","background-repeat":"repeat","background-position":"center center","background-size":"auto","background-attachment":"scroll","background-type":"","background-media":"","overlay-type":"","overlay-color":"","overlay-gradient":""},"tablet":{"background-color":"var(--ast-global-color-5)","background-image":"","background-repeat":"repeat","background-position":"center center","background-size":"auto","background-attachment":"scroll","background-type":"","background-media":"","overlay-type":"","overlay-color":"","overlay-gradient":""},"mobile":{"background-color":"var(--ast-global-color-5)","background-image":"","background-repeat":"repeat","background-position":"center center","background-size":"auto","background-attachment":"scroll","background-type":"","background-media":"","overlay-type":"","overlay-color":"","overlay-gradient":""}},"footnotes":""},"categories":[4264,1175,17749,324],"tags":[158451,54249,158450,158449,95663,158448],"class_list":["post-72933","post","type-post","status-publish","format-standard","hentry","category-asesoramiento-y-orientacion-psicologicas","category-evaluacion-y-diagnostico-en-psicologia","category-navarra","category-psicologia","tag-amor-andres-pedro-javier","tag-emilio-garrido-landivar","tag-emilio-salaberria-irizar","tag-fernandez-rodriguez-luis-jesus","tag-javier-fernandez-montalvo","tag-jose-javier-lopez-goni"],"_links":{"self":[{"href":"https:\/\/www.deberes.net\/tesis\/wp-json\/wp\/v2\/posts\/72933","targetHints":{"allow":["GET"]}}],"collection":[{"href":"https:\/\/www.deberes.net\/tesis\/wp-json\/wp\/v2\/posts"}],"about":[{"href":"https:\/\/www.deberes.net\/tesis\/wp-json\/wp\/v2\/types\/post"}],"author":[{"embeddable":true,"href":"https:\/\/www.deberes.net\/tesis\/wp-json\/wp\/v2\/users\/1"}],"replies":[{"embeddable":true,"href":"https:\/\/www.deberes.net\/tesis\/wp-json\/wp\/v2\/comments?post=72933"}],"version-history":[{"count":0,"href":"https:\/\/www.deberes.net\/tesis\/wp-json\/wp\/v2\/posts\/72933\/revisions"}],"wp:attachment":[{"href":"https:\/\/www.deberes.net\/tesis\/wp-json\/wp\/v2\/media?parent=72933"}],"wp:term":[{"taxonomy":"category","embeddable":true,"href":"https:\/\/www.deberes.net\/tesis\/wp-json\/wp\/v2\/categories?post=72933"},{"taxonomy":"post_tag","embeddable":true,"href":"https:\/\/www.deberes.net\/tesis\/wp-json\/wp\/v2\/tags?post=72933"}],"curies":[{"name":"wp","href":"https:\/\/api.w.org\/{rel}","templated":true}]}}