{"id":72937,"date":"2018-03-09T23:17:47","date_gmt":"2018-03-09T23:17:47","guid":{"rendered":"https:\/\/www.deberes.net\/tesis\/sin-categoria\/conformacion-de-cadenas-interempresariales-y-gestion-estrategica-estudio-en-el-sector-del-aserrado-de-la-madera-en-galicia-y-paa%c2%ads-vasco\/"},"modified":"2018-03-09T23:17:47","modified_gmt":"2018-03-09T23:17:47","slug":"conformacion-de-cadenas-interempresariales-y-gestion-estrategica-estudio-en-el-sector-del-aserrado-de-la-madera-en-galicia-y-paa%c2%ads-vasco","status":"publish","type":"post","link":"https:\/\/www.deberes.net\/tesis\/ciencias-economicas\/conformacion-de-cadenas-interempresariales-y-gestion-estrategica-estudio-en-el-sector-del-aserrado-de-la-madera-en-galicia-y-paa%c2%ads-vasco\/","title":{"rendered":"Conformaci\u00f3n de cadenas interempresariales y gesti\u00f3n estrat\u00e9gica: estudio en el sector del aserrado de la madera en galicia y pa\u00eds vasco."},"content":{"rendered":"<h2>Tesis doctoral de <strong>  Gueimonde Canto Ana Isabel <\/strong><\/h2>\n<p>En esta tesis se aborda la definici\u00f3n de la conformaci\u00f3n de las cadenas interempresariales y sus v\u00ednculos con la  gesti\u00f3n estrat\u00e9gica. La preocupaci\u00f3n por este tema surgi\u00f3 tras constatar que el concepto \u00abfili\u00e9re\u00bb, \u00abcadena interempresarial\u00bb o \u00abcadena-sistema\u00bb se desarroll\u00f3 en el \u00e1mbito de la econom\u00eda industrial, pero, a pesar de ser sobradamente reconocida en la literatura su relevancia y sus v\u00ednculos con la gesti\u00f3n estrat\u00e9gica, todav\u00eda no se hab\u00eda realizado ning\u00fan estudio de abordarse dichas relaciones de modo global.  nosotros consideramos que era organizaci\u00f3n y del an\u00e1lisis de la direcci\u00f3n estrat\u00e9gica.  as\u00ed, a partir del conjunto de paradigmas que (como teor\u00edas de la organizaci\u00f3n)estian la repercusi\u00f3n del entorno sobre la gesti\u00f3n de las organizaciones empresariales, extraemos las relaciones entre las variables consideradas.  pero, era tambi\u00e9n necesario definir y medir los dos constructos que la econom\u00eda industrial introduc\u00eda:\u00bbconfiguraci\u00f3n de la cadena interempresarial\u00bb y \u00abestrategia de cadena\u00bb. Nosotros complementamos la definici\u00f3n inicial de los constructos, con  distintas propuestas procedentes del \u00e1mbito de la econom\u00eda dela empresa. Son propuestas que adoptan una pespectivas relacional.  por tanto, elaboramos un modelo de relaciones entre la conformaci\u00f3n de un subsistema de empresas \u00abcadena\u00bb, las estrategias empresariales y el rendimiento organizativo. Las hip\u00f3tesis a contrastar en el modelo eran hip\u00f3tesis \u00abinteraccionista\u00bb, esto es, debedoras de las formulaciones que perciben a la empresa no totalmente dominada por su entorno, ni tampoco totalmente capaz de prescindir de su ambiente (hrebriniak y joyce, 1985). las empresas tienden a situarse, seg\u00fan estas propuestas, en alg\u00fan punto intermedio entre el determinismo ambiental y el voluntarismo estrat\u00e9gico.  escogimos, para constrastar las hip\u00f3tesis de este modelo, a las empresas del sector del aserrado, integradas en la cadena de la madera.<\/p>\n<p>&nbsp;<\/p>\n<h3>Datos acad\u00e9micos de la tesis doctoral \u00ab<strong>Conformaci\u00f3n de cadenas interempresariales y gesti\u00f3n estrat\u00e9gica: estudio en el sector del aserrado de la madera en galicia y pa\u00eds vasco.<\/strong>\u00ab<\/h3>\n<ul>\n<li><strong>T\u00edtulo de la tesis:<\/strong>\u00a0 Conformaci\u00f3n de cadenas interempresariales y gesti\u00f3n estrat\u00e9gica: estudio en el sector del aserrado de la madera en galicia y pa\u00eds vasco. <\/li>\n<li><strong>Autor:<\/strong>\u00a0  Gueimonde Canto Ana Isabel <\/li>\n<li><strong>Universidad:<\/strong>\u00a0 Vigo<\/li>\n<li><strong>Fecha de lectura de la tesis:<\/strong>\u00a0 25\/02\/2005<\/li>\n<\/ul>\n<p>&nbsp;<\/p>\n<h3>Direcci\u00f3n y tribunal<\/h3>\n<ul>\n<li><strong>Director de la tesis<\/strong>\n<ul>\n<li>Jos\u00e9 Manuel Garc\u00eda V\u00e1zquez<\/li>\n<\/ul>\n<\/li>\n<li><strong>Tribunal<\/strong>\n<ul>\n<li>Presidente del tribunal: esteban Fernandez sanchez <\/li>\n<li>Javier Gonzalez benito (vocal)<\/li>\n<li>joaquim Teixeira manuel (vocal)<\/li>\n<li> Garc\u00eda merino Mar\u00eda teresa (vocal)<\/li>\n<\/ul>\n<\/li>\n<\/ul>\n<p>&nbsp;<\/p>\n","protected":false},"excerpt":{"rendered":"<p>Tesis doctoral de Gueimonde Canto Ana Isabel En esta tesis se aborda la definici\u00f3n de la conformaci\u00f3n de las cadenas [&hellip;]<\/p>\n","protected":false},"author":1,"featured_media":0,"comment_status":"open","ping_status":"open","sticky":false,"template":"","format":"standard","meta":{"site-sidebar-layout":"default","site-content-layout":"","ast-site-content-layout":"","site-content-style":"default","site-sidebar-style":"default","ast-global-header-display":"","ast-banner-title-visibility":"","ast-main-header-display":"","ast-hfb-above-header-display":"","ast-hfb-below-header-display":"","ast-hfb-mobile-header-display":"","site-post-title":"","ast-breadcrumbs-content":"","ast-featured-img":"","footer-sml-layout":"","theme-transparent-header-meta":"","adv-header-id-meta":"","stick-header-meta":"","header-above-stick-meta":"","header-main-stick-meta":"","header-below-stick-meta":"","astra-migrate-meta-layouts":"default","ast-page-background-enabled":"default","ast-page-background-meta":{"desktop":{"background-color":"var(--ast-global-color-4)","background-image":"","background-repeat":"repeat","background-position":"center center","background-size":"auto","background-attachment":"scroll","background-type":"","background-media":"","overlay-type":"","overlay-color":"","overlay-gradient":""},"tablet":{"background-color":"","background-image":"","background-repeat":"repeat","background-position":"center center","background-size":"auto","background-attachment":"scroll","background-type":"","background-media":"","overlay-type":"","overlay-color":"","overlay-gradient":""},"mobile":{"background-color":"","background-image":"","background-repeat":"repeat","background-position":"center center","background-size":"auto","background-attachment":"scroll","background-type":"","background-media":"","overlay-type":"","overlay-color":"","overlay-gradient":""}},"ast-content-background-meta":{"desktop":{"background-color":"var(--ast-global-color-5)","background-image":"","background-repeat":"repeat","background-position":"center center","background-size":"auto","background-attachment":"scroll","background-type":"","background-media":"","overlay-type":"","overlay-color":"","overlay-gradient":""},"tablet":{"background-color":"var(--ast-global-color-5)","background-image":"","background-repeat":"repeat","background-position":"center center","background-size":"auto","background-attachment":"scroll","background-type":"","background-media":"","overlay-type":"","overlay-color":"","overlay-gradient":""},"mobile":{"background-color":"var(--ast-global-color-5)","background-image":"","background-repeat":"repeat","background-position":"center center","background-size":"auto","background-attachment":"scroll","background-type":"","background-media":"","overlay-type":"","overlay-color":"","overlay-gradient":""}},"footnotes":""},"categories":[82,963,5099,2825,1302,18657],"tags":[9172,158460,158458,76395,158459,21295],"class_list":["post-72937","post","type-post","status-publish","format-standard","hentry","category-ciencias-economicas","category-economia-sectorial","category-marketing","category-organizacion-industrial-y-sector-publico","category-organizacion-y-gestion-de-empresas","category-vigo","tag-esteban-fernandez-sanchez","tag-garcia-merino-maria-teresa","tag-gueimonde-canto-ana-isabel","tag-javier-gonzalez-benito","tag-joaquim-teixeira-manuel","tag-jose-manuel-garcia-vazquez"],"_links":{"self":[{"href":"https:\/\/www.deberes.net\/tesis\/wp-json\/wp\/v2\/posts\/72937","targetHints":{"allow":["GET"]}}],"collection":[{"href":"https:\/\/www.deberes.net\/tesis\/wp-json\/wp\/v2\/posts"}],"about":[{"href":"https:\/\/www.deberes.net\/tesis\/wp-json\/wp\/v2\/types\/post"}],"author":[{"embeddable":true,"href":"https:\/\/www.deberes.net\/tesis\/wp-json\/wp\/v2\/users\/1"}],"replies":[{"embeddable":true,"href":"https:\/\/www.deberes.net\/tesis\/wp-json\/wp\/v2\/comments?post=72937"}],"version-history":[{"count":0,"href":"https:\/\/www.deberes.net\/tesis\/wp-json\/wp\/v2\/posts\/72937\/revisions"}],"wp:attachment":[{"href":"https:\/\/www.deberes.net\/tesis\/wp-json\/wp\/v2\/media?parent=72937"}],"wp:term":[{"taxonomy":"category","embeddable":true,"href":"https:\/\/www.deberes.net\/tesis\/wp-json\/wp\/v2\/categories?post=72937"},{"taxonomy":"post_tag","embeddable":true,"href":"https:\/\/www.deberes.net\/tesis\/wp-json\/wp\/v2\/tags?post=72937"}],"curies":[{"name":"wp","href":"https:\/\/api.w.org\/{rel}","templated":true}]}}