{"id":72973,"date":"2018-03-09T23:17:51","date_gmt":"2018-03-09T23:17:51","guid":{"rendered":"https:\/\/www.deberes.net\/tesis\/sin-categoria\/reescritura-y-adaptacion-el-caso-del-quijote\/"},"modified":"2018-03-09T23:17:51","modified_gmt":"2018-03-09T23:17:51","slug":"reescritura-y-adaptacion-el-caso-del-quijote","status":"publish","type":"post","link":"https:\/\/www.deberes.net\/tesis\/estilo-y-estetica-literarios\/reescritura-y-adaptacion-el-caso-del-quijote\/","title":{"rendered":"Reescritura y adaptacion. el caso del quijote"},"content":{"rendered":"<h2>Tesis doctoral de <strong> Nieves Sanchez Mendieta <\/strong><\/h2>\n<p>Este trabajo pretender unir dos mundos literarios que, en muchos casos, aparecen separados e incluso irremediablemente enfrentados: los cl\u00e1sicos y su lectura  por parte de los m\u00e1s j\u00f3venes.  precisamente, una de las grandes aspiraciones de los educadores espa\u00f1oles ha sido poner nuestro cl\u00e1sico m\u00e1s universal, el quijote, en manos de los m\u00e1s j\u00f3venes. Sin embargo, y la experiencia lo ha demostrado, la novela de cervantes, en su versi\u00f3n integra, es una obra compleja y dif\u00edcil que solo puede ser degustada y aceptada por un lector  aficionado a la lectura, y ya debidamente preparado, por lo que ha sido objeto de diversas formas de reescritura, reelaboraci\u00f3n o adaptaci\u00f3n de su texto original. Este proceso de interpretaci\u00f3n, tan complejo como antiguo, ha dado como resultado la creaci\u00f3n de nuevas obras en muchos casos m\u00e1s accesibles al lector popular.  esta tesis pretende contribuir, precisamente, al estudio de estas ediciones del quijote.  &#8211;\tde este modo, en la primera parte se estudia el quijote, como obra infantil y juvenil, en ediciones dirigidas a este destinatario tan exigente, desde las primeras, que vieron la luz en el siglo xviii, hasta las m\u00e1s recientes.  &#8211;\ten la segunda parte de este trabajo se analizan las relaciones transtextuales, con especial inter\u00e9s en la hipertextualidad, considerando el quijote como hipotexto del que derivan diversos hipertextos, esto es, distintas reescrituras de la obra.  &#8211;\ta continuaci\u00f3n se estudian los elementos reescritos en un grupo de adaptaciones que se encuentran en nuestras bibliotecas y librer\u00edas.  &#8211;\tla cuarta y \u00faltima parte puede ser considerada como la conclusi\u00f3n a los diferentes aspectos tratados anteriormente. En este apartado, se propone una adaptaci\u00f3n destinada a lectores adolescentes, bien como uso acad\u00e9mico- seg\u00fan los actuales planes de estudio, el quijote se estudia en 3\u00c2\u00ba de eso-, o bien como una de sus lecturas habituales.  resulta evidente, por tanto, la finalidad de este trabajo: en el fondo de este estudio subyace el deseo de acercar algunos de nuestros cl\u00e1sicos a los mas j\u00f3venes, para que formen parte de sus lecturas cotidianas, siempre y cuando estas obras hayan sido objeto de un estudio serio sobre su posible adaptaci\u00f3n a las capacidades y caracter\u00edsticas psicopedag\u00f3gicas de cada edad.<\/p>\n<p>&nbsp;<\/p>\n<h3>Datos acad\u00e9micos de la tesis doctoral \u00ab<strong>Reescritura y adaptacion. el caso del quijote<\/strong>\u00ab<\/h3>\n<ul>\n<li><strong>T\u00edtulo de la tesis:<\/strong>\u00a0 Reescritura y adaptacion. el caso del quijote <\/li>\n<li><strong>Autor:<\/strong>\u00a0 Nieves Sanchez Mendieta <\/li>\n<li><strong>Universidad:<\/strong>\u00a0 Alcal\u00e1<\/li>\n<li><strong>Fecha de lectura de la tesis:<\/strong>\u00a0 28\/02\/2005<\/li>\n<\/ul>\n<p>&nbsp;<\/p>\n<h3>Direcci\u00f3n y tribunal<\/h3>\n<ul>\n<li><strong>Director de la tesis<\/strong>\n<ul>\n<li>carande Garc\u00eda De Enterr\u00eda Martinez<\/li>\n<\/ul>\n<\/li>\n<li><strong>Tribunal<\/strong>\n<ul>\n<li>Presidente del tribunal: Miguel \u00e1ngel Alonso baquer <\/li>\n<li>cristina Castillo Martinez (vocal)<\/li>\n<li>Jos\u00e9 Manuel Luc\u00eda meg\u00edas (vocal)<\/li>\n<li>pedro Carrero eras (vocal)<\/li>\n<\/ul>\n<\/li>\n<\/ul>\n<p>&nbsp;<\/p>\n","protected":false},"excerpt":{"rendered":"<p>Tesis doctoral de Nieves Sanchez Mendieta Este trabajo pretender unir dos mundos literarios que, en muchos casos, aparecen separados e [&hellip;]<\/p>\n","protected":false},"author":1,"featured_media":0,"comment_status":"open","ping_status":"open","sticky":false,"template":"","format":"standard","meta":{"site-sidebar-layout":"default","site-content-layout":"","ast-site-content-layout":"","site-content-style":"default","site-sidebar-style":"default","ast-global-header-display":"","ast-banner-title-visibility":"","ast-main-header-display":"","ast-hfb-above-header-display":"","ast-hfb-below-header-display":"","ast-hfb-mobile-header-display":"","site-post-title":"","ast-breadcrumbs-content":"","ast-featured-img":"","footer-sml-layout":"","theme-transparent-header-meta":"","adv-header-id-meta":"","stick-header-meta":"","header-above-stick-meta":"","header-main-stick-meta":"","header-below-stick-meta":"","astra-migrate-meta-layouts":"default","ast-page-background-enabled":"default","ast-page-background-meta":{"desktop":{"background-color":"var(--ast-global-color-4)","background-image":"","background-repeat":"repeat","background-position":"center center","background-size":"auto","background-attachment":"scroll","background-type":"","background-media":"","overlay-type":"","overlay-color":"","overlay-gradient":""},"tablet":{"background-color":"","background-image":"","background-repeat":"repeat","background-position":"center center","background-size":"auto","background-attachment":"scroll","background-type":"","background-media":"","overlay-type":"","overlay-color":"","overlay-gradient":""},"mobile":{"background-color":"","background-image":"","background-repeat":"repeat","background-position":"center center","background-size":"auto","background-attachment":"scroll","background-type":"","background-media":"","overlay-type":"","overlay-color":"","overlay-gradient":""}},"ast-content-background-meta":{"desktop":{"background-color":"var(--ast-global-color-5)","background-image":"","background-repeat":"repeat","background-position":"center center","background-size":"auto","background-attachment":"scroll","background-type":"","background-media":"","overlay-type":"","overlay-color":"","overlay-gradient":""},"tablet":{"background-color":"var(--ast-global-color-5)","background-image":"","background-repeat":"repeat","background-position":"center center","background-size":"auto","background-attachment":"scroll","background-type":"","background-media":"","overlay-type":"","overlay-color":"","overlay-gradient":""},"mobile":{"background-color":"var(--ast-global-color-5)","background-image":"","background-repeat":"repeat","background-position":"center center","background-size":"auto","background-attachment":"scroll","background-type":"","background-media":"","overlay-type":"","overlay-color":"","overlay-gradient":""}},"footnotes":""},"categories":[17426,2965,3925],"tags":[64818,64817,43105,7212,158541,54055],"class_list":["post-72973","post","type-post","status-publish","format-standard","hentry","category-alcala","category-estilo-y-estetica-literarios","category-estilo-y-retorica","tag-carande-garcia-de-enterria-Martinez","tag-cristina-castillo-Martinez","tag-jose-manuel-lucia-megias","tag-miguel-angel-alonso-baquer","tag-nieves-sanchez-mendieta","tag-pedro-carrero-eras"],"_links":{"self":[{"href":"https:\/\/www.deberes.net\/tesis\/wp-json\/wp\/v2\/posts\/72973","targetHints":{"allow":["GET"]}}],"collection":[{"href":"https:\/\/www.deberes.net\/tesis\/wp-json\/wp\/v2\/posts"}],"about":[{"href":"https:\/\/www.deberes.net\/tesis\/wp-json\/wp\/v2\/types\/post"}],"author":[{"embeddable":true,"href":"https:\/\/www.deberes.net\/tesis\/wp-json\/wp\/v2\/users\/1"}],"replies":[{"embeddable":true,"href":"https:\/\/www.deberes.net\/tesis\/wp-json\/wp\/v2\/comments?post=72973"}],"version-history":[{"count":0,"href":"https:\/\/www.deberes.net\/tesis\/wp-json\/wp\/v2\/posts\/72973\/revisions"}],"wp:attachment":[{"href":"https:\/\/www.deberes.net\/tesis\/wp-json\/wp\/v2\/media?parent=72973"}],"wp:term":[{"taxonomy":"category","embeddable":true,"href":"https:\/\/www.deberes.net\/tesis\/wp-json\/wp\/v2\/categories?post=72973"},{"taxonomy":"post_tag","embeddable":true,"href":"https:\/\/www.deberes.net\/tesis\/wp-json\/wp\/v2\/tags?post=72973"}],"curies":[{"name":"wp","href":"https:\/\/api.w.org\/{rel}","templated":true}]}}