{"id":72980,"date":"2005-01-03T00:00:00","date_gmt":"2005-01-03T00:00:00","guid":{"rendered":"https:\/\/www.deberes.net\/tesis\/sin-categoria\/los-ingenios-y-las-maquinas-representacion-grafica-en-el-pera%c2%adodo-ilustrado-en-espana\/"},"modified":"2005-01-03T00:00:00","modified_gmt":"2005-01-03T00:00:00","slug":"los-ingenios-y-las-maquinas-representacion-grafica-en-el-pera%c2%adodo-ilustrado-en-espana","status":"publish","type":"post","link":"https:\/\/www.deberes.net\/tesis\/historia\/los-ingenios-y-las-maquinas-representacion-grafica-en-el-pera%c2%adodo-ilustrado-en-espana\/","title":{"rendered":"Los ingenios y las m\u00e1quinas. representaci\u00f3n gr\u00e1fica en el per\u00edodo ilustrado en espa\u00f1a"},"content":{"rendered":"<h2>Tesis doctoral de <strong> Patricia Zulueta Perez <\/strong><\/h2>\n<p>El presente estudio se centra en el an\u00e1lisis de la t\u00e9cnicas de representaci\u00f3n gr\u00e1fica que utilizaron los cient\u00edficos de la ilustraci\u00f3n para elaborar sus planos y dibujos de ingenios y m\u00e1quinas.  los objetivos iniciales del  presente trabajo de investigaci\u00f3n, consisten en evidenciar la importancia de la \u00e9poca ilustrada en lo referente a su aportaci\u00f3n al desarrollo cient\u00edfico y a la introducci\u00f3n  de los fundamentos de la ingenier\u00eda moderna en espa\u00f1a, as\u00ed como ordenar y clarificar el modo en que los cient\u00edficos del momento acomet\u00edan la tarea de desarrollar sus trabajos gr\u00e1ficos.  la totalidad del trabajo anteriormente expuesto se recoge en dos vol\u00famenes independientes que se distinguen como memoria y anexo.  el primero de ellos, la memoria, queda estructurado en los siguientes apartados: una introducci\u00f3n inicial en la se presenta el planteamiento general del trabajo, cuatro cap\u00edtulos que reflejan los contenidos te\u00f3ricos en que se basa la investigaci\u00f3n llevada a cabo, y por \u00faltimo una serie de consideraciones finales.  el cap\u00edtulo primero de la memoria, el referido al panorama general de las tendencias ilustradas, intenta presentar una visi\u00f3n de la situaci\u00f3n europea a trav\u00e9s de ciertos aspectos filos\u00f3ficos del siglo de la raz\u00f3n. Posteriormente y una vez situados en la espa\u00f1a dieciochesca se ha analizado el hecho fundamental, antes comentado, consistente en el excepcional intento llevado a cabo por una secci\u00f3n reducida de la poblaci\u00f3n -la minor\u00eda ilustrada- para situar a nuestro pa\u00eds a la altura del resto de naciones europeas.  en el cap\u00edtulo ii -que analiza la formaci\u00f3n de los t\u00e9cnicos-, dentro del contexto de la actividad cient\u00edfica espa\u00f1ola de la \u00e9poca que nos ocupa, se han expuesto algunas de las diversas opiniones reconocidas de estudiosos del tema acerca del estado de la ciencia en nuestro pa\u00eds y que en dieron lugar a la denominada \u00abpol\u00e9mica de la ciencia espa\u00f1ola\u00bb. Ha resultado fundament<\/p>\n<p>&nbsp;<\/p>\n<h3>Datos acad\u00e9micos de la tesis doctoral \u00ab<strong>Los ingenios y las m\u00e1quinas. representaci\u00f3n gr\u00e1fica en el per\u00edodo ilustrado en espa\u00f1a<\/strong>\u00ab<\/h3>\n<ul>\n<li><strong>T\u00edtulo de la tesis:<\/strong>\u00a0 Los ingenios y las m\u00e1quinas. representaci\u00f3n gr\u00e1fica en el per\u00edodo ilustrado en espa\u00f1a <\/li>\n<li><strong>Autor:<\/strong>\u00a0 Patricia Zulueta Perez <\/li>\n<li><strong>Universidad:<\/strong>\u00a0 Valladolid<\/li>\n<li><strong>Fecha de lectura de la tesis:<\/strong>\u00a0 01\/03\/2005<\/li>\n<\/ul>\n<p>&nbsp;<\/p>\n<h3>Direcci\u00f3n y tribunal<\/h3>\n<ul>\n<li><strong>Director de la tesis<\/strong>\n<ul>\n<li>Raquel Su\u00e1rez S\u00e1nchez<\/li>\n<\/ul>\n<\/li>\n<li><strong>Tribunal<\/strong>\n<ul>\n<li>Presidente del tribunal: felipe Montoya moreno <\/li>\n<li> San Antonio  g\u00f3mez Carlos de (vocal)<\/li>\n<li>Francisco Montes tubio (vocal)<\/li>\n<li>vito Cardone (vocal)<\/li>\n<\/ul>\n<\/li>\n<\/ul>\n<p>&nbsp;<\/p>\n","protected":false},"excerpt":{"rendered":"<p>Tesis doctoral de Patricia Zulueta Perez El presente estudio se centra en el an\u00e1lisis de la t\u00e9cnicas de representaci\u00f3n gr\u00e1fica [&hellip;]<\/p>\n","protected":false},"author":1,"featured_media":0,"comment_status":"open","ping_status":"open","sticky":false,"template":"","format":"standard","meta":{"site-sidebar-layout":"default","site-content-layout":"","ast-site-content-layout":"","site-content-style":"default","site-sidebar-style":"default","ast-global-header-display":"","ast-banner-title-visibility":"","ast-main-header-display":"","ast-hfb-above-header-display":"","ast-hfb-below-header-display":"","ast-hfb-mobile-header-display":"","site-post-title":"","ast-breadcrumbs-content":"","ast-featured-img":"","footer-sml-layout":"","theme-transparent-header-meta":"","adv-header-id-meta":"","stick-header-meta":"","header-above-stick-meta":"","header-main-stick-meta":"","header-below-stick-meta":"","astra-migrate-meta-layouts":"default","ast-page-background-enabled":"default","ast-page-background-meta":{"desktop":{"background-color":"var(--ast-global-color-4)","background-image":"","background-repeat":"repeat","background-position":"center center","background-size":"auto","background-attachment":"scroll","background-type":"","background-media":"","overlay-type":"","overlay-color":"","overlay-gradient":""},"tablet":{"background-color":"","background-image":"","background-repeat":"repeat","background-position":"center center","background-size":"auto","background-attachment":"scroll","background-type":"","background-media":"","overlay-type":"","overlay-color":"","overlay-gradient":""},"mobile":{"background-color":"","background-image":"","background-repeat":"repeat","background-position":"center center","background-size":"auto","background-attachment":"scroll","background-type":"","background-media":"","overlay-type":"","overlay-color":"","overlay-gradient":""}},"ast-content-background-meta":{"desktop":{"background-color":"var(--ast-global-color-5)","background-image":"","background-repeat":"repeat","background-position":"center center","background-size":"auto","background-attachment":"scroll","background-type":"","background-media":"","overlay-type":"","overlay-color":"","overlay-gradient":""},"tablet":{"background-color":"var(--ast-global-color-5)","background-image":"","background-repeat":"repeat","background-position":"center center","background-size":"auto","background-attachment":"scroll","background-type":"","background-media":"","overlay-type":"","overlay-color":"","overlay-gradient":""},"mobile":{"background-color":"var(--ast-global-color-5)","background-image":"","background-repeat":"repeat","background-position":"center center","background-size":"auto","background-attachment":"scroll","background-type":"","background-media":"","overlay-type":"","overlay-color":"","overlay-gradient":""}},"footnotes":""},"categories":[332,104,1795,222,12451],"tags":[9465,38284,158552,158553,75227,158554],"class_list":["post-72980","post","type-post","status-publish","format-standard","hentry","category-ciencias-tecnologicas","category-historia","category-historia-de-la-tecnologia","category-historias-especializadas","category-valladolid","tag-felipe-montoya-moreno","tag-francisco-montes-tubio","tag-patricia-zulueta-perez","tag-raquel-suarez-sanchez","tag-san-antonio-gomez-carlos-de","tag-vito-cardone"],"_links":{"self":[{"href":"https:\/\/www.deberes.net\/tesis\/wp-json\/wp\/v2\/posts\/72980","targetHints":{"allow":["GET"]}}],"collection":[{"href":"https:\/\/www.deberes.net\/tesis\/wp-json\/wp\/v2\/posts"}],"about":[{"href":"https:\/\/www.deberes.net\/tesis\/wp-json\/wp\/v2\/types\/post"}],"author":[{"embeddable":true,"href":"https:\/\/www.deberes.net\/tesis\/wp-json\/wp\/v2\/users\/1"}],"replies":[{"embeddable":true,"href":"https:\/\/www.deberes.net\/tesis\/wp-json\/wp\/v2\/comments?post=72980"}],"version-history":[{"count":0,"href":"https:\/\/www.deberes.net\/tesis\/wp-json\/wp\/v2\/posts\/72980\/revisions"}],"wp:attachment":[{"href":"https:\/\/www.deberes.net\/tesis\/wp-json\/wp\/v2\/media?parent=72980"}],"wp:term":[{"taxonomy":"category","embeddable":true,"href":"https:\/\/www.deberes.net\/tesis\/wp-json\/wp\/v2\/categories?post=72980"},{"taxonomy":"post_tag","embeddable":true,"href":"https:\/\/www.deberes.net\/tesis\/wp-json\/wp\/v2\/tags?post=72980"}],"curies":[{"name":"wp","href":"https:\/\/api.w.org\/{rel}","templated":true}]}}