{"id":72987,"date":"2005-02-03T00:00:00","date_gmt":"2005-02-03T00:00:00","guid":{"rendered":"https:\/\/www.deberes.net\/tesis\/sin-categoria\/violencia-urbana-en-america-latina-analisis-comparativo-de-las-pautas-de-victimizacion-en-seis-ciudades\/"},"modified":"2005-02-03T00:00:00","modified_gmt":"2005-02-03T00:00:00","slug":"violencia-urbana-en-america-latina-analisis-comparativo-de-las-pautas-de-victimizacion-en-seis-ciudades","status":"publish","type":"post","link":"https:\/\/www.deberes.net\/tesis\/sociologia\/violencia-urbana-en-america-latina-analisis-comparativo-de-las-pautas-de-victimizacion-en-seis-ciudades\/","title":{"rendered":"Violencia urbana en am\u00e9rica latina: an\u00e1lisis comparativo de las pautas de victimizaci\u00f3n en seis ciudades."},"content":{"rendered":"<h2>Tesis doctoral de <strong>  Correa Sabat Patricia Joanna <\/strong><\/h2>\n<p>La tesis es un estudio comparativo de seis ciudades latinoamericanas, san jos\u00e9 de costa rica, bogot\u00e1 de colombia, r\u00edo de janeiro de brasil, buenos aires de argentina, asunci\u00f3n de paraguay y la paz de bolivia. El objetivo es analizar la violencia desde la perspectiva de los ciudadanos, es decir, a trav\u00e9s de la construcci\u00f3n social que se realiza de ella. Se analizan las siguientes dimensiones: los niveles de victimizaci\u00f3n, su relaci\u00f3n con variables sociodemogr\u00e1ficas y socioespaciales, la percepci\u00f3n de inseguridad, la  evaluaci\u00f3n de la polic\u00eda y la tasa de denuncias. La investigaci\u00f3n tiene como fuente principal la encuesta internacional de victimizaci\u00f3n de la united nations interregional crime and justice research institute (unlcri). como fuente secundaria son los censos poblacionales de cada uno de los pa\u00edses, de tal manera de caracterizar a las ciudades seg\u00fan datos poblaciones, demogr\u00e1ficos y sociolaborales. Tambi\u00e9n se hace referencia a otras variables como los niveles de pobreza y de desigualdad existente en las ciudades.  las pautas de violencia de las ciudades en estudio tienen relaci\u00f3n principalmente con su tama\u00f1o poblacional, con los niveles de urbanizaci\u00f3n alcanzado y con los niveles de desigualdades sociales. Por otro lado, la delincuencia no se distribuye aleatoriamente entre la poblaci\u00f3n, hay grupos m\u00e1s vulnerables que otros. Otro elemento a destacar de la investigaci\u00f3n es que la inseguridad ciudadana no siempre tiene su correlato con los niveles de victimizaci\u00f3n. es decir, existe una brecha entre la inseguridad objetiva y la  subjetiva.  la delincuencia o la violencia criminal, es un fen\u00f3meno social complejo, que es  multicausal, y por lo tanto, requiere de un enfoque interdisciplinario. no s\u00f3lo debe ser enfrentado desde los sistemas penales y la polic\u00eda, sino de los diferentes sectores del aparato p\u00fablico. Paralelamente tambi\u00e9n hay una responsabilidad por parte de la sociedad civil, de establec<\/p>\n<p>&nbsp;<\/p>\n<h3>Datos acad\u00e9micos de la tesis doctoral \u00ab<strong>Violencia urbana en am\u00e9rica latina: an\u00e1lisis comparativo de las pautas de victimizaci\u00f3n en seis ciudades.<\/strong>\u00ab<\/h3>\n<ul>\n<li><strong>T\u00edtulo de la tesis:<\/strong>\u00a0 Violencia urbana en am\u00e9rica latina: an\u00e1lisis comparativo de las pautas de victimizaci\u00f3n en seis ciudades. <\/li>\n<li><strong>Autor:<\/strong>\u00a0  Correa Sabat Patricia Joanna <\/li>\n<li><strong>Universidad:<\/strong>\u00a0 Barcelona<\/li>\n<li><strong>Fecha de lectura de la tesis:<\/strong>\u00a0 02\/03\/2005<\/li>\n<\/ul>\n<p>&nbsp;<\/p>\n<h3>Direcci\u00f3n y tribunal<\/h3>\n<ul>\n<li><strong>Director de la tesis<\/strong>\n<ul>\n<li>Diego Torrente Robles<\/li>\n<\/ul>\n<\/li>\n<li><strong>Tribunal<\/strong>\n<ul>\n<li>Presidente del tribunal: Antonio Andres pueyo <\/li>\n<li>Jos\u00e9 Rodriguez diaz (vocal)<\/li>\n<li>montserrat Quesada perez (vocal)<\/li>\n<li>carmen Ruidiaz garcia (vocal)<\/li>\n<\/ul>\n<\/li>\n<\/ul>\n<p>&nbsp;<\/p>\n","protected":false},"excerpt":{"rendered":"<p>Tesis doctoral de Correa Sabat Patricia Joanna La tesis es un estudio comparativo de seis ciudades latinoamericanas, san jos\u00e9 de [&hellip;]<\/p>\n","protected":false},"author":1,"featured_media":0,"comment_status":"open","ping_status":"open","sticky":false,"template":"","format":"standard","meta":{"site-sidebar-layout":"default","site-content-layout":"","ast-site-content-layout":"","site-content-style":"default","site-sidebar-style":"default","ast-global-header-display":"","ast-banner-title-visibility":"","ast-main-header-display":"","ast-hfb-above-header-display":"","ast-hfb-below-header-display":"","ast-hfb-mobile-header-display":"","site-post-title":"","ast-breadcrumbs-content":"","ast-featured-img":"","footer-sml-layout":"","theme-transparent-header-meta":"","adv-header-id-meta":"","stick-header-meta":"","header-above-stick-meta":"","header-main-stick-meta":"","header-below-stick-meta":"","astra-migrate-meta-layouts":"default","ast-page-background-enabled":"default","ast-page-background-meta":{"desktop":{"background-color":"var(--ast-global-color-4)","background-image":"","background-repeat":"repeat","background-position":"center center","background-size":"auto","background-attachment":"scroll","background-type":"","background-media":"","overlay-type":"","overlay-color":"","overlay-gradient":""},"tablet":{"background-color":"","background-image":"","background-repeat":"repeat","background-position":"center center","background-size":"auto","background-attachment":"scroll","background-type":"","background-media":"","overlay-type":"","overlay-color":"","overlay-gradient":""},"mobile":{"background-color":"","background-image":"","background-repeat":"repeat","background-position":"center center","background-size":"auto","background-attachment":"scroll","background-type":"","background-media":"","overlay-type":"","overlay-color":"","overlay-gradient":""}},"ast-content-background-meta":{"desktop":{"background-color":"var(--ast-global-color-5)","background-image":"","background-repeat":"repeat","background-position":"center center","background-size":"auto","background-attachment":"scroll","background-type":"","background-media":"","overlay-type":"","overlay-color":"","overlay-gradient":""},"tablet":{"background-color":"var(--ast-global-color-5)","background-image":"","background-repeat":"repeat","background-position":"center center","background-size":"auto","background-attachment":"scroll","background-type":"","background-media":"","overlay-type":"","overlay-color":"","overlay-gradient":""},"mobile":{"background-color":"var(--ast-global-color-5)","background-image":"","background-repeat":"repeat","background-position":"center center","background-size":"auto","background-attachment":"scroll","background-type":"","background-media":"","overlay-type":"","overlay-color":"","overlay-gradient":""}},"footnotes":""},"categories":[951,6217,1294,6216,1295,269],"tags":[19861,61956,158566,1296,158567,5212],"class_list":["post-72987","post","type-post","status-publish","format-standard","hentry","category-barcelona","category-cambio-y-desarrollo-social","category-delincuencia","category-paises-en-via-de-desarrollo","category-problemas-y-conflictos-sociales","category-sociologia","tag-antonio-andres-pueyo","tag-carmen-ruidiaz-garcia","tag-correa-sabat-patricia-joanna","tag-diego-torrente-robles","tag-jose-rodriguez-diaz","tag-montserrat-quesada-perez"],"_links":{"self":[{"href":"https:\/\/www.deberes.net\/tesis\/wp-json\/wp\/v2\/posts\/72987","targetHints":{"allow":["GET"]}}],"collection":[{"href":"https:\/\/www.deberes.net\/tesis\/wp-json\/wp\/v2\/posts"}],"about":[{"href":"https:\/\/www.deberes.net\/tesis\/wp-json\/wp\/v2\/types\/post"}],"author":[{"embeddable":true,"href":"https:\/\/www.deberes.net\/tesis\/wp-json\/wp\/v2\/users\/1"}],"replies":[{"embeddable":true,"href":"https:\/\/www.deberes.net\/tesis\/wp-json\/wp\/v2\/comments?post=72987"}],"version-history":[{"count":0,"href":"https:\/\/www.deberes.net\/tesis\/wp-json\/wp\/v2\/posts\/72987\/revisions"}],"wp:attachment":[{"href":"https:\/\/www.deberes.net\/tesis\/wp-json\/wp\/v2\/media?parent=72987"}],"wp:term":[{"taxonomy":"category","embeddable":true,"href":"https:\/\/www.deberes.net\/tesis\/wp-json\/wp\/v2\/categories?post=72987"},{"taxonomy":"post_tag","embeddable":true,"href":"https:\/\/www.deberes.net\/tesis\/wp-json\/wp\/v2\/tags?post=72987"}],"curies":[{"name":"wp","href":"https:\/\/api.w.org\/{rel}","templated":true}]}}