{"id":73005,"date":"2005-04-03T00:00:00","date_gmt":"2005-04-03T00:00:00","guid":{"rendered":"https:\/\/www.deberes.net\/tesis\/sin-categoria\/servicios-de-telecomunicaciones-y-regulacion-marco-institucional-de-las-telecomunicaciones-en-peru\/"},"modified":"2005-04-03T00:00:00","modified_gmt":"2005-04-03T00:00:00","slug":"servicios-de-telecomunicaciones-y-regulacion-marco-institucional-de-las-telecomunicaciones-en-peru","status":"publish","type":"post","link":"https:\/\/www.deberes.net\/tesis\/ciencias-juridicas-y-derecho\/servicios-de-telecomunicaciones-y-regulacion-marco-institucional-de-las-telecomunicaciones-en-peru\/","title":{"rendered":"Servicios de telecomunicaciones y regulaci\u00f3n. marco institucional de las telecomunicaciones en per\u00fa"},"content":{"rendered":"<h2>Tesis doctoral de <strong>  Zegarra Valdivia Diego Hernando <\/strong><\/h2>\n<p>La estructura b\u00e1sica del estudio se divide en tres secciones. La primera lo constituye el an\u00e1lisis del servicio p\u00fablico como categor\u00eda jur\u00eddica. aqu\u00ed se abord\u00e1n aspectos que van desde su configuraci\u00f3n hist\u00f3rica los diversos planteamientos doctrinales en torno al mismo y lo que dicha noci\u00f3n representa actualemente en los sistemas jur\u00eddicos franc\u00e9s, espa\u00f1ol comunitarioa y evidentemente el peruano.  la segunda parte se centra en el estudio jur\u00eddico de la tem\u00e1tica de la privatizaci\u00f3n la liberalizaci\u00f3n y la regulaci\u00f3n. Esto ha supuesto  adentarnos, adem\u00e1s en algunas cuestiones econ\u00f3micas para tener claridad al respecto de los temas mencionados. La parte final se dedica al an\u00e1lisis de la actividad de las telecomunicaciones en  el peru, lo que ha implicado el estudio de la reestructuraci\u00f3n del sector a trav\u00e9s de los procesos de privatizaci\u00f3n liberalizaci\u00f3n  implementaci\u00f3n de &#8230;&#8230;.<\/p>\n<p>&nbsp;<\/p>\n<h3>Datos acad\u00e9micos de la tesis doctoral \u00ab<strong>Servicios de telecomunicaciones y regulaci\u00f3n. marco institucional de las telecomunicaciones en per\u00fa<\/strong>\u00ab<\/h3>\n<ul>\n<li><strong>T\u00edtulo de la tesis:<\/strong>\u00a0 Servicios de telecomunicaciones y regulaci\u00f3n. marco institucional de las telecomunicaciones en per\u00fa <\/li>\n<li><strong>Autor:<\/strong>\u00a0  Zegarra Valdivia Diego Hernando <\/li>\n<li><strong>Universidad:<\/strong>\u00a0 Alicante<\/li>\n<li><strong>Fecha de lectura de la tesis:<\/strong>\u00a0 04\/03\/2005<\/li>\n<\/ul>\n<p>&nbsp;<\/p>\n<h3>Direcci\u00f3n y tribunal<\/h3>\n<ul>\n<li><strong>Director de la tesis<\/strong>\n<ul>\n<li>Juan  Jos\u00e9 D\u00edez S\u00e1nchez<\/li>\n<\/ul>\n<\/li>\n<li><strong>Tribunal<\/strong>\n<ul>\n<li>Presidente del tribunal: ramon Martin mateo <\/li>\n<li>Santiago Mu\u00f1oz machado (vocal)<\/li>\n<li>sorace Dom\u00e9nico (vocal)<\/li>\n<li> Enrique g\u00f3mez-reino y carnota (vocal)<\/li>\n<\/ul>\n<\/li>\n<\/ul>\n<p>&nbsp;<\/p>\n","protected":false},"excerpt":{"rendered":"<p>Tesis doctoral de Zegarra Valdivia Diego Hernando La estructura b\u00e1sica del estudio se divide en tres secciones. La primera lo [&hellip;]<\/p>\n","protected":false},"author":1,"featured_media":0,"comment_status":"open","ping_status":"open","sticky":false,"template":"","format":"standard","meta":{"site-sidebar-layout":"default","site-content-layout":"","ast-site-content-layout":"","site-content-style":"default","site-sidebar-style":"default","ast-global-header-display":"","ast-banner-title-visibility":"","ast-main-header-display":"","ast-hfb-above-header-display":"","ast-hfb-below-header-display":"","ast-hfb-mobile-header-display":"","site-post-title":"","ast-breadcrumbs-content":"","ast-featured-img":"","footer-sml-layout":"","theme-transparent-header-meta":"","adv-header-id-meta":"","stick-header-meta":"","header-above-stick-meta":"","header-main-stick-meta":"","header-below-stick-meta":"","astra-migrate-meta-layouts":"default","ast-page-background-enabled":"default","ast-page-background-meta":{"desktop":{"background-color":"var(--ast-global-color-4)","background-image":"","background-repeat":"repeat","background-position":"center center","background-size":"auto","background-attachment":"scroll","background-type":"","background-media":"","overlay-type":"","overlay-color":"","overlay-gradient":""},"tablet":{"background-color":"","background-image":"","background-repeat":"repeat","background-position":"center center","background-size":"auto","background-attachment":"scroll","background-type":"","background-media":"","overlay-type":"","overlay-color":"","overlay-gradient":""},"mobile":{"background-color":"","background-image":"","background-repeat":"repeat","background-position":"center center","background-size":"auto","background-attachment":"scroll","background-type":"","background-media":"","overlay-type":"","overlay-color":"","overlay-gradient":""}},"ast-content-background-meta":{"desktop":{"background-color":"var(--ast-global-color-5)","background-image":"","background-repeat":"repeat","background-position":"center center","background-size":"auto","background-attachment":"scroll","background-type":"","background-media":"","overlay-type":"","overlay-color":"","overlay-gradient":""},"tablet":{"background-color":"var(--ast-global-color-5)","background-image":"","background-repeat":"repeat","background-position":"center center","background-size":"auto","background-attachment":"scroll","background-type":"","background-media":"","overlay-type":"","overlay-color":"","overlay-gradient":""},"mobile":{"background-color":"var(--ast-global-color-5)","background-image":"","background-repeat":"repeat","background-position":"center center","background-size":"auto","background-attachment":"scroll","background-type":"","background-media":"","overlay-type":"","overlay-color":"","overlay-gradient":""}},"footnotes":""},"categories":[19166,612,1442,979],"tags":[158593,38629,18453,4898,158592,158591],"class_list":["post-73005","post","type-post","status-publish","format-standard","hentry","category-alicante","category-ciencias-juridicas-y-derecho","category-derecho-administrativo","category-derecho-y-legislacion-nacionales","tag-enrique-gomez-reino-y-carnota","tag-juan-jose-diez-sanchez","tag-ramon-martin-mateo","tag-santiago-munoz-machado","tag-sorace-domenico","tag-zegarra-valdivia-diego-hernando"],"_links":{"self":[{"href":"https:\/\/www.deberes.net\/tesis\/wp-json\/wp\/v2\/posts\/73005","targetHints":{"allow":["GET"]}}],"collection":[{"href":"https:\/\/www.deberes.net\/tesis\/wp-json\/wp\/v2\/posts"}],"about":[{"href":"https:\/\/www.deberes.net\/tesis\/wp-json\/wp\/v2\/types\/post"}],"author":[{"embeddable":true,"href":"https:\/\/www.deberes.net\/tesis\/wp-json\/wp\/v2\/users\/1"}],"replies":[{"embeddable":true,"href":"https:\/\/www.deberes.net\/tesis\/wp-json\/wp\/v2\/comments?post=73005"}],"version-history":[{"count":0,"href":"https:\/\/www.deberes.net\/tesis\/wp-json\/wp\/v2\/posts\/73005\/revisions"}],"wp:attachment":[{"href":"https:\/\/www.deberes.net\/tesis\/wp-json\/wp\/v2\/media?parent=73005"}],"wp:term":[{"taxonomy":"category","embeddable":true,"href":"https:\/\/www.deberes.net\/tesis\/wp-json\/wp\/v2\/categories?post=73005"},{"taxonomy":"post_tag","embeddable":true,"href":"https:\/\/www.deberes.net\/tesis\/wp-json\/wp\/v2\/tags?post=73005"}],"curies":[{"name":"wp","href":"https:\/\/api.w.org\/{rel}","templated":true}]}}