{"id":73025,"date":"2005-04-03T00:00:00","date_gmt":"2005-04-03T00:00:00","guid":{"rendered":"https:\/\/www.deberes.net\/tesis\/sin-categoria\/el-valor-pedagogico-de-la-danza\/"},"modified":"2005-04-03T00:00:00","modified_gmt":"2005-04-03T00:00:00","slug":"el-valor-pedagogico-de-la-danza","status":"publish","type":"post","link":"https:\/\/www.deberes.net\/tesis\/ciencias-de-las-artes-y-las-letras\/el-valor-pedagogico-de-la-danza\/","title":{"rendered":"El valor pedagogico de la danza"},"content":{"rendered":"<h2>Tesis doctoral de <strong>  Fuentes Serrano Angel Luis <\/strong><\/h2>\n<p>Esta tesis estudia y analiza la danza con el objetivo de fundamentar su validez pedag\u00f3gica. Desde el paradigma cualitativo y a trav\u00e9s de la hermen\u00e9utica, se parte del an\u00e1lisis de la educaci\u00f3n actual, de sus premisas, sus diferentes planteamientos y sus posibles procedimientos, en busca de unos fines generales identificados como de humanizaci\u00f3n, socializaci\u00f3n y culturizaci\u00f3n del individuo. en la segunda parte se estudia la danza como una actividad natural del ser humano desde sus dos componentes, el motriz y el expresivo. Se tiene en cuenta la consideraci\u00f3n que la daza ha tenido en el pensamiento pedag\u00f3gico a lo largo del discurrir hist\u00f3rico para finalizar reflexionando sobre el valor pedag\u00f3gico que ofrece \u00e9sta y que queda argumentado por las posibilidades de influir en el desarrollo f\u00edsico, en el desarrollo perceptivo-motor, en los procesos de conocimiento, reflexi\u00f3n y respuesta creativa, as\u00ed como en los procesos de socializaci\u00f3n y culturizaci\u00f3n, siendo especialmente significantes las posibilidades que ofrece como forma de mejorar las capacidades expresivas y comunicativas, as\u00ed como de fomentar del sentir art\u00edstico en la propia creaci\u00f3n y en la apreciaci\u00f3n de formas art\u00edsticas ajenas.<\/p>\n<p>&nbsp;<\/p>\n<h3>Datos acad\u00e9micos de la tesis doctoral \u00ab<strong>El valor pedagogico de la danza<\/strong>\u00ab<\/h3>\n<ul>\n<li><strong>T\u00edtulo de la tesis:<\/strong>\u00a0 El valor pedagogico de la danza <\/li>\n<li><strong>Autor:<\/strong>\u00a0  Fuentes Serrano Angel Luis <\/li>\n<li><strong>Universidad:<\/strong>\u00a0 Universitat de val\u00e9ncia (estudi general)<\/li>\n<li><strong>Fecha de lectura de la tesis:<\/strong>\u00a0 04\/03\/2005<\/li>\n<\/ul>\n<p>&nbsp;<\/p>\n<h3>Direcci\u00f3n y tribunal<\/h3>\n<ul>\n<li><strong>Director de la tesis<\/strong>\n<ul>\n<li>Santiago Coca Fern\u00e1ndez<\/li>\n<\/ul>\n<\/li>\n<li><strong>Tribunal<\/strong>\n<ul>\n<li>Presidente del tribunal: gonzalo Cuadrado saez <\/li>\n<li>Luis Solar cubillas (vocal)<\/li>\n<li>\u00e1ngel Manuel Gonz\u00e1lez su\u00e1rez (vocal)<\/li>\n<li>Juan Benavent mahiques (vocal)<\/li>\n<\/ul>\n<\/li>\n<\/ul>\n<p>&nbsp;<\/p>\n","protected":false},"excerpt":{"rendered":"<p>Tesis doctoral de Fuentes Serrano Angel Luis Esta tesis estudia y analiza la danza con el objetivo de fundamentar su [&hellip;]<\/p>\n","protected":false},"author":1,"featured_media":0,"comment_status":"open","ping_status":"open","sticky":false,"template":"","format":"standard","meta":{"site-sidebar-layout":"default","site-content-layout":"","ast-site-content-layout":"","site-content-style":"default","site-sidebar-style":"default","ast-global-header-display":"","ast-banner-title-visibility":"","ast-main-header-display":"","ast-hfb-above-header-display":"","ast-hfb-below-header-display":"","ast-hfb-mobile-header-display":"","site-post-title":"","ast-breadcrumbs-content":"","ast-featured-img":"","footer-sml-layout":"","theme-transparent-header-meta":"","adv-header-id-meta":"","stick-header-meta":"","header-above-stick-meta":"","header-main-stick-meta":"","header-below-stick-meta":"","astra-migrate-meta-layouts":"default","ast-page-background-enabled":"default","ast-page-background-meta":{"desktop":{"background-color":"var(--ast-global-color-4)","background-image":"","background-repeat":"repeat","background-position":"center center","background-size":"auto","background-attachment":"scroll","background-type":"","background-media":"","overlay-type":"","overlay-color":"","overlay-gradient":""},"tablet":{"background-color":"","background-image":"","background-repeat":"repeat","background-position":"center center","background-size":"auto","background-attachment":"scroll","background-type":"","background-media":"","overlay-type":"","overlay-color":"","overlay-gradient":""},"mobile":{"background-color":"","background-image":"","background-repeat":"repeat","background-position":"center center","background-size":"auto","background-attachment":"scroll","background-type":"","background-media":"","overlay-type":"","overlay-color":"","overlay-gradient":""}},"ast-content-background-meta":{"desktop":{"background-color":"var(--ast-global-color-5)","background-image":"","background-repeat":"repeat","background-position":"center center","background-size":"auto","background-attachment":"scroll","background-type":"","background-media":"","overlay-type":"","overlay-color":"","overlay-gradient":""},"tablet":{"background-color":"var(--ast-global-color-5)","background-image":"","background-repeat":"repeat","background-position":"center center","background-size":"auto","background-attachment":"scroll","background-type":"","background-media":"","overlay-type":"","overlay-color":"","overlay-gradient":""},"mobile":{"background-color":"var(--ast-global-color-5)","background-image":"","background-repeat":"repeat","background-position":"center center","background-size":"auto","background-attachment":"scroll","background-type":"","background-media":"","overlay-type":"","overlay-color":"","overlay-gradient":""}},"footnotes":""},"categories":[147,14281,1141,2330,1111,1341],"tags":[54882,158624,38546,158625,51510,30642],"class_list":["post-73025","post","type-post","status-publish","format-standard","hentry","category-ciencias-de-las-artes-y-las-letras","category-danza-y-coreografia","category-pedagogia","category-pedagogia-experimental","category-teoria-analisis-y-critica-de-las-bellas-artes","category-teoria-y-metodos-educativos","tag-angel-manuel-gonzalez-suarez","tag-fuentes-serrano-angel-luis","tag-gonzalo-cuadrado-saez","tag-juan-benavent-mahiques","tag-luis-solar-cubillas","tag-santiago-coca-fernandez"],"_links":{"self":[{"href":"https:\/\/www.deberes.net\/tesis\/wp-json\/wp\/v2\/posts\/73025","targetHints":{"allow":["GET"]}}],"collection":[{"href":"https:\/\/www.deberes.net\/tesis\/wp-json\/wp\/v2\/posts"}],"about":[{"href":"https:\/\/www.deberes.net\/tesis\/wp-json\/wp\/v2\/types\/post"}],"author":[{"embeddable":true,"href":"https:\/\/www.deberes.net\/tesis\/wp-json\/wp\/v2\/users\/1"}],"replies":[{"embeddable":true,"href":"https:\/\/www.deberes.net\/tesis\/wp-json\/wp\/v2\/comments?post=73025"}],"version-history":[{"count":0,"href":"https:\/\/www.deberes.net\/tesis\/wp-json\/wp\/v2\/posts\/73025\/revisions"}],"wp:attachment":[{"href":"https:\/\/www.deberes.net\/tesis\/wp-json\/wp\/v2\/media?parent=73025"}],"wp:term":[{"taxonomy":"category","embeddable":true,"href":"https:\/\/www.deberes.net\/tesis\/wp-json\/wp\/v2\/categories?post=73025"},{"taxonomy":"post_tag","embeddable":true,"href":"https:\/\/www.deberes.net\/tesis\/wp-json\/wp\/v2\/tags?post=73025"}],"curies":[{"name":"wp","href":"https:\/\/api.w.org\/{rel}","templated":true}]}}